{"id":378860,"date":"2025-09-09T23:08:14","date_gmt":"2025-09-09T23:08:14","guid":{"rendered":"https:\/\/www.europesays.com\/fr\/378860\/"},"modified":"2025-09-09T23:08:14","modified_gmt":"2025-09-09T23:08:14","slug":"bloquons-tout-des-gilets-jaunes-se-mobilisent-a-nouveau","status":"publish","type":"post","link":"https:\/\/www.europesays.com\/fr\/378860\/","title":{"rendered":"\u00abBloquons tout\u00bb: des \u00abGilets jaunes\u00bb se mobilisent \u00e0 nouveau"},"content":{"rendered":"<p><a class=\"m-item-image m-item-image--1x1 o-podcast-header__image\" href=\"https:\/\/www.rfi.fr\/fr\/podcasts\/reportage-france\/\" title=\"Reportage France\" data-article-item-link=\"\" aria-hidden=\"true\" tabindex=\"-1\" target=\"_blank\" rel=\"noopener\"><\/p>\n<p><img decoding=\"async\" fetchpriority=\"high\" src=\"https:\/\/www.europesays.com\/fr\/wp-content\/uploads\/2025\/05\/carre-3000-reportage-france.jpg\"   width=\"480\" height=\"480\" alt=\"Image carr\u00e9e\" loading=\"eager\" class=\"a-img \"\/><br \/>\n                                <\/a>                <\/p>\n<p class=\"t-content__chapo\">\n                                                Une premi\u00e8re journ\u00e9e sous haute tension pour le nouveau Premier ministre fran\u00e7ais S\u00e9bastien Lecornu nomm\u00e9 mardi soir. Car c&rsquo;est une journ\u00e9e de mobilisation partout en France ce mercredi. \u00ab\u00a0Bloquons tout\u00a0\u00bb, c&rsquo;est le nom de ce mouvement multiforme qui s&rsquo;est structur\u00e9 en dehors des partis politiques et des syndicats\u00a0: il est n\u00e9 de mani\u00e8re spontan\u00e9e sur les r\u00e9seaux sociaux. Point commun chez les personnes mobilis\u00e9es\u00a0: une forte col\u00e8re sociale. Des gr\u00e8ves, blocages et manifestations sont attendus partout dans le pays. Et parmi les protestataires, on retrouve des \u00ab\u00a0Gilets jaunes\u00a0\u00bb, du nom de cette mobilisation citoyenne lanc\u00e9e en\u00a02018 et qui s&rsquo;est ensuite essouffl\u00e9e. Cette nouvelle sociale leur redonne l&rsquo;espoir de changements profonds. Certains s&rsquo;organisaient d\u00e8s hier soir. Reportage \u00e0 Saint-Brice-Sous-For\u00eat, au nord de Paris.                    <\/p>\n<p><img decoding=\"async\" fetchpriority=\"low\" src=\"https:\/\/www.europesays.com\/fr\/wp-content\/uploads\/2025\/09\/ric_0.jpg\"   width=\"1024\" height=\"576\" alt=\"Un gilet jaune tient un carton portant l'inscription \u00abr\u00e9f\u00e9rendum d\u2019initiative citoyenne  - RIC\u00bb lors d'une manifestation contre la hausse du co\u00fbt de la vie, devant l'Op\u00e9ra de Paris, le 15 d\u00e9cembre 2018. \" loading=\"eager\" class=\"a-img \"\/><\/p>\n<p>                Un gilet jaune tient un carton portant l&rsquo;inscription \u00abr\u00e9f\u00e9rendum d\u2019initiative citoyenne  &#8211; RIC\u00bb lors d&rsquo;une manifestation contre la hausse du co\u00fbt de la vie, devant l&rsquo;Op\u00e9ra de Paris, le 15 d\u00e9cembre 2018.                 Geoffroy VAN DER HASSELT \/ AFP            <\/p>\n","protected":false},"excerpt":{"rendered":"Une premi\u00e8re journ\u00e9e sous haute tension pour le nouveau Premier ministre fran\u00e7ais S\u00e9bastien Lecornu nomm\u00e9 mardi soir. Car&hellip;\n","protected":false},"author":2,"featured_media":378861,"comment_status":"","ping_status":"","sticky":false,"template":"","format":"standard","meta":{"footnotes":""},"categories":[4],"tags":[11,1011,27,12,13811,51226,5920,25,104],"class_list":{"0":"post-378860","1":"post","2":"type-post","3":"status-publish","4":"format-standard","5":"has-post-thumbnail","7":"category-france","8":"tag-actualites","9":"tag-fr","10":"tag-france","11":"tag-news","12":"tag-politique-francaise","13":"tag-questions-sociales","14":"tag-reportage-france","15":"tag-republique-francaise","16":"tag-societe"},"share_on_mastodon":{"url":"https:\/\/pubeurope.com\/@fr\/115176859596565524","error":""},"_links":{"self":[{"href":"https:\/\/www.europesays.com\/fr\/wp-json\/wp\/v2\/posts\/378860","targetHints":{"allow":["GET"]}}],"collection":[{"href":"https:\/\/www.europesays.com\/fr\/wp-json\/wp\/v2\/posts"}],"about":[{"href":"https:\/\/www.europesays.com\/fr\/wp-json\/wp\/v2\/types\/post"}],"author":[{"embeddable":true,"href":"https:\/\/www.europesays.com\/fr\/wp-json\/wp\/v2\/users\/2"}],"replies":[{"embeddable":true,"href":"https:\/\/www.europesays.com\/fr\/wp-json\/wp\/v2\/comments?post=378860"}],"version-history":[{"count":0,"href":"https:\/\/www.europesays.com\/fr\/wp-json\/wp\/v2\/posts\/378860\/revisions"}],"wp:featuredmedia":[{"embeddable":true,"href":"https:\/\/www.europesays.com\/fr\/wp-json\/wp\/v2\/media\/378861"}],"wp:attachment":[{"href":"https:\/\/www.europesays.com\/fr\/wp-json\/wp\/v2\/media?parent=378860"}],"wp:term":[{"taxonomy":"category","embeddable":true,"href":"https:\/\/www.europesays.com\/fr\/wp-json\/wp\/v2\/categories?post=378860"},{"taxonomy":"post_tag","embeddable":true,"href":"https:\/\/www.europesays.com\/fr\/wp-json\/wp\/v2\/tags?post=378860"}],"curies":[{"name":"wp","href":"https:\/\/api.w.org\/{rel}","templated":true}]}}