{"id":378864,"date":"2025-09-09T23:11:11","date_gmt":"2025-09-09T23:11:11","guid":{"rendered":"https:\/\/www.europesays.com\/fr\/378864\/"},"modified":"2025-09-09T23:11:11","modified_gmt":"2025-09-09T23:11:11","slug":"le-rc-vannes-a-battu-un-record-daffluence","status":"publish","type":"post","link":"https:\/\/www.europesays.com\/fr\/378864\/","title":{"rendered":"Le RC Vannes a battu un record d\u2019affluence !"},"content":{"rendered":"<p>Vendredi soir, le RC Vannes accueillait Soyaux-Angoul\u00eame au Stade de la Rabine dans le cadre de la deuxi\u00e8me journ\u00e9e de Pro D2.<\/p>\n<p>Lors de cette rencontre, le club Breton a battu le record d\u2019affluence du Stade de la Rabine.<\/p>\n<p>En effet, 12 422 supporters \u00e9taient pr\u00e9sents dans les gradins du stade pour assister \u00e0 la large victoire Vannetaise.<\/p>\n<p>Pour rappel, le stade de Vannes s\u2019est agrandi cet \u00e9t\u00e9 permettant \u00e0 davantage de supporters d\u2019assister aux rencontres du RCV.<\/p>\n<p>Il s\u2019agit d\u2019une affluence XXL pour la Pro D2.<\/p>\n","protected":false},"excerpt":{"rendered":"Vendredi soir, le RC Vannes accueillait Soyaux-Angoul\u00eame au Stade de la Rabine dans le cadre de la deuxi\u00e8me&hellip;\n","protected":false},"author":2,"featured_media":236449,"comment_status":"","ping_status":"","sticky":false,"template":"","format":"standard","meta":{"footnotes":""},"categories":[1416],"tags":[1011,27,479,1468,60],"class_list":{"0":"post-378864","1":"post","2":"type-post","3":"status-publish","4":"format-standard","5":"has-post-thumbnail","7":"category-rugby","8":"tag-fr","9":"tag-france","10":"tag-rugby","11":"tag-rugby-football","12":"tag-sports"},"share_on_mastodon":{"url":"https:\/\/pubeurope.com\/@fr\/115176871315525619","error":""},"_links":{"self":[{"href":"https:\/\/www.europesays.com\/fr\/wp-json\/wp\/v2\/posts\/378864","targetHints":{"allow":["GET"]}}],"collection":[{"href":"https:\/\/www.europesays.com\/fr\/wp-json\/wp\/v2\/posts"}],"about":[{"href":"https:\/\/www.europesays.com\/fr\/wp-json\/wp\/v2\/types\/post"}],"author":[{"embeddable":true,"href":"https:\/\/www.europesays.com\/fr\/wp-json\/wp\/v2\/users\/2"}],"replies":[{"embeddable":true,"href":"https:\/\/www.europesays.com\/fr\/wp-json\/wp\/v2\/comments?post=378864"}],"version-history":[{"count":0,"href":"https:\/\/www.europesays.com\/fr\/wp-json\/wp\/v2\/posts\/378864\/revisions"}],"wp:featuredmedia":[{"embeddable":true,"href":"https:\/\/www.europesays.com\/fr\/wp-json\/wp\/v2\/media\/236449"}],"wp:attachment":[{"href":"https:\/\/www.europesays.com\/fr\/wp-json\/wp\/v2\/media?parent=378864"}],"wp:term":[{"taxonomy":"category","embeddable":true,"href":"https:\/\/www.europesays.com\/fr\/wp-json\/wp\/v2\/categories?post=378864"},{"taxonomy":"post_tag","embeddable":true,"href":"https:\/\/www.europesays.com\/fr\/wp-json\/wp\/v2\/tags?post=378864"}],"curies":[{"name":"wp","href":"https:\/\/api.w.org\/{rel}","templated":true}]}}