{"id":378869,"date":"2025-09-09T23:15:10","date_gmt":"2025-09-09T23:15:10","guid":{"rendered":"https:\/\/www.europesays.com\/fr\/378869\/"},"modified":"2025-09-09T23:15:10","modified_gmt":"2025-09-09T23:15:10","slug":"la-norvege-dhaaland-ecrase-la-moldavie-le-portugal-simpose-dans-la-douleur-et-langleterre-confirme","status":"publish","type":"post","link":"https:\/\/www.europesays.com\/fr\/378869\/","title":{"rendered":"la Norv\u00e8ge d\u2019Haaland \u00e9crase la Moldavie, le Portugal s\u2019impose dans la douleur et l\u2019Angleterre confirme"},"content":{"rendered":"<p>Dans le cadre des qualifications pour la Coupe du monde 2026, les favoris ont fait le boulot et le show \u00e0 l\u2019instar de la Norv\u00e8ge d\u2019Erling Haaland auteur d\u2019un quintupl\u00e9.<\/p>\n<p class=\"fig-paragraph\">Gr\u00e2ce \u00e0 leurs succ\u00e8s, l\u2019Angleterre d\u2019Harry Kane,\u00a0<a href=\"https:\/\/www.lefigaro.fr\/sports\/football\/coupe-du-monde\/en-direct-coupe-du-monde-2026-portugal-de-ronaldo-norvege-d-haaland-angleterre-suivez-les-eliminatoires-20250909\" target=\"_blank\" data-fig-type=\"Live\" rel=\"noopener\" data-gtm-custom-categorie=\"navigation\" data-gtm-custom-action=\"crossclick\" data-gtm-custom-label=\"Contextuel\" data-gtm-event=\"customEventSPE\" data-fig-domain=\"LEFIGARO\">la Norv\u00e8ge d\u2019Erling Haaland<\/a>\u00a0et le Portugal de Cristiano Ronaldo ont fait, ce mardi soir, un grand pas vers les \u00c9tats-Unis et la Coupe du monde 2026.<\/p>\n<p>Un quintupl\u00e9 d\u2019Haaland ponctue le show norv\u00e9gien<\/p>\n<p class=\"fig-paragraph\">Les co\u00e9quipiers d\u2019Erling Haaland ont \u00e9t\u00e9 sans piti\u00e9s face \u00e0 la Moldavie. Dans leur antre d\u2019Oslo, les Scandinaves se sont impos\u00e9s (11-1) gr\u00e2ce \u00e0 un quintupl\u00e9 de l\u2019attaquant de Manchester City. Le buteur norv\u00e9gien tourne d\u00e9sormais \u00e0 plus d\u2019un but par match sous les couleurs de son \u00e9quipe nationale. 48 pions en 45 matchs. Extraterrestre.<\/p>\n<p>                                    <a class=\"fig-a11y-skip a11y-hidden\" href=\"#fig-a11y-skip-main-inarticle\"><br \/>\n        Passer la publicit\u00e9<br \/>\n    <\/a><\/p>\n<p class=\"fig-paragraph\">Il aurait m\u00eame pu signer un sextupl\u00e9 s\u2019il avait tir\u00e9 le penalty obtenu \u00e0 la 79e, mais c\u2019est finalement Thelo Aasgaard (entr\u00e9 \u00e0 la 64e) qui s\u2019en est charg\u00e9 avant de terminer le show de son \u00e9quipe par un quadrupl\u00e9 (90+1). Avec ce succ\u00e8s, la Norv\u00e8ge prend le large sur l\u2019Italie dans le groupe I (15 points contre 9 points) qui compte un match de retard.<\/p>\n<p>Le Portugal s\u2019en sort \u00e0 Budapest<\/p>\n<p class=\"fig-paragraph\">La Sele\u00e7ao a arrach\u00e9 une victoire primordiale face \u00e0 la Hongrie. Men\u00e9s au score en premi\u00e8re mi-temps (Varga, 21e), les partenaires de\u00a0<a href=\"http:\/\/www.lefigaro.fr\/sports\/football\/coupe-du-monde\/coupe-du-monde-2026-ronaldo-et-felix-voient-double-le-portugal-se-regale-face-a-l-armenie-20250906\" target=\"_blank\" data-fig-type=\"NewsFlash\" rel=\"sponsored noopener\" data-gtm-custom-categorie=\"navigation\" data-gtm-custom-action=\"crossclick\" data-gtm-custom-label=\"Contextuel\" data-gtm-event=\"customEventSPE\" data-fig-domain=\"LEFIGARO\">Cristiano Ronaldo<\/a>\u00a0ont recoll\u00e9 par l\u2019interm\u00e9diaire de Silva (36e) avant de prendre les devants sur penalty (Ronaldo, 58e). Mais les Hongrois, port\u00e9s par leur public, ont r\u00e9ussi \u00e0 \u00e9galiser en fin de match gr\u00e2ce \u00e0 un doubl\u00e9 de Varga (84e)&#8230; Moins de deux minutes plus tard, Cancelo intercepte un ballon dans les 22 derniers m\u00e8tres hongrois, et trompe Toth (86e) pour offrir les trois points au Portugal (2-3).<\/p>\n<p class=\"fig-paragraph\">Au classement, les joueurs de Roberto Martinez prennent les commandes (6 points) du groupe F devant l\u2019Arm\u00e9nie (3 points).<\/p>\n<p>L\u2019Angleterre sans trembler contre la Serbie<\/p>\n<p class=\"fig-paragraph\">Les Three Lions ont dompt\u00e9 la Serbie (0-5) au stade Rajko Mitic \u00e0 Belgrade, alors qu\u2019elle n\u2019avait plus perdu depuis 2012 (9 victoires et 4 nuls) \u00e0 domicile en qualifications. Apr\u00e8s la demi-heure de jeu,\u00a0<a href=\"http:\/\/www.lefigaro.fr\/sports\/football\/allemagne\/bundesliga-olise-et-kane-s-amusent-le-bayern-etrille-leipzig-en-ouverture-de-la-saison-video-20250823\" target=\"_blank\" data-fig-type=\"NewsFlash\" rel=\"sponsored noopener\" data-gtm-custom-categorie=\"navigation\" data-gtm-custom-action=\"crossclick\" data-gtm-custom-label=\"Contextuel\" data-gtm-event=\"customEventSPE\" data-fig-domain=\"LEFIGARO\">Harry Kane<\/a>\u00a0a permis aux Anglais de d\u00e9verrouiller le verrou serbe gr\u00e2ce \u00e0 une t\u00eate sur corner (33e).<\/p>\n<p class=\"fig-paragraph\">Les hommes de Thomas Tuchel ont ensuite d\u00e9roul\u00e9 par l\u2019interm\u00e9diaire de Madueke suite \u00e0 un beau mouvement collectif (36e), jusqu\u2019\u00e0 conclure la soir\u00e9e par un cinqui\u00e8me but, avec\u00a0<a href=\"http:\/\/www.lefigaro.fr\/sports\/football\/espagne\/liga-joan-garcia-et-marcus-rashford-enfin-inscrits-officiellement-avec-le-barca-20250816\" target=\"_blank\" data-fig-type=\"NewsFlash\" rel=\"sponsored noopener\" data-gtm-custom-categorie=\"navigation\" data-gtm-custom-action=\"crossclick\" data-gtm-custom-label=\"Contextuel\" data-gtm-event=\"customEventSPE\" data-fig-domain=\"LEFIGARO\">Rashford<\/a>\u00a0sur penalty (90e). L\u2019Angleterre signe donc un cinqui\u00e8me succ\u00e8s d\u2019affil\u00e9e dans ces qualifications et est \u00e0 seulement une victoire d\u2019assurer la premi\u00e8re place de la poule K.<\/p>\n<p>                                    <a class=\"fig-a11y-skip a11y-hidden\" href=\"#fig-a11y-skip-main-inarticle_mtf\"><br \/>\n        Passer la publicit\u00e9<br \/>\n    <\/a><\/p>\n<p>L\u2019Autriche fait un grand coup en Bosnie<\/p>\n<p class=\"fig-paragraph\">Les Autrichiens ont fait la bonne op\u00e9ration du soir. Dans une rencontre sous tension, les partenaires de David Alaba ont pris le dessus sur la Bosnie (1-2) suite aux r\u00e9alisations de Sabitzer (49e) et de Laimer (65e). Malgr\u00e9 le carton rouge de Wimmer (90e) et le but d\u2019Edin Dzeko (50e), les Bosniens conc\u00e8dent une d\u00e9faite f\u00e2cheuse qui permet \u00e0 l\u2019Autriche de recoller en t\u00eate du groupe H (12 points pour les 2 \u00e9quipes). Petite subtilit\u00e9, la Bosnie a jou\u00e9 un match de plus que son adversaire du soir.<\/p>\n<p class=\"fig-paragraph\">Dans les deux autres rencontres, l\u2019Albanie s\u2019est impos\u00e9e (1-0) contre la Lettonie gr\u00e2ce \u00e0 un penalty d\u2019Asllani (25e). Chypre a arrach\u00e9 le match nul face \u00e0 la Roumanie (2-2), malgr\u00e9 un doubl\u00e9 de Denis Dragus c\u00f4t\u00e9 roumain.<\/p>\n","protected":false},"excerpt":{"rendered":"Dans le cadre des qualifications pour la Coupe du monde 2026, les favoris ont fait le boulot et&hellip;\n","protected":false},"author":2,"featured_media":378870,"comment_status":"","ping_status":"","sticky":false,"template":"","format":"standard","meta":{"footnotes":""},"categories":[1412],"tags":[18833,13282,25115,1451,1452,1453,1454,1455,1011,27,6996,60],"class_list":{"0":"post-378869","1":"post","2":"type-post","3":"status-publish","4":"format-standard","5":"has-post-thumbnail","7":"category-f1","8":"tag-coupe-du-monde-2026","9":"tag-cristiano-ronaldo","10":"tag-erling-haaland","11":"tag-f1","12":"tag-formula-1","13":"tag-formula1","14":"tag-formule-1","15":"tag-formule1","16":"tag-fr","17":"tag-france","18":"tag-portugal","19":"tag-sports"},"share_on_mastodon":{"url":"https:\/\/pubeurope.com\/@fr\/115176886952075586","error":""},"_links":{"self":[{"href":"https:\/\/www.europesays.com\/fr\/wp-json\/wp\/v2\/posts\/378869","targetHints":{"allow":["GET"]}}],"collection":[{"href":"https:\/\/www.europesays.com\/fr\/wp-json\/wp\/v2\/posts"}],"about":[{"href":"https:\/\/www.europesays.com\/fr\/wp-json\/wp\/v2\/types\/post"}],"author":[{"embeddable":true,"href":"https:\/\/www.europesays.com\/fr\/wp-json\/wp\/v2\/users\/2"}],"replies":[{"embeddable":true,"href":"https:\/\/www.europesays.com\/fr\/wp-json\/wp\/v2\/comments?post=378869"}],"version-history":[{"count":0,"href":"https:\/\/www.europesays.com\/fr\/wp-json\/wp\/v2\/posts\/378869\/revisions"}],"wp:featuredmedia":[{"embeddable":true,"href":"https:\/\/www.europesays.com\/fr\/wp-json\/wp\/v2\/media\/378870"}],"wp:attachment":[{"href":"https:\/\/www.europesays.com\/fr\/wp-json\/wp\/v2\/media?parent=378869"}],"wp:term":[{"taxonomy":"category","embeddable":true,"href":"https:\/\/www.europesays.com\/fr\/wp-json\/wp\/v2\/categories?post=378869"},{"taxonomy":"post_tag","embeddable":true,"href":"https:\/\/www.europesays.com\/fr\/wp-json\/wp\/v2\/tags?post=378869"}],"curies":[{"name":"wp","href":"https:\/\/api.w.org\/{rel}","templated":true}]}}