{"id":378871,"date":"2025-09-09T23:16:09","date_gmt":"2025-09-09T23:16:09","guid":{"rendered":"https:\/\/www.europesays.com\/fr\/378871\/"},"modified":"2025-09-09T23:16:09","modified_gmt":"2025-09-09T23:16:09","slug":"vuelta-tour-despagne-clement-braz-afonso-cette-crevaison-beaucoup-de-deception","status":"publish","type":"post","link":"https:\/\/www.europesays.com\/fr\/378871\/","title":{"rendered":"Vuelta. Tour d&rsquo;Espagne &#8211; Cl\u00e9ment Braz Afonso : \u00abCette crevaison&#8230; beaucoup de d\u00e9ception\u00bb"},"content":{"rendered":"<p>Si le r\u00e9sultat d&rsquo;ensemble est superbe avec trois coureurs dans les 10 et un nouveau podium,\u00a0l&rsquo;\u00e9quipe <strong>Groupama-FDJ<\/strong>\u00a0peut malgr\u00e9 tout ressortir tr\u00e8s frustr\u00e9e apr\u00e8s tutoy\u00e9 la victoire ce mardi\u00a0<strong>La Vuelta 2025<\/strong>. En surnombre avec\u00a0<strong>Cl\u00e9ment Braz Afonso,\u00a0<\/strong><strong>Rudy Molard<\/strong> et <strong>Brieuc Rolland<\/strong> dans l&rsquo;\u00e9chapp\u00e9e qui a re\u00e7u la b\u00e9n\u00e9diction du peloton pour se jouer la gagne sur cette 16e \u00e9tape, les hommes en bleu ont tout bien fait dans le final et semblait bien partis pour imiter <strong>David Gaudu<\/strong> (vainqueur de la 3e \u00e9tape). Jusqu&rsquo;\u00e0 cette maudite crevaison survenue au pire moment pour\u00a0<strong>Braz Afonso<\/strong>, alors qu&rsquo;il avait r\u00e9ussi \u00e0 accompagner <strong>Egan Bernal<\/strong> et <strong>Mikel Landa<\/strong> (excusez du peu) dans l&rsquo;Alto de Prado, devenue la derni\u00e8re difficult\u00e9 du jour suite \u00e0 la d\u00e9cision des organisateurs de d\u00e9placer la ligne d&rsquo;arriv\u00e9e \u00e0 8 km, en raison des manifestations ayant lieu dans l&rsquo;ultime mont\u00e9e. Un coup du sort qui a priv\u00e9 le coureur de 25 ans d&rsquo;une tr\u00e8s belle opportunit\u00e9 de d\u00e9crocher son premier succ\u00e8s en carri\u00e8re.\u00a0<\/p>\n<p>Vid\u00e9o &#8211; Cl\u00e9ment Braz Afonso jouait la gagne avant sa crevaison Lire la suite de l&rsquo;article&#13;<\/p>\n<p>\u00a0<\/p>\n<p>&#13;<\/p>\n<p><strong>Cl\u00e9ment Braz Afonso <\/strong>est revenu sur le d\u00e9roul\u00e9 de cette journ\u00e9e tr\u00e8s sp\u00e9ciale dans le long compte-rendu publi\u00e9 par son \u00e9quipe dans la soir\u00e9e. \u00ab\u00a0Je voulais vraiment \u00eatre devant aujourd\u2019hui.\u00a0Je pense vraiment que j\u2019avais les jambes dimanche, et je m\u2019en \u00e9tais voulu d\u2019avoir \u00e9t\u00e9 mal plac\u00e9 et de ne pas avoir accroch\u00e9 le groupe qui s\u2019est jou\u00e9 la victoire. J\u2019ai rumin\u00e9 \u00e7a pendant deux jours et j\u2019avais envie d\u00e8s aujourd\u2019hui de concr\u00e9tiser les bonnes jambes du moment. Le but \u00e9tait d\u2019\u00eatre dans l\u2019\u00e9chapp\u00e9e, et on l\u2019a merveilleusement fait avec Rudy, notre papa et ma\u00eetre, et nous les rookies. On a vite compris que cette \u00e9chapp\u00e9e irait loin.\u00a0Quand \u00e7a s\u2019est d\u00e9cant\u00e9, je me suis souvenu de ce que m\u2019avaient dit les DS il y a quelque temps. La premi\u00e8re attaque dans un grand groupe va g\u00e9n\u00e9ralement loin, alors quand j\u2019ai vu Landa et Bernal y aller, j\u2019y suis all\u00e9 aussi\u00a0\u00bb, a-t-il expliqu\u00e9 concernant le bon coup qui s&rsquo;est constitu\u00e9 \u00e0 plus de 50 km de l&rsquo;arriv\u00e9e.<\/p>\n<p>&#13;<\/p>\n<p>Avec le retour de <strong>Rolland<\/strong> et de <strong>Nico Denz<\/strong>, cinq hommes ont donc pris les devants et n&rsquo;ont jamais \u00e9t\u00e9 repris par le reste de l&rsquo;\u00e9chapp\u00e9e apr\u00e8s un beau bras de fer. Si son co\u00e9quipier a l\u00e9g\u00e8rement craqu\u00e9 dans le final, \u00ab\u00a0CBA\u00a0\u00bb semblait lui voler et s&rsquo;est accroch\u00e9. \u00ab\u00a0J\u2019avais des bonnes jambes et j\u2019ai r\u00e9ussi \u00e0 suivre Landa et Bernal.\u00a0C\u2019est incroyable de me retrouver avec ces gars-l\u00e0, qui sont pour moi des champions. J\u2019ai compris que j\u2019\u00e9tais dans une grande journ\u00e9e.\u00a0Tout se passait bien pour moi.\u00a0Brieuc \u00e9tait en train de rentrer, donc j\u2019\u00e9tais dans les roues, je me faisais tracter. Je me suis dit que c\u2019\u00e9tait peut-\u00eatre ma journ\u00e9e, qu\u2019il y avait une belle opportunit\u00e9. J\u2019y croyais vraiment. Et puis, il y a cette crevaison&#8230;\u00a0J\u2019ai senti ma roue se d\u00e9gonfler petit \u00e0 petit, je sentais que \u00e7a flottait un peu \u00e0 l\u2019arri\u00e8re puis j\u2019ai compris que j\u2019avais compl\u00e8tement crev\u00e9.\u00a0J\u2019\u00e9tais \u00e0 plat, j\u2019ai d\u00fb m\u2019arr\u00eater&#8230;\u00a0\u00bb<\/p>\n<p>&#13;<\/p>\n<p>Personne ne peut savoir ce qu&rsquo;il serait advenu sans cette crevaison, mais tout \u00e9tait jouable dans ce sprint \u00e0 trois avec deux adversaires pas forc\u00e9ment r\u00e9put\u00e9s pour leur pointe de vitesse. <strong>Cl\u00e9ment Braz Afonso<\/strong> devra finalement se contenter d&rsquo;une 5e place, Brieux Rolland en profitant lui pour obtenir son 2e podium en quelques jours. \u00ab\u00a0Il y a beaucoup de d\u00e9ception.\u00a0M\u00eame si je me suis prouv\u00e9 que j\u2019\u00e9tais capable de suivre Landa et Bernal dans cette bosse, c\u2019est la d\u00e9ception qui prime car je pense que je pouvais jouer la victoire. Le sort a d\u00e9cid\u00e9 pour moi aujourd\u2019hui, mais peut-\u00eatre que \u00e7a finira par sourire dans le futur. On peut quand m\u00eame \u00eatre satisfait de terminer troisi\u00e8me, cinqui\u00e8me et dixi\u00e8me (pour Rudy, ndlr). On a montr\u00e9 qu\u2019on \u00e9tait forts dans cette \u00e9tape et ce que j\u2019ai fait aujourd\u2019hui m\u2019ouvre aussi des opportunit\u00e9s pour le futur<\/p>\n<p>Tour d&rsquo;Espagne &#8211; Classement de la 16\u00e8 \u00e9tape Tour d&rsquo;Espagne &#8211; Classement g\u00e9n\u00e9ral provisoire apr\u00e8s la 16\u00e8 \u00e9tape<\/p>\n","protected":false},"excerpt":{"rendered":"Si le r\u00e9sultat d&rsquo;ensemble est superbe avec trois coureurs dans les 10 et un nouveau podium,\u00a0l&rsquo;\u00e9quipe Groupama-FDJ\u00a0peut malgr\u00e9&hellip;\n","protected":false},"author":2,"featured_media":378872,"comment_status":"","ping_status":"","sticky":false,"template":"","format":"standard","meta":{"footnotes":""},"categories":[1411],"tags":[1154,207,1011,27,209,60,3318,208],"class_list":{"0":"post-378871","1":"post","2":"type-post","3":"status-publish","4":"format-standard","5":"has-post-thumbnail","7":"category-cyclisme","8":"tag-cycling","9":"tag-cyclisme","10":"tag-fr","11":"tag-france","12":"tag-route","13":"tag-sports","14":"tag-tour-d","15":"tag-velo"},"share_on_mastodon":{"url":"https:\/\/pubeurope.com\/@fr\/115176891010490561","error":""},"_links":{"self":[{"href":"https:\/\/www.europesays.com\/fr\/wp-json\/wp\/v2\/posts\/378871","targetHints":{"allow":["GET"]}}],"collection":[{"href":"https:\/\/www.europesays.com\/fr\/wp-json\/wp\/v2\/posts"}],"about":[{"href":"https:\/\/www.europesays.com\/fr\/wp-json\/wp\/v2\/types\/post"}],"author":[{"embeddable":true,"href":"https:\/\/www.europesays.com\/fr\/wp-json\/wp\/v2\/users\/2"}],"replies":[{"embeddable":true,"href":"https:\/\/www.europesays.com\/fr\/wp-json\/wp\/v2\/comments?post=378871"}],"version-history":[{"count":0,"href":"https:\/\/www.europesays.com\/fr\/wp-json\/wp\/v2\/posts\/378871\/revisions"}],"wp:featuredmedia":[{"embeddable":true,"href":"https:\/\/www.europesays.com\/fr\/wp-json\/wp\/v2\/media\/378872"}],"wp:attachment":[{"href":"https:\/\/www.europesays.com\/fr\/wp-json\/wp\/v2\/media?parent=378871"}],"wp:term":[{"taxonomy":"category","embeddable":true,"href":"https:\/\/www.europesays.com\/fr\/wp-json\/wp\/v2\/categories?post=378871"},{"taxonomy":"post_tag","embeddable":true,"href":"https:\/\/www.europesays.com\/fr\/wp-json\/wp\/v2\/tags?post=378871"}],"curies":[{"name":"wp","href":"https:\/\/api.w.org\/{rel}","templated":true}]}}