{"id":378875,"date":"2025-09-09T23:18:10","date_gmt":"2025-09-09T23:18:10","guid":{"rendered":"https:\/\/www.europesays.com\/fr\/378875\/"},"modified":"2025-09-09T23:18:10","modified_gmt":"2025-09-09T23:18:10","slug":"philippe-risoli-en-difficulte-financiere-lancien-animateur-du-millionaire-tres-cash-en-evoquant-sa-retraite-pas-extraordinaire","status":"publish","type":"post","link":"https:\/\/www.europesays.com\/fr\/378875\/","title":{"rendered":"Philippe Risoli en difficult\u00e9 financi\u00e8re ? L\u2019ancien animateur du \u00ab\u00a0Millionaire\u00a0\u00bb tr\u00e8s cash en \u00e9voquant sa retraite \u00ab\u00a0pas extraordinaire\u00a0\u00bb"},"content":{"rendered":"<p>Animateur phare des ann\u00e9es 1990, Philippe Risoli a pris sa retraite audiovisuelle depuis plusieurs ann\u00e9es. Pr\u00e9sentateur du <strong>Millionaire<\/strong> de 1992 jusqu\u2019\u00e0 la suppression du jeu en ao\u00fbt 2001, il a \u00e9galement \u00e9t\u00e9 aux commandes de la <a href=\"https:\/\/www.public.fr\/le-juste-prix-de-retour-philippe-risoli-evince-cet-animateur-qui-lui-succederait\" rel=\"nofollow noopener\" target=\"_blank\">premi\u00e8re version du <strong>Juste Prix<\/strong><\/a> sur la m\u00eame p\u00e9riode.\u00a0<\/p>\n<p>Si nombre de t\u00e9l\u00e9spectateurs souhaiteraient le voir revenir sur le petit \u00e9cran, l\u2019animateur aujourd\u2019hui \u00e2g\u00e9 de 72 ans ne le souhaite pas. Et pour cause, depuis quelques ann\u00e9es, il vit une retraite\u00a0\u00bbpaisible mais active\u00a0\u00bb, entre Paris et le Sud de la France.<\/p>\n<p>Avec \u00ab\u00a04 000 euros par mois\u00a0\u00bb, on \u00ab\u00a0n&rsquo;est pas riche\u00a0\u00bb selon Philippe Risoli<\/p>\n<p>S\u2019il estime sa retraite \u00ab\u00a0paisible\u00a0\u00bb, il ne roule n\u00e9anmoins pas sur l\u2019or. Philippe Risoli <a href=\"https:\/\/www.public.fr\/philippe-risoli-pas-riche-avec-4000-euros-par-mois-et-pret-a-en-decoudre-avec-anne-hidalgo-si-tu-habites-paris-bah-tu-survis-quoi\" rel=\"nofollow noopener\" target=\"_blank\">le reconnaissait d\u00e9j\u00e0 au micro de Jordan de Luxe<\/a> en septembre 2023. L\u2019ancien homme de t\u00e9l\u00e9vision reconnaissait qu\u2019on n\u2019\u00e9tait\u00a0<strong>\u00ab\u00a0pas riche avec 4000 euros par mois<\/strong>\u00ab\u00a0.<\/p>\n<p>\u00ab\u00a0Quand on te dit qu\u2019\u00e0 4000 euros t\u2019es riche\u00a0? <strong>bah non, t\u2019es pas riche, tu vis<\/strong>. \u00c0 2000 euros, si tu habites Paris, ben tu survis quoi. Si tu as des enfants, si tu veux les nourrir\u2026\u00a0\u00bb, avait-il poursuivi pour apporter quelques arguments \u00e0 ses explications.\u00a0<\/p>\n<p>Philippe Risoli ne s\u2019arr\u00eatait pas l\u00e0 et poursuivait en donnant de nouveaux arguments : \u00ab\u00a0Quand tu as 4000 euros, <strong>je te parle \u00e0 Paris<\/strong>, que tu as des imp\u00f4ts et des taxes fonci\u00e8res qu\u2019\u00e0 Paris c\u2019est multipli\u00e9 par 2, qu\u2019il y a\u00a052\u00a0% d\u2019augmentation alors qu\u2019on ne devait pas les augmenter, \u00e7a, c\u2019est un sujet sur lequel tu aurais pu me lancer \u00e7a\u00a0\u00bb.<\/p>\n<p>Dans les colonnes de Purepeople, l\u2019ancien pr\u00e9sentateur de <strong>Millionaire<\/strong> et <a href=\"https:\/\/vsd.fr\/60224-le-juste-prix-de-retour-la-verite-sur-labsence-de-vincent-lagaf\/\" rel=\"nofollow noopener\" target=\"_blank\">du <strong>Juste Prix<\/strong><\/a> a r\u00e9it\u00e9r\u00e9 ses propos. \u00ab\u00a0J\u2019ai eu la chance d\u2019\u00eatre salari\u00e9 la plupart du temps. <strong>Ma retraite n\u2019est pas extraordinaire<\/strong>, mais elle est tout \u00e0 fait correcte\u00a0\u00bb, confie-t-il dans un premier temps.<\/p>\n<p>Il aurait pourtant pu gagner bien plus s\u2019il \u00e9tait devenu producteur. N\u00e9anmoins, sur conseil d\u2019un conseiller fiscal, Philippe Risoli n\u2019a jamais saut\u00e9 le pas : \u00ab\u00a0il m\u2019avait dit\u00a0: \u2018Reste salari\u00e9, c\u2019est formidable, ne bouge pas\u2019. Je n\u2019ai donc jamais franchi le pas pour devenir producteur\u00a0\u00bb.<\/p>\n<p>De fait, avec sa \u00ab\u00a0retraite pas extraordinaire\u00a0\u00bb, il a fait le choix de quitter Paris quelques mois dans l\u2019ann\u00e9e. Outre un probl\u00e8me de budget, c\u2019est aussi parce qu\u2019il <strong>n\u2019appr\u00e9cie pas la gestion d\u2019Anne Hidalgo<\/strong> dans la capitale.<\/p>\n<p>\u00ab\u00a0Paris, ce sont les th\u00e9\u00e2tres, les cin\u00e9mas, ma famille, mes enfants. J\u2019avoue que j\u2019aime Paris un peu moins depuis qu\u2019elle est g\u00e9r\u00e9e par la personne qui la dirige aujourd\u2019hui. \u00c7a m\u2019attriste de voir la salet\u00e9, les plots en b\u00e9ton partout, les embouteillages incessants\u00a0\u00bb, reconna\u00eet l\u2019ancien pr\u00e9sentateur de 72 ans.<\/p>\n<p>      Mentionn\u00e9s dans cet article<\/p>\n<p>      Sur le m\u00eame sujet<\/p>\n","protected":false},"excerpt":{"rendered":"Animateur phare des ann\u00e9es 1990, Philippe Risoli a pris sa retraite audiovisuelle depuis plusieurs ann\u00e9es. Pr\u00e9sentateur du Millionaire&hellip;\n","protected":false},"author":2,"featured_media":378876,"comment_status":"","ping_status":"","sticky":false,"template":"","format":"standard","meta":{"footnotes":""},"categories":[1359],"tags":[58,59,1011,27,4829,47258,4461,973,51229,137],"class_list":{"0":"post-378875","1":"post","2":"type-post","3":"status-publish","4":"format-standard","5":"has-post-thumbnail","7":"category-people","8":"tag-divertissement","9":"tag-entertainment","10":"tag-fr","11":"tag-france","12":"tag-jordan-de-luxe","13":"tag-le-juste-prix","14":"tag-millionnaire","15":"tag-people","16":"tag-philippe-risoli","17":"tag-retraite"},"share_on_mastodon":{"url":"https:\/\/pubeurope.com\/@fr\/115176898749260025","error":""},"_links":{"self":[{"href":"https:\/\/www.europesays.com\/fr\/wp-json\/wp\/v2\/posts\/378875","targetHints":{"allow":["GET"]}}],"collection":[{"href":"https:\/\/www.europesays.com\/fr\/wp-json\/wp\/v2\/posts"}],"about":[{"href":"https:\/\/www.europesays.com\/fr\/wp-json\/wp\/v2\/types\/post"}],"author":[{"embeddable":true,"href":"https:\/\/www.europesays.com\/fr\/wp-json\/wp\/v2\/users\/2"}],"replies":[{"embeddable":true,"href":"https:\/\/www.europesays.com\/fr\/wp-json\/wp\/v2\/comments?post=378875"}],"version-history":[{"count":0,"href":"https:\/\/www.europesays.com\/fr\/wp-json\/wp\/v2\/posts\/378875\/revisions"}],"wp:featuredmedia":[{"embeddable":true,"href":"https:\/\/www.europesays.com\/fr\/wp-json\/wp\/v2\/media\/378876"}],"wp:attachment":[{"href":"https:\/\/www.europesays.com\/fr\/wp-json\/wp\/v2\/media?parent=378875"}],"wp:term":[{"taxonomy":"category","embeddable":true,"href":"https:\/\/www.europesays.com\/fr\/wp-json\/wp\/v2\/categories?post=378875"},{"taxonomy":"post_tag","embeddable":true,"href":"https:\/\/www.europesays.com\/fr\/wp-json\/wp\/v2\/tags?post=378875"}],"curies":[{"name":"wp","href":"https:\/\/api.w.org\/{rel}","templated":true}]}}