{"id":378879,"date":"2025-09-09T23:21:22","date_gmt":"2025-09-09T23:21:22","guid":{"rendered":"https:\/\/www.europesays.com\/fr\/378879\/"},"modified":"2025-09-09T23:21:22","modified_gmt":"2025-09-09T23:21:22","slug":"cyril-hanouna-derape-dans-tbt9-lanimateur-narrive-pas-a-se-retenir-et-se-lache-avant-la-nomination-de-sebastien-lecornu","status":"publish","type":"post","link":"https:\/\/www.europesays.com\/fr\/378879\/","title":{"rendered":"Cyril Hanouna d\u00e9rape dans TBT9 : l\u2019animateur n\u2019arrive pas \u00e0 se retenir et se l\u00e2che avant la nomination de S\u00e9bastien Lecornu"},"content":{"rendered":"<p data-start=\"346\" data-end=\"852\">Dans <a href=\"https:\/\/www.closermag.fr\/people\/matthieu-delormeau-je-vous-dois-la-verite-malaise-palpable-autour-de-sa-venue-chez-cyril-hanouna-3575387\" target=\"_blank\" rel=\"noopener\"><br \/>\nTBT9<\/a> du 9 septembre sur W9, <a href=\"https:\/\/www.closermag.fr\/people\/cyril-hanouna-une-figure-de-lextreme-droite-et-son-passage-chez-m6-ne-fera-pas-changer-davis-cet-expert-3576027\" target=\"_blank\" rel=\"noopener\"><br \/>\nCyril Hanouna<\/a> n\u2019a pas <strong>m\u00e2ch\u00e9<\/strong> ses mots en<br \/>\npolitique. Alors que le ministre des Arm\u00e9es <a href=\"https:\/\/www.closermag.fr\/politique\/sebastien-lecornu-a-combien-seleve-son-patrimoine-qui-comprend-notamment-deux-maisons-3576485\" target=\"_blank\" rel=\"noopener\"><br \/>\nS\u00e9bastien Lecornu<\/a> <strong data-start=\"505\" data-end=\"573\">vient<br \/>\ntout juste d\u2019\u00eatre nomm\u00e9 Premier ministre<\/strong>, l\u2019animateur est<br \/>\nrevenu sur l\u2019actualit\u00e9 br\u00fblante avec son ton d\u00e9cal\u00e9. Apr\u00e8s avoir<br \/>\n<strong>remerci\u00e9<\/strong> ses t\u00e9l\u00e9spectateurs malgr\u00e9 la<br \/>\nconcurrence, il a racont\u00e9 avec son humour habituel le<br \/>\n<strong>d\u00e9calage entre l\u2019actualit\u00e9 politique et son<br \/>\n\u00e9mission.<\/strong><\/p>\n<p data-start=\"346\" data-end=\"852\">\u2018\u2018Hier, c\u2019\u00e9tait le <strong>feu<\/strong> en France, le<br \/>\n<strong>Premier ministre qui saute<\/strong> et tout\u2026 Et moi,<br \/>\nj\u2019\u00e9tais en train de demander \u00e0 <a href=\"https:\/\/www.closermag.fr\/people\/pas-honte-de-le-dire-laetitia-milot-transformee-par-la-grossesse-elle-a-pris-beaucoup-de-poids-3571062\" target=\"_blank\" rel=\"noopener\"><br \/>\nLaetitia Milot<\/a> quel \u00e9tait <strong>son chou pr\u00e9f\u00e9r\u00e9<\/strong><br \/>\n!\u2019\u2019\u00a0Une mani\u00e8re d\u2019assumer le c\u00f4t\u00e9<br \/>\n<strong>absurde<\/strong> du programme de TBT9 qu\u2019il<br \/>\nqualifie lui-m\u00eame de \u2018<strong>miracle<\/strong> \u2018c\u00f4t\u00e9 audiences. Mais<br \/>\nl\u2019animateur n\u2019est pas rest\u00e9 sur le registre du<br \/>\n<strong>divertissement<\/strong>. Profitant de l\u2019actualit\u00e9<br \/>\n<strong>br\u00fblante<\/strong>, il s\u2019est aventur\u00e9 sur un terrain plus<br \/>\nsensible : la <strong>politique<\/strong>. Et c\u2019est <a href=\"https:\/\/www.closermag.fr\/politique\/emmanuel-macron-dans-la-tourmente-et-meme-gabriel-attal-met-son-grain-de-sel-3577974\" target=\"_blank\" rel=\"noopener\"><br \/>\nEmmanuel Macron<\/a> qui a concentr\u00e9 ses<br \/>\n<strong>piques<\/strong>.<\/p>\n<p>\u00ab\u00a0\u00c7a fait 8 ans qu\u2019il ne<br \/>\nbosse pas\u00a0\u00bb : Hanouna tacle le pr\u00e9sident Emmanuel Macron<\/p>\n<p data-start=\"1151\" data-end=\"1609\">Lorsque <a href=\"https:\/\/www.closermag.fr\/people\/laurent-fontaine-on-ma-cache-son-recit-perturbant-sur-la-mort-de-sa-mere-3408931\" target=\"_blank\" rel=\"noopener\"><br \/>\nLaurent Fontaine<\/a> a \u00e9voqu\u00e9 un pr\u00e9sident qui serait<br \/>\n\u2018\u2018<strong>dans son<br \/>\nbureau<\/strong>\u2019\u2019, Cyril Hanouna a bondi. \u2018\u2018Les gars, j\u2019ai les infos. Non mais dans son<br \/>\nbureau, on n\u2019est <strong>pas au Cluedo<\/strong>, l\u00e0. Il n\u2019est pas<br \/>\navec une cl\u00e9 anglaise dans la cuisine !\u2019\u2019 Avant de lancer une<br \/>\nattaque beaucoup plus frontale. \u2018\u2018Il a raison de parler dans<br \/>\nson bureau. <strong>\u00c7a fait 8 ans qu\u2019il ne bosse pas, il peut faire<br \/>\nune journ\u00e9e dans son bureau pour trouver un Premier ministre<br \/>\n!<\/strong>\u2019\u2019<\/p>\n<p data-start=\"1611\" data-end=\"2112\">Un <strong>d\u00e9rapage<\/strong><br \/>\nassum\u00e9 qui a d\u00e9clench\u00e9 des <strong>rires<\/strong> sur le plateau.<br \/>\nGilles Verdez a d\u2019ailleurs lanc\u00e9, hilare : \u2018\u2018Vous \u00eates <strong>en forme,<\/strong> l\u00e0\u2026\u2019\u2019<br \/>\nCyril Hanouna, galvanis\u00e9, a continu\u00e9 : \u2018\u2018Je vous dis la v\u00e9rit\u00e9, moi, je suis s\u00fbr, un<br \/>\n<strong>autre gars fait la m\u00eame \u00e9mission hier, il parle de choux \u00e0<br \/>\nla cr\u00e8me, il fait 100 000 t\u00e9l\u00e9spectateurs<\/strong>. Moi, c\u2019est un<br \/>\n<strong>miracle<\/strong> !\u2019 (\u2026) Les gars, \u00e7a faisait <strong>18 ans<br \/>\nde ma vie que j&rsquo;avais pas \u00e9t\u00e9 battu par France 5.<\/strong> Ce matin<br \/>\nj&rsquo;ai vu \u00e7a, j&rsquo;ai vu la v\u00e9rit\u00e9, j&rsquo;en ai<br \/>\n<strong>rigol\u00e9<\/strong>.\u2019\u2019<\/p>\n<p>Cyril<br \/>\nHanouna brouille encore les lignes<\/p>\n<p data-start=\"2160\" data-end=\"2522\">Avec ce genre de s\u00e9quence,<br \/>\nl\u2019animateur de TBT9 brouille une nouvelle fois les<br \/>\n<strong>fronti\u00e8res entre divertissement et politique.<\/strong> Lui<br \/>\nqui disait encore r\u00e9cemment ne pas vouloir \u2018\u2018<strong>faire de la politique<\/strong>\u201d ne<br \/>\npeut s\u2019emp\u00eacher de commenter l\u2019actualit\u00e9 <strong>br\u00fblante<\/strong>,<br \/>\nparfois de fa\u00e7on <strong>brutale<\/strong>. Et m\u00eame si certains<br \/>\nobservateurs du groupe M6 pourraient lui reprocher de franchir la<br \/>\n<strong>ligne rouge.<\/strong><\/p>\n<p data-start=\"2524\" data-end=\"2839\">Reste \u00e0 voir si ses<br \/>\n<strong>piques<\/strong> r\u00e9p\u00e9t\u00e9es contre le chef de l\u2019\u00c9tat feront<br \/>\n<strong>r\u00e9agir<\/strong> l\u2019\u00c9lys\u00e9e. Car en d\u00e9clarant \u00e0 l\u2019antenne<br \/>\n\u2018\u2018\u00c7a fait 8 ans qu\u2019il ne<br \/>\nbosse pas.\u2019\u2019,\u00a0Cyril Hanouna a peut-\u00eatre franchi un<br \/>\n<strong>cap<\/strong>. Ses fans, eux, en redemandent : ils<br \/>\npl\u00e9biscitent cette <strong>libert\u00e9 de ton<\/strong> qui fait de<br \/>\nTBT9 une \u00e9mission <strong>impr\u00e9visible<\/strong>.<\/p>\n","protected":false},"excerpt":{"rendered":"Dans TBT9 du 9 septembre sur W9, Cyril Hanouna n\u2019a pas m\u00e2ch\u00e9 ses mots en politique. Alors que&hellip;\n","protected":false},"author":2,"featured_media":378880,"comment_status":"","ping_status":"","sticky":false,"template":"","format":"standard","meta":{"footnotes":""},"categories":[1356],"tags":[548,1083,58,1073,59,1011,27,252,22497,49534,1364],"class_list":{"0":"post-378879","1":"post","2":"type-post","3":"status-publish","4":"format-standard","5":"has-post-thumbnail","7":"category-television","8":"tag-article-simple","9":"tag-cyril-hanouna","10":"tag-divertissement","11":"tag-emmanuel-macron","12":"tag-entertainment","13":"tag-fr","14":"tag-france","15":"tag-television","16":"tag-tout-beau","17":"tag-tout-n9uf","18":"tag-tv"},"share_on_mastodon":{"url":"https:\/\/pubeurope.com\/@fr\/115176910674872350","error":""},"_links":{"self":[{"href":"https:\/\/www.europesays.com\/fr\/wp-json\/wp\/v2\/posts\/378879","targetHints":{"allow":["GET"]}}],"collection":[{"href":"https:\/\/www.europesays.com\/fr\/wp-json\/wp\/v2\/posts"}],"about":[{"href":"https:\/\/www.europesays.com\/fr\/wp-json\/wp\/v2\/types\/post"}],"author":[{"embeddable":true,"href":"https:\/\/www.europesays.com\/fr\/wp-json\/wp\/v2\/users\/2"}],"replies":[{"embeddable":true,"href":"https:\/\/www.europesays.com\/fr\/wp-json\/wp\/v2\/comments?post=378879"}],"version-history":[{"count":0,"href":"https:\/\/www.europesays.com\/fr\/wp-json\/wp\/v2\/posts\/378879\/revisions"}],"wp:featuredmedia":[{"embeddable":true,"href":"https:\/\/www.europesays.com\/fr\/wp-json\/wp\/v2\/media\/378880"}],"wp:attachment":[{"href":"https:\/\/www.europesays.com\/fr\/wp-json\/wp\/v2\/media?parent=378879"}],"wp:term":[{"taxonomy":"category","embeddable":true,"href":"https:\/\/www.europesays.com\/fr\/wp-json\/wp\/v2\/categories?post=378879"},{"taxonomy":"post_tag","embeddable":true,"href":"https:\/\/www.europesays.com\/fr\/wp-json\/wp\/v2\/tags?post=378879"}],"curies":[{"name":"wp","href":"https:\/\/api.w.org\/{rel}","templated":true}]}}