{"id":378883,"date":"2025-09-09T23:23:18","date_gmt":"2025-09-09T23:23:18","guid":{"rendered":"https:\/\/www.europesays.com\/fr\/378883\/"},"modified":"2025-09-09T23:23:18","modified_gmt":"2025-09-09T23:23:18","slug":"downton-abbey-le-grand-final-faut-il-aller-voir-le-dernier-film-de-la-saga","status":"publish","type":"post","link":"https:\/\/www.europesays.com\/fr\/378883\/","title":{"rendered":"\u00ab\u00a0Downton Abbey\u00a0: le grand final\u00a0\u00bb: faut-il aller voir le dernier film de la saga ?"},"content":{"rendered":"<p class=\"text-left ap-StoryElement ap-StoryElement--mb ap-StoryText\">Cet ultime opus de la saga familiale des Crawley et de leurs domestiques s&rsquo;ouvre \u00e0 Londres, en 1930. La famille assiste \u00e0 une repr\u00e9sentation th\u00e9\u00e2trale dans laquelle brille Guy Dexter (Dominic West), personnage d\u00e9j\u00e0 crois\u00e9 dans Downton Abbey : Une nouvelle \u00e8re. Une jolie mani\u00e8re de dire que l&rsquo;histoire continue de s&rsquo;\u00e9crire, m\u00eame s&rsquo;il s&rsquo;agit ici du dernier chapitre.<\/p>\n<p class=\"text-left ap-StoryElement ap-StoryElement--mb ap-StoryText\">La premi\u00e8re belle id\u00e9e du film se trouve d&rsquo;ailleurs dans cette sc\u00e8ne d&rsquo;ouverture, quand la cam\u00e9ra balaie le public : au premier balcon, les ma\u00eetres et, au-dessus, le poulailler, o\u00f9 se serre le petit personnel. L&rsquo;exact inverse de ce que l&rsquo;on voit d&rsquo;ordinaire au ch\u00e2teau.<\/p>\n<p>Crise financi\u00e8re<\/p>\n<p class=\"ap-StoryElement ap-StoryElement--mb ap-StoryText\">Mais le c\u0153ur de l&rsquo;intrigue est ailleurs, dans les probl\u00e8mes p\u00e9cuniaires des Anglais dans leur ensemble et des Crawley en particulier. Le krach de 1929 a mis le monde financier \u00e0 genoux et les temps sont durs. Tenir son rang et un domaine comme celui de Downton Abbey devient de plus en plus difficile. Surtout quand, comme Lady Mary, on vient tout juste de divorcer. Exit, Henry Talbot (dommage, on aimait bien Matthew Goode), la revoici c\u00e9libataire. Un statut impensable dans la haute soci\u00e9t\u00e9 britannique de l&rsquo;\u00e9poque. Pour ne rien arranger, alors qu&rsquo;elle s&rsquo;attend \u00e0 toucher un bel h\u00e9ritage apr\u00e8s la mort de sa m\u00e8re, Cora Crawley apprend de la bouche de son fr\u00e8re Harold (Paul Giamatti) qu&rsquo;il a tout perdu.<\/p>\n<p><a href=\"https:\/\/www.lalibre.be\/culture\/2025\/08\/28\/downton-abbey-serie-historique-au-succes-mondial-3LZFQC6HKNHCZGWCMRG4CINLLY\/\" target=\"_blank\" rel=\"noopener noreferrer nofollow\" class=\"ap-StoryInterstitialLink ap-StoryElement ap-StoryElement--mb\">\u00ab\u00a0Downton Abbey\u00a0\u00bb, s\u00e9rie historique au succ\u00e8s mondial<\/a><\/p>\n<p class=\"text-left ap-StoryElement ap-StoryElement--mb ap-StoryText\">Il est donc beaucoup question d&rsquo;argent dans ce troisi\u00e8me et dernier film de la saga. Beaucoup de d\u00e9parts \u00e0 la retraite, \u00e9galement, puisque du majordome \u00e0 la cuisini\u00e8re en passant par la gouvernante en chef, tous ont atteint l&rsquo;\u00e2ge d&rsquo;un repos bien m\u00e9rit\u00e9. Du m\u00eame coup, c&rsquo;est l&rsquo;heure du passage de flambeau qui se fait tant \u00ab\u00a0en haut\u00a0\u00bb \u2013 de Lord Crawley \u00e0 sa fille Mary \u2013 qu&rsquo;en bas.<\/p>\n<p><img loading=\"lazy\" decoding=\"async\" class=\"w-full lazyload lazyload--opacity object-contain\" style=\"aspect-ratio:67 \/ 100;opacity:1\" alt=\"Elizabeth McGovern, Hugh Bonneville, Michelle Dockery et Laura Carmichael: les Crawley au grand complet.\" width=\"768\" height=\"1151\" fetchpriority=\"auto\" src=\"https:\/\/www.europesays.com\/fr\/wp-content\/uploads\/2025\/04\/S5VKD3X55FFF3BW6V4SEHXNP7I.png\"  data- data-optimumx=\"1\"\/>Elizabeth McGovern, Hugh Bonneville, Michelle Dockery et Laura Carmichael: les Crawley au grand complet. \u00a9Zoe McConnell&#13;zoemcconnellphotography.com&#13;<\/p>\n<p class=\"ap-StoryElement ap-StoryElement--mb ap-StoryText\">Malgr\u00e9 l&rsquo;envie, \u00e9vidente, de regarder avec des lunettes de 1930 notre monde d&rsquo;aujourd&rsquo;hui, malgr\u00e9 la pr\u00e9figuration de ce que sera l&rsquo;avenir (oui, on pourra divorcer, oui, les femmes tiendront une place plus large dans la soci\u00e9t\u00e9), tout ceci semble bien maladroit et, h\u00e9las !, se tire en longueur.<\/p>\n<p class=\"text-left ap-StoryElement ap-StoryElement--mb ap-StoryText\">Julian Fellowes r\u00e9ussit toutefois \u00e0 placer, \u00e7\u00e0 et l\u00e0, quelques jolies id\u00e9es sc\u00e9naristiques, notamment quand il fait dire \u00e0 M. Molesley, devenu auteur, qu&rsquo;un acteur n&rsquo;est rien sans un bon sc\u00e9nario et que \u00ab\u00a0les auteurs sont les vraies stars\u00a0\u00bb. Apr\u00e8s tout, on n&rsquo;est jamais aussi bien servi que par soi-m\u00eame\u2026<\/p>\n<p><img loading=\"lazy\" decoding=\"async\" class=\"w-full lazyload lazyload--opacity object-contain\" style=\"aspect-ratio:56.00000000000001 \/ 100;opacity:1\" alt=\"Downtown Abbey le grand final\" width=\"768\" height=\"1365\" fetchpriority=\"auto\" src=\"https:\/\/www.europesays.com\/fr\/wp-content\/uploads\/2025\/04\/S5VKD3X55FFF3BW6V4SEHXNP7I.png\"  data- data-optimumx=\"1\"\/>Downtown Abbey le grand final \u00a9Universal<\/p>\n<ul class=\"ap-StoryLinkElement list-disc ap-StoryElement ap-StoryElement--mb\">\n<li class=\"ap-StoryLinkElement-item\"><b>Downton Abbey<\/b>, Saga historique,<b> Sc\u00e9nario de<\/b> Julian Fellowes, <b>r\u00e9alis\u00e9 par<\/b> Simon Curtis. <b>Avec <\/b>Hugh Bonneville, Michelle Dockery, Laura Carmichael, <b>Dur\u00e9e<\/b> 123&prime;.<\/li>\n<\/ul>\n","protected":false},"excerpt":{"rendered":"Cet ultime opus de la saga familiale des Crawley et de leurs domestiques s&rsquo;ouvre \u00e0 Londres, en 1930.&hellip;\n","protected":false},"author":2,"featured_media":378884,"comment_status":"","ping_status":"","sticky":false,"template":"","format":"standard","meta":{"footnotes":""},"categories":[1354],"tags":[58,59,1346,1011,27,1227,1360,9024],"class_list":{"0":"post-378883","1":"post","2":"type-post","3":"status-publish","4":"format-standard","5":"has-post-thumbnail","7":"category-films","8":"tag-divertissement","9":"tag-entertainment","10":"tag-films","11":"tag-fr","12":"tag-france","13":"tag-horizontal","14":"tag-movies","15":"tag-politics"},"share_on_mastodon":{"url":"https:\/\/pubeurope.com\/@fr\/115176918529466856","error":""},"_links":{"self":[{"href":"https:\/\/www.europesays.com\/fr\/wp-json\/wp\/v2\/posts\/378883","targetHints":{"allow":["GET"]}}],"collection":[{"href":"https:\/\/www.europesays.com\/fr\/wp-json\/wp\/v2\/posts"}],"about":[{"href":"https:\/\/www.europesays.com\/fr\/wp-json\/wp\/v2\/types\/post"}],"author":[{"embeddable":true,"href":"https:\/\/www.europesays.com\/fr\/wp-json\/wp\/v2\/users\/2"}],"replies":[{"embeddable":true,"href":"https:\/\/www.europesays.com\/fr\/wp-json\/wp\/v2\/comments?post=378883"}],"version-history":[{"count":0,"href":"https:\/\/www.europesays.com\/fr\/wp-json\/wp\/v2\/posts\/378883\/revisions"}],"wp:featuredmedia":[{"embeddable":true,"href":"https:\/\/www.europesays.com\/fr\/wp-json\/wp\/v2\/media\/378884"}],"wp:attachment":[{"href":"https:\/\/www.europesays.com\/fr\/wp-json\/wp\/v2\/media?parent=378883"}],"wp:term":[{"taxonomy":"category","embeddable":true,"href":"https:\/\/www.europesays.com\/fr\/wp-json\/wp\/v2\/categories?post=378883"},{"taxonomy":"post_tag","embeddable":true,"href":"https:\/\/www.europesays.com\/fr\/wp-json\/wp\/v2\/tags?post=378883"}],"curies":[{"name":"wp","href":"https:\/\/api.w.org\/{rel}","templated":true}]}}