{"id":378887,"date":"2025-09-09T23:25:09","date_gmt":"2025-09-09T23:25:09","guid":{"rendered":"https:\/\/www.europesays.com\/fr\/378887\/"},"modified":"2025-09-09T23:25:09","modified_gmt":"2025-09-09T23:25:09","slug":"lenorme-coup-de-gueule-de-didier-deschamps-contre-les-sifflets-envers-adrien-rabiot","status":"publish","type":"post","link":"https:\/\/www.europesays.com\/fr\/378887\/","title":{"rendered":"l\u2019\u00e9norme coup de gueule de Didier Deschamps contre les sifflets envers Adrien Rabiot"},"content":{"rendered":"<p>Il fallait s\u2019y attendre. <a href=\"https:\/\/www.footmercato.net\/joueur\/adrien-rabiot\/\" rel=\"nofollow noopener\" target=\"_blank\">Adrien Rabiot<\/a> effectuait son retour au Parc des Princes pour la premi\u00e8re fois depuis le fameux PSG-OM du d\u00e9but de l\u2019ann\u00e9e. Les supporters parisiens avaient eu recours \u00e0 des banderoles injurieuses envers le milieu de terrain, capitaine ce soir-l\u00e0 d\u00e9sign\u00e9 par Roberto De Zerbi, mais aussi sa m\u00e8re, V\u00e9ronioque Rabiot. Certes ce soir, l\u2019ancien marseillais \u00e9voluait sous le maillot des Bleus, mais pour le public, \u00e7a ne change pas grand-chose.<\/p>\n<p>            La suite apr\u00e8s cette publicit\u00e9<\/p>\n<p>D\u00e9j\u00e0 \u00e0 l\u2019\u00e9vocation de son nom lors de la pr\u00e9sentation des \u00e9quipes, Rabiot a \u00e9t\u00e9 copieusement siffl\u00e9 par le public. Ce fut pire lors de son entr\u00e9e en jeu et sur chaque ballon touch\u00e9 lors de <a href=\"https:\/\/www.footmercato.net\/a703979393187665222-france-islande-les-notes-du-match\" rel=\"nofollow noopener\" target=\"_blank\">ce France-Islande (2-1)<\/a>. Rempla\u00e7ant de Marcus Thuram, sorti suite au rouge re\u00e7u par Tchouam\u00e9ni, pour les 20 derni\u00e8res minutes, <a href=\"https:\/\/www.footmercato.net\/a2689836598368535431-edf-adrien-rabiot-hue-par-tout-le-parc-des-princes\" rel=\"nofollow noopener\" target=\"_blank\">le joueur de 30 ans a \u00e9t\u00e9 la cible du public<\/a>, jusqu\u2019\u00e0 cette derni\u00e8re intervention pr\u00e9cieuse. \u00c0 dix contre onze, les Bleus \u00e9taient dans le dur.<\/p>\n<p>        Deschamps : \u00abc\u2019est inacceptable\u00bb<\/p>\n<p>Didier Deschamps n\u2019a pas manqu\u00e9 de r\u00e9agir \u00e0 ces sifflets une fois la victoire acquise, et il n\u2019a pas du tout appr\u00e9ci\u00e9. \u00abC\u2019est inacceptable, l\u00e2che d\u2019embl\u00e9e le s\u00e9lectionneur au micro de TF1. C\u2019est le joueur de l\u2019\u00e9quipe de <a href=\"https:\/\/www.footmercato.net\/selection\/france\/\" rel=\"nofollow noopener\" target=\"_blank\">France<\/a> qui porte ce maillot. Sa vie en club \u00e7a ne me regarde pas, m\u00eame si Adri est suffisamment solide. Il les a un peu retourn\u00e9s sur le dernier tacle de r\u00e9cup\u00e9ration.\u00bb Il estime que \u00e7a n\u2019a aucun sens de prendre \u00e0 partie un joueur membre des Bleus, peu importe son club.<\/p>\n<p>            La suite apr\u00e8s cette publicit\u00e9<\/p>\n<p>\u00ab\u00c7a n\u2019a pas lieu d\u2019\u00eatre. Si je dois tenir dans mes crit\u00e8res de qui joue o\u00f9, chez quel adversaire, qu\u2019on soit au Parc ou ailleurs, se d\u00e9sesp\u00e8re-t-il. M\u00eame si c\u2019est une minorit\u00e9 (de supporters), aucun joueur ne devrait subir \u00e7a. C\u2019est un joueur de l\u2019\u00e9quipe de France. Il est Fran\u00e7ais, comme tous les joueurs*\u00bb conclut le patron des Bleus. Ce genre de comportement est d\u00e9j\u00e0 arriv\u00e9 avec d\u2019autres joueurs et dans d\u2019autres stades en France. \u00c7a ne changera sans doute pas grand-chose, mais le message est pass\u00e9.<\/p>\n<p>\n    Pub. le 09\/09\/2025 23:38<br \/>\n            &#8211; MAJ le 10\/09\/2025 01:18\n    <\/p>\n","protected":false},"excerpt":{"rendered":"Il fallait s\u2019y attendre. Adrien Rabiot effectuait son retour au Parc des Princes pour la premi\u00e8re fois depuis&hellip;\n","protected":false},"author":2,"featured_media":378888,"comment_status":"","ping_status":"","sticky":false,"template":"","format":"standard","meta":{"footnotes":""},"categories":[9],"tags":[1011,27,60],"class_list":{"0":"post-378887","1":"post","2":"type-post","3":"status-publish","4":"format-standard","5":"has-post-thumbnail","7":"category-sports","8":"tag-fr","9":"tag-france","10":"tag-sports"},"share_on_mastodon":{"url":"https:\/\/pubeurope.com\/@fr\/115176926368584720","error":""},"_links":{"self":[{"href":"https:\/\/www.europesays.com\/fr\/wp-json\/wp\/v2\/posts\/378887","targetHints":{"allow":["GET"]}}],"collection":[{"href":"https:\/\/www.europesays.com\/fr\/wp-json\/wp\/v2\/posts"}],"about":[{"href":"https:\/\/www.europesays.com\/fr\/wp-json\/wp\/v2\/types\/post"}],"author":[{"embeddable":true,"href":"https:\/\/www.europesays.com\/fr\/wp-json\/wp\/v2\/users\/2"}],"replies":[{"embeddable":true,"href":"https:\/\/www.europesays.com\/fr\/wp-json\/wp\/v2\/comments?post=378887"}],"version-history":[{"count":0,"href":"https:\/\/www.europesays.com\/fr\/wp-json\/wp\/v2\/posts\/378887\/revisions"}],"wp:featuredmedia":[{"embeddable":true,"href":"https:\/\/www.europesays.com\/fr\/wp-json\/wp\/v2\/media\/378888"}],"wp:attachment":[{"href":"https:\/\/www.europesays.com\/fr\/wp-json\/wp\/v2\/media?parent=378887"}],"wp:term":[{"taxonomy":"category","embeddable":true,"href":"https:\/\/www.europesays.com\/fr\/wp-json\/wp\/v2\/categories?post=378887"},{"taxonomy":"post_tag","embeddable":true,"href":"https:\/\/www.europesays.com\/fr\/wp-json\/wp\/v2\/tags?post=378887"}],"curies":[{"name":"wp","href":"https:\/\/api.w.org\/{rel}","templated":true}]}}