{"id":378889,"date":"2025-09-09T23:26:24","date_gmt":"2025-09-09T23:26:24","guid":{"rendered":"https:\/\/www.europesays.com\/fr\/378889\/"},"modified":"2025-09-09T23:26:24","modified_gmt":"2025-09-09T23:26:24","slug":"avec-son-fiance-michael-polansky-lady-gaga-vit-un-amour-comme-elle-nen-a-jamais-connu","status":"publish","type":"post","link":"https:\/\/www.europesays.com\/fr\/378889\/","title":{"rendered":"Avec son fianc\u00e9 Michael Polansky, Lady Gaga vit \u00ab\u00a0un amour comme elle n\u2019en a jamais connu\u00a0\u00bb"},"content":{"rendered":"<p class=\"intro\">Sur Instagram, ce lundi, Lady Gaga, grande gagnante des MTV Video Music Awards, avec quatre prix rafl\u00e9s, a fait une \u00e9mouvante d\u00e9claration d\u2019amour \u00e0 son fianc\u00e9 Michael Polansky, qui est aussi son partenaire de cr\u00e9ation, son soutien au quotidien, son artiste de l\u2019ann\u00e9e, en plus d\u2019\u00eatre \u00ab\u00a0l\u2019amour de [sa] vie\u00a0\u00bb.<\/p>\n<p>La reine des reines de la pop, c\u2019est elle. Lady Gaga a rafl\u00e9 quatre prix <a href=\"https:\/\/www.parismatch.com\/People\/aux-vmas-2025-le-tutu-dariana-grande-les-abdos-de-taylor-momsen-et-les-diamants-de-mariah-carey-256720\" rel=\"nofollow noopener\" target=\"_blank\">aux MTV Video Music Awards<\/a>, dimanche 7\u00a0septembre 2025, devant Ariana Grande (deux prix), Sabrina Carpenter (un prix), ou encore Charli XCX (un prix). Elle a notamment remport\u00e9 le troph\u00e9e de la meilleure artiste de l\u2019ann\u00e9e, qu\u2019elle a d\u00e9di\u00e9 \u00e0 son fianc\u00e9, Michael Polansky, qui l\u2019a accompagn\u00e9e dans la cr\u00e9ation de <a href=\"https:\/\/www.parismatch.com\/people\/lenigme-de-lady-gaga-pour-annoncer-son-futur-single-242837\" rel=\"nofollow noopener\" target=\"_blank\">son dernier album \u00ab\u00a0Mayhem\u00a0\u00bb<\/a>, qui a m\u00eame \u00e9crit quelques chansons pour elle, alors que ce n\u2019est initialement pas son m\u00e9tier. Dipl\u00f4m\u00e9 de l\u2019universit\u00e9 d\u2019Harvard, en math\u00e9matiques et en informatique, il est aujourd\u2019hui directeur g\u00e9n\u00e9ral du groupe Parker, fond\u00e9 par Sean Parker.<\/p>\n<p>\u00ab\u00a0Pour mon partenaire en toutes choses, Michael, cr\u00e9er avec toi cette ann\u00e9e a \u00e9t\u00e9 une exp\u00e9rience magnifique. Tu as \u00e9t\u00e9 mon partenaire \u00e0 chaque \u00e9tape de ce processus. Je te d\u00e9die ce prix, \u00e0 toi, mon amour\u00a0\u00bb, a d\u00e9clar\u00e9 Lady Gaga. D\u00e9claration qu\u2019elle a compl\u00e9t\u00e9e sur Instagram, lundi 8\u00a0septembre 2025. En l\u00e9gende de deux clich\u00e9s de leur couple enlac\u00e9, Stefani Germanotta de son vrai nom a \u00e9crit\u00a0: \u00ab\u00a0Imaginer cet album, le planifier, construire chaque vision avec toi, parler sans cesse de ce que nous cr\u00e9erions et ferions a \u00e9t\u00e9 une exp\u00e9rience que je n\u2019aurais jamais pu imaginer. J\u2019aime \u00e0 quel point tu aimes mes fans et veux qu\u2019ils soient heureux [\u2026]. Tu travailles si dur avec moi du matin au soir chaque jour, vivant la musique, les performances et les projets avec ton sang, ta sueur et tes larmes &#8211; pour mener \u00e0 bien chaque \u00e9tape du chemin.\u00a0\u00bb<\/p>\n<p>    La suite apr\u00e8s cette publicit\u00e9<\/p>\n<p>Michael Polansky, \u00ab\u00a0l\u2019amour de se vie\u00a0\u00bb pour Lady Gaga<\/p>\n<p>Lady Gaga s\u2019est dite \u00ab\u00a0la fille la plus chanceuse du monde\u00a0\u00bb. \u00ab\u00a0Je t\u2019aime infiniment. Partager notre art, nos affaires et notre amour \u2013 c\u2019est un amour comme je n\u2019en ai jamais connu\u00a0\u00bb, a-t-elle continu\u00e9, saluant le talent de son fianc\u00e9. \u00ab\u00a0Tu es MON artiste de l\u2019ann\u00e9e. Et l\u2019amour de ma vie. Merci d\u2019avoir r\u00e9alis\u00e9 tous nos r\u00eaves de chaos [\u00ab\u00a0Mayhem\u00a0\u00bb, le titre de son album, en anglais, ndlr]. Je t\u2019aime.\u00a0\u00bb <a href=\"https:\/\/www.parismatch.com\/people\/au-bras-de-son-fiance-lady-gaga-dans-la-peau-dharley-quinn-sur-le-tapis-rouge-242029\" rel=\"nofollow noopener\" target=\"_blank\">Ensemble depuis 2019, Lady Gaga et Michael Polansky se sont fianc\u00e9s le 1er\u00a0avril dernier. <\/a>\u00ab\u00a0Au d\u00e9but, j\u2019ai cru qu\u2019il plaisantait\u00a0\u00bb, a racont\u00e9 la chanteuse sur le plateau du talk-show de Graham Norton. \u00ab\u00a0Ce n\u2019\u00e9tait pas le cas. C\u2019\u00e9tait tr\u00e8s chouette.\u00a0\u00bb<\/p>\n","protected":false},"excerpt":{"rendered":"Sur Instagram, ce lundi, Lady Gaga, grande gagnante des MTV Video Music Awards, avec quatre prix rafl\u00e9s, a&hellip;\n","protected":false},"author":2,"featured_media":378890,"comment_status":"","ping_status":"","sticky":false,"template":"","format":"standard","meta":{"footnotes":""},"categories":[8],"tags":[58,59,1011,27],"class_list":{"0":"post-378889","1":"post","2":"type-post","3":"status-publish","4":"format-standard","5":"has-post-thumbnail","7":"category-divertissement","8":"tag-divertissement","9":"tag-entertainment","10":"tag-fr","11":"tag-france"},"share_on_mastodon":{"url":"https:\/\/pubeurope.com\/@fr\/115176930300073521","error":""},"_links":{"self":[{"href":"https:\/\/www.europesays.com\/fr\/wp-json\/wp\/v2\/posts\/378889","targetHints":{"allow":["GET"]}}],"collection":[{"href":"https:\/\/www.europesays.com\/fr\/wp-json\/wp\/v2\/posts"}],"about":[{"href":"https:\/\/www.europesays.com\/fr\/wp-json\/wp\/v2\/types\/post"}],"author":[{"embeddable":true,"href":"https:\/\/www.europesays.com\/fr\/wp-json\/wp\/v2\/users\/2"}],"replies":[{"embeddable":true,"href":"https:\/\/www.europesays.com\/fr\/wp-json\/wp\/v2\/comments?post=378889"}],"version-history":[{"count":0,"href":"https:\/\/www.europesays.com\/fr\/wp-json\/wp\/v2\/posts\/378889\/revisions"}],"wp:featuredmedia":[{"embeddable":true,"href":"https:\/\/www.europesays.com\/fr\/wp-json\/wp\/v2\/media\/378890"}],"wp:attachment":[{"href":"https:\/\/www.europesays.com\/fr\/wp-json\/wp\/v2\/media?parent=378889"}],"wp:term":[{"taxonomy":"category","embeddable":true,"href":"https:\/\/www.europesays.com\/fr\/wp-json\/wp\/v2\/categories?post=378889"},{"taxonomy":"post_tag","embeddable":true,"href":"https:\/\/www.europesays.com\/fr\/wp-json\/wp\/v2\/tags?post=378889"}],"curies":[{"name":"wp","href":"https:\/\/api.w.org\/{rel}","templated":true}]}}