{"id":378893,"date":"2025-09-09T23:28:12","date_gmt":"2025-09-09T23:28:12","guid":{"rendered":"https:\/\/www.europesays.com\/fr\/378893\/"},"modified":"2025-09-09T23:28:12","modified_gmt":"2025-09-09T23:28:12","slug":"le-parisien-bientot-vendu-a-vincent-bollore-les-journalistes-du-groupe-sy-opposent-fermement","status":"publish","type":"post","link":"https:\/\/www.europesays.com\/fr\/378893\/","title":{"rendered":"Le Parisien bient\u00f4t vendu \u00e0 Vincent Bollor\u00e9\u00a0? Les journalistes du groupe s\u2019y opposent fermement"},"content":{"rendered":"<p>        <img decoding=\"async\" loading=\"lazy\" src=\"https:\/\/www.europesays.com\/fr\/wp-content\/uploads\/2025\/09\/c9b0014_1709059106399-000-34kc3m6.jpg\"  width=\"728\" height=\"409\" alt=\"Bernard Arnault pourrait vendre Le Parisien \u00e0 Vincent Bollor\u00e9, selon des rumeurs insistantes qui inqui\u00e8tent vivement les journalistes du groupe.\"\/>  <\/p>\n<p>LUDOVIC MARIN, THOMAS SAMSON \/ AFP<\/p>\n<p>Bernard Arnault pourrait vendre Le Parisien \u00e0 Vincent Bollor\u00e9, selon des rumeurs insistantes qui inqui\u00e8tent vivement les journalistes du groupe.<\/p>\n<p class=\"asset asset-text\">MEDIAS &#8211; \u00ab\u00a0Ce serait une catastrophe\u00a0\u00bb. C\u2019est par une lettre ouverte \u00e0 leur propri\u00e9taire <a href=\"https:\/\/www.huffingtonpost.fr\/politique\/article\/bernard-arnault-et-le-gouvernement-la-querelle-de-vieux-couple-continue-lombard-appelle-au-patriotisme_249022.html\" target=\"_blank\" rel=\"noopener\">Bernard Arnault<\/a> que les journalistes et les syndicats du <a href=\"https:\/\/www.huffingtonpost.fr\/medias\/article\/sophia-aram-repond-a-la-redaction-du-parisien-qui-l-accuse-de-racisme-anti-suedois_251540.html\" target=\"_blank\" rel=\"noopener\">Parisien<\/a> ont r\u00e9agi \u00e0 la rumeur insistante selon laquelle le groupe pourrait \u00eatre vendu \u00e0 nul autre que&#8230; <a href=\"https:\/\/www.huffingtonpost.fr\/medias\/article\/sur-cnews-pascal-praud-cible-le-monde-apres-l-article-sur-le-virage-pro-russe-de-la-sphere-bollore_247252.html\" target=\"_blank\" rel=\"noopener\">Vincent Bollor\u00e9<\/a>, le milliardaire r\u00e9actionnaire et ultraconservateur, propri\u00e9taire de Canal+ ou du JDD.<\/p>\n<p class=\"asset asset-text\">\u00ab\u00a0Vendre cet h\u00e9ritage \u00e9ditorial au groupe Bollor\u00e9 reviendrait \u00e0 livrer \u00e0 une id\u00e9ologie militante d\u2019extr\u00eame droite un des grands quotidiens du pays, \u00e0 appauvrir la pluralit\u00e9 de l\u2019information en France\u00a0\u00bb, ont-ils estim\u00e9 dans cette lettre adress\u00e9e \u00e0 Bernard Arnault, PDG du num\u00e9ro un mondial du luxe LVMH et propri\u00e9taire de nombreux titres de presse.<\/p>\n<p class=\"asset asset-text\">Exprimant leur \u00ab\u00a0tr\u00e8s vive \u00e9motion\u00a0\u00bb, la Soci\u00e9t\u00e9 des journalistes du Parisien et les repr\u00e9sentants syndicaux SNJ, SNJ-CGT et SGLCE-CGT demandent \u00e0 Bernard Arnault de \u00ab\u00a0renoncer\u00a0\u00bb \u00e0 cette vente, dans le cas o\u00f9 il l\u2019envisage.<\/p>\n<p>    \u00ab\u00a0Cette histoire vous oblige\u00a0\u00bb    <\/p>\n<p class=\"asset asset-text\">Cette lettre ouverte fait suite \u00e0 un article publi\u00e9 ce lundi 8\u00a0septembre par le magazine <a href=\"https:\/\/www.challenges.fr\/entreprise\/medias\/je-nai-jamais-vu-ca-au-parisien-inquietude-et-rumeurs-de-vente-a-bollore-agitent-la-redaction-a-une-semaine-dune-reorganisation_623841\" target=\"_blank\" rel=\"noopener\" title=\"Nouvelle fen\u00eatre\">Challenges<\/a> sur une \u00e9ventuelle vente \u00e0 Vincent Bollor\u00e9, apr\u00e8s des rumeurs r\u00e9currentes depuis plusieurs semaines. Ce mardi, <a href=\"https:\/\/www.nouvelobs.com\/medias\/20250909.OBS107481\/vincent-bollore-en-pole-position-pour-racheter-le-parisien-a-bernard-arnault.html\" target=\"_blank\" rel=\"noopener\" title=\"Nouvelle fen\u00eatre\">Le Nouvel Obs<\/a> est m\u00eame all\u00e9 plus loin, en affirmant que l\u2019industriel breton \u00e9tait d\u00e9sormais\u00a0le \u00ab\u00a0favori\u00a0\u00bb dans le cas d\u2019une \u00e9ventuelle revente du Parisien par Bernard Arnault. Les deux milliardaires se seraient rencontr\u00e9s durant le mois d\u2019ao\u00fbt \u00e0 Saint-Tropez, affirme le magazine, apr\u00e8s d\u00e9j\u00e0 de premi\u00e8res \u00e9bauches de n\u00e9gociation en juin dernier.<\/p>\n<p class=\"asset asset-text\">\u00ab\u00a0Le Parisien est un grand journal. Un quotidien historique, n\u00e9 en 1944 \u00e0 la Lib\u00e9ration de Paris\u00a0\u00bb et est \u00ab\u00a0devenu un acteur incontournable du paysage m\u00e9diatique\u00a0\u00bb, soulignent les signataires de la lettre. \u00ab\u00a0Cette histoire vous oblige. Vous en \u00eates le garant depuis que LVMH a rachet\u00e9 le Parisien il y a dix ans\u00a0\u00bb, plaident-ils aupr\u00e8s de Bernard Arnault.<\/p>\n<p> La lecture de ce contenu est susceptible d\u2019entra\u00eener un d\u00e9p\u00f4t de cookies de la part de l\u2019op\u00e9rateur tiers qui l\u2019h\u00e9berge. Compte-tenu des choix que vous avez exprim\u00e9s en mati\u00e8re de d\u00e9p\u00f4t de cookies, nous avons bloqu\u00e9 l\u2019affichage de ce contenu. Si vous souhaitez y acc\u00e9der, vous devez accepter la cat\u00e9gorie de cookies \u201cContenus tiers\u201d en cliquant sur le bouton ci-dessous. <\/p>\n<p> Lire la Vid\u00e9o        <\/p>\n<p class=\"asset asset-text\">Contact\u00e9e par l\u2019AFP, la direction du Parisien n\u2019\u00e9tait pas imm\u00e9diatement joignable. Mais le quotidien vient de conna\u00eetre un plan de r\u00e9organisation, avec la suppression pr\u00e9vue de pr\u00e8s de 40 postes. Cette annonce avait entra\u00een\u00e9 en mars une gr\u00e8ve de 24\u00a0heures et une motion de d\u00e9fiance contre la direction.<\/p>\n<p>    Des empires m\u00e9diatiques colossaux    <\/p>\n<p class=\"asset asset-text\">Bernard Arnault est actionnaire du Parisien\/Aujourd\u2019hui en France et aussi du quotidien Les \u00c9chos et de Radio Classique. Il a aussi rachet\u00e9 cette ann\u00e9e la totalit\u00e9 du quotidien lib\u00e9ral L\u2019Opinion, ainsi que du site d\u2019actualit\u00e9 financi\u00e8re L\u2019Agefi. Fin 2024, LVMH a rachet\u00e9 en outre Paris Match au groupe Lagard\u00e8re, qui \u00e9tait dans le giron de Vincent Bollor\u00e9.<\/p>\n<p class=\"asset asset-text\">De son c\u00f4t\u00e9, le milliardaire ultra-conservateur contr\u00f4le le groupe Canal+, qui comprend notamment CNews, leader habituelle des cha\u00eenes info en part d\u2019audience. Vincent Bollor\u00e9 est en outre pr\u00e9sent dans la presse magazine via le num\u00e9ro un du secteur Prisma Media (Voici, Capital, Femme actuelle&#8230;), et il contr\u00f4le Lagard\u00e8re (Europe 1, JDD&#8230;).<\/p>\n<p class=\"asset asset-text\">Cette acquisition de Lagard\u00e8re en 2023 s\u2019est accompagn\u00e9e d\u2019un profond remaniement au JDD, avec un directeur tr\u00e8s proche de l\u2019extr\u00eame droite, Geoffroy Lejeune, entra\u00eenant une gr\u00e8ve et des d\u00e9parts massifs, comme auparavant \u00e0 i-T\u00e9l\u00e9 (devenue CNews) et Europe 1.<\/p>\n","protected":false},"excerpt":{"rendered":"LUDOVIC MARIN, THOMAS SAMSON \/ AFP Bernard Arnault pourrait vendre Le Parisien \u00e0 Vincent Bollor\u00e9, selon des rumeurs&hellip;\n","protected":false},"author":2,"featured_media":378894,"comment_status":"","ping_status":"","sticky":false,"template":"","format":"standard","meta":{"footnotes":""},"categories":[6],"tags":[3820,35,251,33,34,1011,27,5553,500,1022],"class_list":{"0":"post-378893","1":"post","2":"type-post","3":"status-publish","4":"format-standard","5":"has-post-thumbnail","7":"category-economie","8":"tag-bernard-arnault","9":"tag-business","10":"tag-culture","11":"tag-economie","12":"tag-economy","13":"tag-fr","14":"tag-france","15":"tag-le-parisien","16":"tag-medias","17":"tag-vincent-bollore"},"share_on_mastodon":{"url":"https:\/\/pubeurope.com\/@fr\/115176938511836803","error":""},"_links":{"self":[{"href":"https:\/\/www.europesays.com\/fr\/wp-json\/wp\/v2\/posts\/378893","targetHints":{"allow":["GET"]}}],"collection":[{"href":"https:\/\/www.europesays.com\/fr\/wp-json\/wp\/v2\/posts"}],"about":[{"href":"https:\/\/www.europesays.com\/fr\/wp-json\/wp\/v2\/types\/post"}],"author":[{"embeddable":true,"href":"https:\/\/www.europesays.com\/fr\/wp-json\/wp\/v2\/users\/2"}],"replies":[{"embeddable":true,"href":"https:\/\/www.europesays.com\/fr\/wp-json\/wp\/v2\/comments?post=378893"}],"version-history":[{"count":0,"href":"https:\/\/www.europesays.com\/fr\/wp-json\/wp\/v2\/posts\/378893\/revisions"}],"wp:featuredmedia":[{"embeddable":true,"href":"https:\/\/www.europesays.com\/fr\/wp-json\/wp\/v2\/media\/378894"}],"wp:attachment":[{"href":"https:\/\/www.europesays.com\/fr\/wp-json\/wp\/v2\/media?parent=378893"}],"wp:term":[{"taxonomy":"category","embeddable":true,"href":"https:\/\/www.europesays.com\/fr\/wp-json\/wp\/v2\/categories?post=378893"},{"taxonomy":"post_tag","embeddable":true,"href":"https:\/\/www.europesays.com\/fr\/wp-json\/wp\/v2\/tags?post=378893"}],"curies":[{"name":"wp","href":"https:\/\/api.w.org\/{rel}","templated":true}]}}