{"id":378895,"date":"2025-09-09T23:29:12","date_gmt":"2025-09-09T23:29:12","guid":{"rendered":"https:\/\/www.europesays.com\/fr\/378895\/"},"modified":"2025-09-09T23:29:12","modified_gmt":"2025-09-09T23:29:12","slug":"doha-continuera-de-jouer-son-role-de-mediateur-dans-la-guerre-a-gaza-annonce-le-premier-ministre-qatari","status":"publish","type":"post","link":"https:\/\/www.europesays.com\/fr\/378895\/","title":{"rendered":"Doha continuera de jouer son r\u00f4le de m\u00e9diateur dans la guerre \u00e0 Gaza, annonce le premier ministre qatari"},"content":{"rendered":"<p>   L\u2019attaque \u00e0 Doha \u00ab\u00a0ne promeut pas les objectifs d\u2019Isra\u00ebl ni de l\u2019Am\u00e9rique\u00a0\u00bb, affirme la porte-parole de la Maison Blanche             <\/p>\n<p class=\"post__live-container--answer-text post__space-node\">\u00ab\u00a0L\u2019administration Trump a \u00e9t\u00e9 notifi\u00e9e ce matin par l\u2019arm\u00e9e am\u00e9ricaine\u00a0\u00bb de l\u2019attaque isra\u00e9lienne \u00e0 venir, a d\u00e9clar\u00e9 la porte-parole de la Maison Blanche, Karoline Leavitt, lors d\u2019un point presse \u00e0 la Maison Blanche. \u00ab\u00a0Le pr\u00e9sident Trump a imm\u00e9diatement ordonn\u00e9 \u00e0 l\u2019\u00e9missaire [Steve] Witkoff d\u2019informer le Qatar de l\u2019attaque imminente, ce qu\u2019il a fait.\u00a0\u00bb<\/p>\n<p class=\"post__live-container--answer-text post__space-node\">\u00ab\u00a0Bombarder unilat\u00e9ralement le Qatar \u2013 une nation souveraine et proche alli\u00e9e des Etats-Unis qui travaille tr\u00e8s dur et prend courageusement des risques avec nous pour n\u00e9gocier la paix \u2013 ne fait avancer ni Isra\u00ebl ni les objectifs de l\u2019Am\u00e9rique\u00a0\u00bb, a-t-elle estim\u00e9, avant d\u2019ajouter\u00a0: \u00ab\u00a0Cependant, \u00e9liminer le Hamas \u2013 qui a profit\u00e9 de la mis\u00e8re des habitants de Gaza \u2013 est un objectif louable.\u00a0\u00bb<\/p>\n<p class=\"post__live-container--answer-text post__space-node\">\u00ab\u00a0Le pr\u00e9sident consid\u00e8re le Qatar comme un alli\u00e9 fort et un ami des Etats-Unis, et se sent tr\u00e8s mal \u00e0 l\u2019aise quant au lieu de l\u2019attaque\u00a0\u00bb, a soulign\u00e9 Mme\u00a0Leavitt. La porte-parole a pr\u00e9cis\u00e9 enfin que Donald Trump avait parl\u00e9 avec le premier ministre isra\u00e9lien, Benyamin N\u00e9tanyahou, ainsi qu\u2019avec l\u2019\u00e9mir du Qatar, cheikh Tamim Ben Hamad Al Thani, apr\u00e8s les frappes, pour lui assurer \u00ab\u00a0qu\u2019une telle situation ne se reproduirait plus sur leur sol\u00a0\u00bb.<\/p>\n<p>                 <img decoding=\"async\" class=\"post__live-container--img post__space-node\"  src=\"https:\/\/www.europesays.com\/fr\/wp-content\/uploads\/2025\/09\/85eac80_ftp-import-images-1-yz87pdzsd3pt-53fd14b119c84f07b2dd5f9e0c23f6cc-0-bdc47b2cf3324709acebc75c.jpeg\" data- alt=\"La porte-parole de la Maison Blanche, Karoline Leavitt, \u00e0 Washington, le 9\u00a0septembre 2025.\"\/>   La porte-parole de la Maison Blanche, Karoline Leavitt, \u00e0 Washington, le 9\u00a0septembre 2025. ALEX BRANDON \/ AP         <\/p>\n","protected":false},"excerpt":{"rendered":"L\u2019attaque \u00e0 Doha \u00ab\u00a0ne promeut pas les objectifs d\u2019Isra\u00ebl ni de l\u2019Am\u00e9rique\u00a0\u00bb, affirme la porte-parole de la Maison&hellip;\n","protected":false},"author":2,"featured_media":378896,"comment_status":"","ping_status":"","sticky":false,"template":"","format":"standard","meta":{"footnotes":""},"categories":[5],"tags":[11,1011,27,14,12,28],"class_list":{"0":"post-378895","1":"post","2":"type-post","3":"status-publish","4":"format-standard","5":"has-post-thumbnail","7":"category-international","8":"tag-actualites","9":"tag-fr","10":"tag-france","11":"tag-international","12":"tag-news","13":"tag-world"},"share_on_mastodon":{"url":"https:\/\/pubeurope.com\/@fr\/115176942168193622","error":""},"_links":{"self":[{"href":"https:\/\/www.europesays.com\/fr\/wp-json\/wp\/v2\/posts\/378895","targetHints":{"allow":["GET"]}}],"collection":[{"href":"https:\/\/www.europesays.com\/fr\/wp-json\/wp\/v2\/posts"}],"about":[{"href":"https:\/\/www.europesays.com\/fr\/wp-json\/wp\/v2\/types\/post"}],"author":[{"embeddable":true,"href":"https:\/\/www.europesays.com\/fr\/wp-json\/wp\/v2\/users\/2"}],"replies":[{"embeddable":true,"href":"https:\/\/www.europesays.com\/fr\/wp-json\/wp\/v2\/comments?post=378895"}],"version-history":[{"count":0,"href":"https:\/\/www.europesays.com\/fr\/wp-json\/wp\/v2\/posts\/378895\/revisions"}],"wp:featuredmedia":[{"embeddable":true,"href":"https:\/\/www.europesays.com\/fr\/wp-json\/wp\/v2\/media\/378896"}],"wp:attachment":[{"href":"https:\/\/www.europesays.com\/fr\/wp-json\/wp\/v2\/media?parent=378895"}],"wp:term":[{"taxonomy":"category","embeddable":true,"href":"https:\/\/www.europesays.com\/fr\/wp-json\/wp\/v2\/categories?post=378895"},{"taxonomy":"post_tag","embeddable":true,"href":"https:\/\/www.europesays.com\/fr\/wp-json\/wp\/v2\/tags?post=378895"}],"curies":[{"name":"wp","href":"https:\/\/api.w.org\/{rel}","templated":true}]}}