{"id":378897,"date":"2025-09-09T23:30:13","date_gmt":"2025-09-09T23:30:13","guid":{"rendered":"https:\/\/www.europesays.com\/fr\/378897\/"},"modified":"2025-09-09T23:30:13","modified_gmt":"2025-09-09T23:30:13","slug":"mouvement-bloquons-tout-quels-seront-les-points-de-manifestations-en-haute-vienne-ce-mercredi-10-septembre-le-populaire-du-centre","status":"publish","type":"post","link":"https:\/\/www.europesays.com\/fr\/378897\/","title":{"rendered":"Mouvement &quot;Bloquons tout&quot; : quels seront les points de manifestations en Haute-Vienne ce mercredi 10 septembre &#8211; Le Populaire du Centre"},"content":{"rendered":"<ol>\n<li><a href=\"https:\/\/news.google.com\/rss\/articles\/CBMi_AFBVV95cUxPUnZVcWg2R0ZrU2VpUEliUDNJWjRwSGpqdlNoRXByQVJOQVZUWFF1WDVrWkVOZEhVdHM5ZlFrYmpnc0RUN2NrUjhYUU5KYzVmelN3TV9XaGhpZTdZVUlOTmZZQWhRcWdSRFFrcUFNSWhsaEhtZDd5eEU4U01fN2JPMWNoRUNqV1RsSWg4Y3ZwaFNkbElWT01URXQzMy1GOEZtSldxRHZKLVRUVnlXWkd6dTViQTAzeE1yZjFIYkxnN1ZITk1WakJKUXp4cFkwVDk0c1lFWTNSalJRNXA0N1V2T3B3aHVPNEtLNjlNSk5qcUhCdm1lVUdVOHhVVWc?oc=5\" target=\"_blank\" rel=\"nofollow noopener\">Mouvement \u00ab\u00a0Bloquons tout\u00a0\u00bb : quels seront les points de manifestations en Haute-Vienne ce mercredi 10 septembre<\/a>&nbsp;&nbsp;Le Populaire du Centre<\/li>\n<li><a href=\"https:\/\/news.google.com\/rss\/articles\/CBMimAJBVV95cUxNTENwZG90WHhHY2M3Z1ljNXY5TUllNHlPOTRMQjFvT0ZTWW54QmVmY2RmRXZLTWFKaW5yazk0UldBeEItQWk1N3VmeUpPdmhFZ1U4NFRfME41cGsyQ25PZDVzR3pvZENIMXR0a042Y3Y4MDBKQ0M2b0JuMGFzWXJBZGZqWDRXNDQ4TnpBU0xHWkdVLTItR1VjSnktVWotZmNSeXVRbDMyT3NYelNwU1g2V2FiejlVZFVrbi1xN0hlMDBiZ1YxSldDTlh3OU9GNTV6NEtPQldjXzBudHFpbDV2TkZ1X3Qtem9CSTJndlNaVmlObWFBeWdINlFpcFhzMXJSRGdLVVRzU0k3NzRmcGxtbnFNSGhkNlR6?oc=5\" target=\"_blank\" rel=\"nofollow noopener\">Mouvement du 10 septembre : \u00ab Le but n\u2019est plus de renverser le capitalisme, mais de le rendre moins cruel pour les plus d\u00e9munis \u00bb<\/a>&nbsp;&nbsp;Le Monde.fr<\/li>\n<li><a href=\"https:\/\/news.google.com\/rss\/articles\/CBMivgFBVV95cUxOdTlSekxEaUc2eXJHMlJvUExWS0VkWHBHNTQ5aU1EV09sY2c5M0Z0bHVBeDk1RmFnMHFCMHNBT2w1WDIyTlhCU0pHMEtZbnBlLXluT2pMUGdJdEhvVkZXRll5R051SGVyRnluV2dNMEVTdXNiQjVCTHB6NHdFOHltbGVTVzA2SEZPV0k0WEZMOVJiUGxzcnN5R1ZUOFRNaktCd2E0VzNpQWJSVWlIRGJCUFRob1daa2pBNnRuSl93?oc=5\" target=\"_blank\" rel=\"nofollow noopener\">\u00abBloquons tout\u00bb, le mouvement de ras-le-bol qui veut secouer la France ce 10 septembre<\/a>&nbsp;&nbsp;RFI<\/li>\n<li><a href=\"https:\/\/news.google.com\/rss\/articles\/CBMi6gFBVV95cUxQMGlTek45elJLV0VwZXF5Vk9tOTV0ejhCVnBwLWRORk9ld3psSkdCa3d3NWVLUEhoZ2trUnFPWkJEU3hiNUdPQ2dBSktxT19jRDZXblZGVGtRdFhNd05KSkdlcllZb0d4bGgtd3owZUJkd00tdDZ3ZkNRZkdDUEk4cllKeUpnbjFRUjF2SUNfeVlSSTFydEhuVFpNSGJtbVl3d3puYW9EZ2xHaEpSdlgyYTJMQk9CQTJRNFRGR1dLdHVDc081R2RuOEZPTHBkTkFCWlRFdDBKVFBsUTl5UW1QZVZsM2R5V1lLSGc?oc=5\" target=\"_blank\" rel=\"nofollow noopener\">10 septembre: transports, blocages, \u00e9coles&#8230; \u00c0 quoi s&rsquo;attendre pour la journ\u00e9e de mobilisation \u00ab\u00a0Bloquons tout\u00a0\u00bb?<\/a>&nbsp;&nbsp;BFMTV<\/li>\n<li><a href=\"https:\/\/news.google.com\/rss\/articles\/CBMipAFBVV95cUxNanVxSmNyeFYtMmFLUHFFSjVTYXo3YjBPdWRPVFVESU42NlZvZV9sckplcm1iM3laSnc1Qmp3NWhwY180eUNjeVFfQ2NvSmlVaVhXakd5a05jaU1OTEo0YW9sLTBOOG1MS2JYWlZmdWpmUWc3ZTE0UmgzLVEwd09LWDRSOWJVMGNnOG9qbHl2azE2NVZmNEdsRlgxbTNUUjBBTWRtdA?oc=5\" target=\"_blank\" rel=\"nofollow noopener\">Info Gr\u00e8ve : mouvement social national interprofessionnel du 10 septembre 2025<\/a>&nbsp;&nbsp;Transilien<\/li>\n<\/ol>\n","protected":false},"excerpt":{"rendered":"Mouvement \u00ab\u00a0Bloquons tout\u00a0\u00bb : quels seront les points de manifestations en Haute-Vienne ce mercredi 10 septembre&nbsp;&nbsp;Le Populaire du&hellip;\n","protected":false},"author":2,"featured_media":1445,"comment_status":"","ping_status":"","sticky":false,"template":"","format":"standard","meta":{"footnotes":""},"categories":[4],"tags":[11,1011,27,12,25],"class_list":{"0":"post-378897","1":"post","2":"type-post","3":"status-publish","4":"format-standard","5":"has-post-thumbnail","7":"category-france","8":"tag-actualites","9":"tag-fr","10":"tag-france","11":"tag-news","12":"tag-republique-francaise"},"share_on_mastodon":{"url":"https:\/\/pubeurope.com\/@fr\/115176946008896028","error":""},"_links":{"self":[{"href":"https:\/\/www.europesays.com\/fr\/wp-json\/wp\/v2\/posts\/378897","targetHints":{"allow":["GET"]}}],"collection":[{"href":"https:\/\/www.europesays.com\/fr\/wp-json\/wp\/v2\/posts"}],"about":[{"href":"https:\/\/www.europesays.com\/fr\/wp-json\/wp\/v2\/types\/post"}],"author":[{"embeddable":true,"href":"https:\/\/www.europesays.com\/fr\/wp-json\/wp\/v2\/users\/2"}],"replies":[{"embeddable":true,"href":"https:\/\/www.europesays.com\/fr\/wp-json\/wp\/v2\/comments?post=378897"}],"version-history":[{"count":0,"href":"https:\/\/www.europesays.com\/fr\/wp-json\/wp\/v2\/posts\/378897\/revisions"}],"wp:featuredmedia":[{"embeddable":true,"href":"https:\/\/www.europesays.com\/fr\/wp-json\/wp\/v2\/media\/1445"}],"wp:attachment":[{"href":"https:\/\/www.europesays.com\/fr\/wp-json\/wp\/v2\/media?parent=378897"}],"wp:term":[{"taxonomy":"category","embeddable":true,"href":"https:\/\/www.europesays.com\/fr\/wp-json\/wp\/v2\/categories?post=378897"},{"taxonomy":"post_tag","embeddable":true,"href":"https:\/\/www.europesays.com\/fr\/wp-json\/wp\/v2\/tags?post=378897"}],"curies":[{"name":"wp","href":"https:\/\/api.w.org\/{rel}","templated":true}]}}