{"id":378900,"date":"2025-09-09T23:32:34","date_gmt":"2025-09-09T23:32:34","guid":{"rendered":"https:\/\/www.europesays.com\/fr\/378900\/"},"modified":"2025-09-09T23:32:34","modified_gmt":"2025-09-09T23:32:34","slug":"fete-de-rentree-a-la-comedie","status":"publish","type":"post","link":"https:\/\/www.europesays.com\/fr\/378900\/","title":{"rendered":"F\u00eate de rentr\u00e9e \u00e0 la Com\u00e9die"},"content":{"rendered":"<p>La F\u00eate du lait, rendez-vous bisannuel pour c\u00e9l\u00e9brer l\u2019agriculture lig\u00e9rienne aura lieu cette ann\u00e9e, les samedi 13 et dimanche 14 septembre, \u00e0 Fourneaux. Cet \u00e9v\u00e9nement grand public et agricole accueillera plus de 15 000 visiteurs, autour d\u2019un concours de vaches laiti\u00e8res, d\u2019un march\u00e9 de producteurs locaux, de repas fermiers et de nombreuses animations pour toute la famille.\u00a0<\/p>\n","protected":false},"excerpt":{"rendered":"La F\u00eate du lait, rendez-vous bisannuel pour c\u00e9l\u00e9brer l\u2019agriculture lig\u00e9rienne aura lieu cette ann\u00e9e, les samedi 13 et&hellip;\n","protected":false},"author":2,"featured_media":41030,"comment_status":"","ping_status":"","sticky":false,"template":"","format":"standard","meta":{"footnotes":""},"categories":[9653],"tags":[1111,11,2430,1777,674,1011,27,12,25,4001],"class_list":{"0":"post-378900","1":"post","2":"type-post","3":"status-publish","4":"format-standard","5":"has-post-thumbnail","7":"category-saint-etienne","8":"tag-actu","9":"tag-actualites","10":"tag-auvergne-rhone-alpes","11":"tag-eu","12":"tag-europe","13":"tag-fr","14":"tag-france","15":"tag-news","16":"tag-republique-francaise","17":"tag-saint-etienne"},"share_on_mastodon":{"url":"https:\/\/pubeurope.com\/@fr\/115176953851510405","error":""},"_links":{"self":[{"href":"https:\/\/www.europesays.com\/fr\/wp-json\/wp\/v2\/posts\/378900","targetHints":{"allow":["GET"]}}],"collection":[{"href":"https:\/\/www.europesays.com\/fr\/wp-json\/wp\/v2\/posts"}],"about":[{"href":"https:\/\/www.europesays.com\/fr\/wp-json\/wp\/v2\/types\/post"}],"author":[{"embeddable":true,"href":"https:\/\/www.europesays.com\/fr\/wp-json\/wp\/v2\/users\/2"}],"replies":[{"embeddable":true,"href":"https:\/\/www.europesays.com\/fr\/wp-json\/wp\/v2\/comments?post=378900"}],"version-history":[{"count":0,"href":"https:\/\/www.europesays.com\/fr\/wp-json\/wp\/v2\/posts\/378900\/revisions"}],"wp:featuredmedia":[{"embeddable":true,"href":"https:\/\/www.europesays.com\/fr\/wp-json\/wp\/v2\/media\/41030"}],"wp:attachment":[{"href":"https:\/\/www.europesays.com\/fr\/wp-json\/wp\/v2\/media?parent=378900"}],"wp:term":[{"taxonomy":"category","embeddable":true,"href":"https:\/\/www.europesays.com\/fr\/wp-json\/wp\/v2\/categories?post=378900"},{"taxonomy":"post_tag","embeddable":true,"href":"https:\/\/www.europesays.com\/fr\/wp-json\/wp\/v2\/tags?post=378900"}],"curies":[{"name":"wp","href":"https:\/\/api.w.org\/{rel}","templated":true}]}}