{"id":378903,"date":"2025-09-09T23:34:11","date_gmt":"2025-09-09T23:34:11","guid":{"rendered":"https:\/\/www.europesays.com\/fr\/378903\/"},"modified":"2025-09-09T23:34:11","modified_gmt":"2025-09-09T23:34:11","slug":"meurtre-coup-mortel-ou-legitime-defense","status":"publish","type":"post","link":"https:\/\/www.europesays.com\/fr\/378903\/","title":{"rendered":"meurtre, coup mortel ou l\u00e9gitime d\u00e9fense\u00a0?"},"content":{"rendered":"<p>Meurtre, avec une r\u00e9elle intention homicide\u00a0? Coup de couteau volontaire ayant entra\u00een\u00e9 la mort mais sans vouloir la donner\u00a0? L\u00e9gitime d\u00e9fense\u00a0? C\u2019est sur toutes ces questions que va devoir plancher cette semaine la cour d\u2019assises de Meurthe-et-Moselle, pr\u00e9sid\u00e9e par Th\u00e9r\u00e8se Diligent, mais aussi les nombreux \u00e9tudiants en droit pr\u00e9sents qui ont sous les yeux un excellent cas pratique.<\/p>\n<p>Dans le box depuis ce mardi, Damien Drouin, peintre en b\u00e2timent de 38 ans, jug\u00e9 pour homicide volontaire et qui encourt 30 ann\u00e9es de r\u00e9clusion. Le 12\u00a0mars 2021, en soir\u00e9e, Dominique Staal, 41 ans, a pris un coup de couteau mortel, \u00e0 la pointe du c\u0153ur, dans un petit appartement de Nancy sis au Faubourg&#8230;<\/p>\n","protected":false},"excerpt":{"rendered":"Meurtre, avec une r\u00e9elle intention homicide\u00a0? Coup de couteau volontaire ayant entra\u00een\u00e9 la mort mais sans vouloir la&hellip;\n","protected":false},"author":2,"featured_media":378904,"comment_status":"","ping_status":"","sticky":false,"template":"","format":"standard","meta":{"footnotes":""},"categories":[9635],"tags":[1111,11,1777,674,274,1011,27,775,1702,12,3456,25],"class_list":{"0":"post-378903","1":"post","2":"type-post","3":"status-publish","4":"format-standard","5":"has-post-thumbnail","7":"category-nancy","8":"tag-actu","9":"tag-actualites","10":"tag-eu","11":"tag-europe","12":"tag-faits-divers-justice","13":"tag-fr","14":"tag-france","15":"tag-grand-est","16":"tag-nancy","17":"tag-news","18":"tag-region-lorraine","19":"tag-republique-francaise"},"share_on_mastodon":{"url":"https:\/\/pubeurope.com\/@fr\/115176961617251862","error":""},"_links":{"self":[{"href":"https:\/\/www.europesays.com\/fr\/wp-json\/wp\/v2\/posts\/378903","targetHints":{"allow":["GET"]}}],"collection":[{"href":"https:\/\/www.europesays.com\/fr\/wp-json\/wp\/v2\/posts"}],"about":[{"href":"https:\/\/www.europesays.com\/fr\/wp-json\/wp\/v2\/types\/post"}],"author":[{"embeddable":true,"href":"https:\/\/www.europesays.com\/fr\/wp-json\/wp\/v2\/users\/2"}],"replies":[{"embeddable":true,"href":"https:\/\/www.europesays.com\/fr\/wp-json\/wp\/v2\/comments?post=378903"}],"version-history":[{"count":0,"href":"https:\/\/www.europesays.com\/fr\/wp-json\/wp\/v2\/posts\/378903\/revisions"}],"wp:featuredmedia":[{"embeddable":true,"href":"https:\/\/www.europesays.com\/fr\/wp-json\/wp\/v2\/media\/378904"}],"wp:attachment":[{"href":"https:\/\/www.europesays.com\/fr\/wp-json\/wp\/v2\/media?parent=378903"}],"wp:term":[{"taxonomy":"category","embeddable":true,"href":"https:\/\/www.europesays.com\/fr\/wp-json\/wp\/v2\/categories?post=378903"},{"taxonomy":"post_tag","embeddable":true,"href":"https:\/\/www.europesays.com\/fr\/wp-json\/wp\/v2\/tags?post=378903"}],"curies":[{"name":"wp","href":"https:\/\/api.w.org\/{rel}","templated":true}]}}