{"id":378911,"date":"2025-09-09T23:39:10","date_gmt":"2025-09-09T23:39:10","guid":{"rendered":"https:\/\/www.europesays.com\/fr\/378911\/"},"modified":"2025-09-09T23:39:10","modified_gmt":"2025-09-09T23:39:10","slug":"previsions-du-mercredi-10-septembre-2025","status":"publish","type":"post","link":"https:\/\/www.europesays.com\/fr\/378911\/","title":{"rendered":"pr\u00e9visions du mercredi 10 septembre 2025"},"content":{"rendered":"<p>Aujourd&rsquo;hui, un important soleil brillera sur Montpellier. Il va faire 23\u00b0C en moyenne. Une brise de nord-ouest soufflera doucement. Les temp\u00e9ratures vont enregistrer une augmentation de plusieurs degr\u00e9s dans l&rsquo;apr\u00e8s-midi. Les valeurs seront comprises entre 25 et 27\u00b0C. Le ciel sera assez lumineux, avec quelques \u00e9claircies le soir. Il fera environ 22\u00b0C. On passera de mercredi \u00e0 jeudi par une nuit claire.<\/p>\n<p>Un beau soleil est attendu demain \u00e0 Montpellier. Le mercure va chuter de quelques degr\u00e9s. On pr\u00e9voit des temp\u00e9ratures d&rsquo;environ 22\u00b0C. Un vent de nord-ouest soufflera \u00e0 25 km\/h. Dans la matin\u00e9e, les temp\u00e9ratures seront de 21\u00b0C. Les valeurs vont grimper pendant l&rsquo;apr\u00e8s-midi de quelques degr\u00e9s. Les valeurs seront de 24\u00b0C au minimum et de 26\u00b0C au maximum. Les temp\u00e9ratures tourneront autour des 21\u00b0C dans la soir\u00e9e.<\/p>\n<p>La m\u00e9t\u00e9o des jours suivants va changer peu \u00e0 peu. Le temps perdurera vendredi mais une d\u00e9gradation s&rsquo;ensuivra samedi.<\/p>\n<p><\/p>\n","protected":false},"excerpt":{"rendered":"Aujourd&rsquo;hui, un important soleil brillera sur Montpellier. Il va faire 23\u00b0C en moyenne. Une brise de nord-ouest soufflera&hellip;\n","protected":false},"author":2,"featured_media":378912,"comment_status":"","ping_status":"","sticky":false,"template":"","format":"standard","meta":{"footnotes":""},"categories":[9599],"tags":[1111,11,1777,674,1011,27,7089,2681,2208,12,2680,2119,25],"class_list":{"0":"post-378911","1":"post","2":"type-post","3":"status-publish","4":"format-standard","5":"has-post-thumbnail","7":"category-montpellier","8":"tag-actu","9":"tag-actualites","10":"tag-eu","11":"tag-europe","12":"tag-fr","13":"tag-france","14":"tag-herault","15":"tag-languedoc-roussillon","16":"tag-montpellier","17":"tag-news","18":"tag-occitanie","19":"tag-previsions-meteo","20":"tag-republique-francaise"},"share_on_mastodon":{"url":"https:\/\/pubeurope.com\/@fr\/115176981424153355","error":""},"_links":{"self":[{"href":"https:\/\/www.europesays.com\/fr\/wp-json\/wp\/v2\/posts\/378911","targetHints":{"allow":["GET"]}}],"collection":[{"href":"https:\/\/www.europesays.com\/fr\/wp-json\/wp\/v2\/posts"}],"about":[{"href":"https:\/\/www.europesays.com\/fr\/wp-json\/wp\/v2\/types\/post"}],"author":[{"embeddable":true,"href":"https:\/\/www.europesays.com\/fr\/wp-json\/wp\/v2\/users\/2"}],"replies":[{"embeddable":true,"href":"https:\/\/www.europesays.com\/fr\/wp-json\/wp\/v2\/comments?post=378911"}],"version-history":[{"count":0,"href":"https:\/\/www.europesays.com\/fr\/wp-json\/wp\/v2\/posts\/378911\/revisions"}],"wp:featuredmedia":[{"embeddable":true,"href":"https:\/\/www.europesays.com\/fr\/wp-json\/wp\/v2\/media\/378912"}],"wp:attachment":[{"href":"https:\/\/www.europesays.com\/fr\/wp-json\/wp\/v2\/media?parent=378911"}],"wp:term":[{"taxonomy":"category","embeddable":true,"href":"https:\/\/www.europesays.com\/fr\/wp-json\/wp\/v2\/categories?post=378911"},{"taxonomy":"post_tag","embeddable":true,"href":"https:\/\/www.europesays.com\/fr\/wp-json\/wp\/v2\/tags?post=378911"}],"curies":[{"name":"wp","href":"https:\/\/api.w.org\/{rel}","templated":true}]}}