{"id":378913,"date":"2025-09-09T23:40:12","date_gmt":"2025-09-09T23:40:12","guid":{"rendered":"https:\/\/www.europesays.com\/fr\/378913\/"},"modified":"2025-09-09T23:40:12","modified_gmt":"2025-09-09T23:40:12","slug":"medias-teji-savanier-nous-raconte-son-arrivee-a-montpellier-en-2019","status":"publish","type":"post","link":"https:\/\/www.europesays.com\/fr\/378913\/","title":{"rendered":"[M\u00e9dias] T\u00e9ji Savanier nous raconte son arriv\u00e9e \u00e0 Montpellier en 2019"},"content":{"rendered":"<p>Lors du\u00a0<strong>ZEvent<\/strong>, <strong>Zack Nani<\/strong> a \u00e9chang\u00e9 avec <strong>T\u00e9ji Savanier<\/strong>, et ses mots rappellent pourquoi ce retour \u00e0 Montpellier, en <strong>2019<\/strong> apr\u00e8s son passage \u00e0 N\u00eemes, est si particulier. Pour le milieu Pailnadin, ce retour n\u2019a jamais \u00e9t\u00e9 une question d\u2019argent ou de transfert, mais une histoire de c\u0153ur et de famille.<\/p>\n<\/p>\n<p><strong>\u00ab J\u2019ai \u00e9t\u00e9 fier de moi de pouvoir rejouer dans mon club. Apr\u00e8s je ne parlerai pas transfert ou 10 millions d\u2019euros, \u00e7a c\u2019\u00e9tait le pr\u00e9sident qui a r\u00e9gl\u00e9 \u00e7a. Moi j\u2019\u00e9tais super heureux que mes enfants me voient sur les couloirs de Montpellier, ma famille, que je revoie ce stade, que je suis un joueur du club. Franchement je n\u2019aurais pas r\u00eav\u00e9 mieux. \u00bb<\/strong><\/p>\n<p>Ces mots feront toujours chaud au c\u0153ur pour tous les supporters orange et bleu. On sent l\u2019\u00e9motion, la fiert\u00e9 d\u2019un joueur qui conna\u00eet ce club comme sa maison, et le bonheur de partager ces moments avec sa famille et ses enfants.<\/p>\n<p>Sur le terrain, Savanier n\u2019est pas qu\u2019un visage familier : c\u2019est aussi un\u00a0<strong>milieu qui s\u2019est vu confier diff\u00e9rents r\u00f4les<\/strong>.<\/p>\n<p><strong>\u00ab Apr\u00e8s j\u2019aimais bien \u00e9voluer \u00e0 un seul 6. \u00c0 l\u2019\u00e9poque \u00e0 N\u00eemes, je jouais \u00e0 un 6, je me sentais tr\u00e8s bien. \u00c0 mon arriv\u00e9e \u00e0 Montpellier, Michel Der Zakarian m\u2019avait fait jouer un peu plus haut en 10. C\u2019est un poste que j\u2019aime bien aussi, parce que c\u2019est moi qui fais la derni\u00e8re passe souvent. Comme j\u2019ai dit tout \u00e0 l\u2019heure, j\u2019aime bien faire marquer mes attaquants et j\u2019\u00e9tais en bonne position pour les faire marquer. \u00c0 l\u2019\u00e9poque, c\u2019\u00e9tait Andy Delort. \u00bb<\/strong><\/p>\n<p>Polyvalent, capable de d\u00e9fendre ou de cr\u00e9er le jeu, il est un talent certain qui peut encore donner l\u2019\u00e9lan n\u00e9cessaire \u00e0 son club pour remonter. Ses passes d\u00e9cisives et sa vision du jeu ont souvent eu fait la diff\u00e9rence, et c\u2019est exactement ce qu\u2019il manque aujourd\u2019hui \u00e0 Montpellier pour animer le front de son attaque. L\u2019ancien capitaine parviendra-t-il \u00e0 convaincre Zoumana Camara ?<\/p>\n","protected":false},"excerpt":{"rendered":"Lors du\u00a0ZEvent, Zack Nani a \u00e9chang\u00e9 avec T\u00e9ji Savanier, et ses mots rappellent pourquoi ce retour \u00e0 Montpellier,&hellip;\n","protected":false},"author":2,"featured_media":378914,"comment_status":"","ping_status":"","sticky":false,"template":"","format":"standard","meta":{"footnotes":""},"categories":[9599],"tags":[328,1111,11,1777,674,1011,27,500,2208,12,2680,25],"class_list":{"0":"post-378913","1":"post","2":"type-post","3":"status-publish","4":"format-standard","5":"has-post-thumbnail","7":"category-montpellier","8":"tag-a-la-une","9":"tag-actu","10":"tag-actualites","11":"tag-eu","12":"tag-europe","13":"tag-fr","14":"tag-france","15":"tag-medias","16":"tag-montpellier","17":"tag-news","18":"tag-occitanie","19":"tag-republique-francaise"},"share_on_mastodon":{"url":"https:\/\/pubeurope.com\/@fr\/115176985326444590","error":""},"_links":{"self":[{"href":"https:\/\/www.europesays.com\/fr\/wp-json\/wp\/v2\/posts\/378913","targetHints":{"allow":["GET"]}}],"collection":[{"href":"https:\/\/www.europesays.com\/fr\/wp-json\/wp\/v2\/posts"}],"about":[{"href":"https:\/\/www.europesays.com\/fr\/wp-json\/wp\/v2\/types\/post"}],"author":[{"embeddable":true,"href":"https:\/\/www.europesays.com\/fr\/wp-json\/wp\/v2\/users\/2"}],"replies":[{"embeddable":true,"href":"https:\/\/www.europesays.com\/fr\/wp-json\/wp\/v2\/comments?post=378913"}],"version-history":[{"count":0,"href":"https:\/\/www.europesays.com\/fr\/wp-json\/wp\/v2\/posts\/378913\/revisions"}],"wp:featuredmedia":[{"embeddable":true,"href":"https:\/\/www.europesays.com\/fr\/wp-json\/wp\/v2\/media\/378914"}],"wp:attachment":[{"href":"https:\/\/www.europesays.com\/fr\/wp-json\/wp\/v2\/media?parent=378913"}],"wp:term":[{"taxonomy":"category","embeddable":true,"href":"https:\/\/www.europesays.com\/fr\/wp-json\/wp\/v2\/categories?post=378913"},{"taxonomy":"post_tag","embeddable":true,"href":"https:\/\/www.europesays.com\/fr\/wp-json\/wp\/v2\/tags?post=378913"}],"curies":[{"name":"wp","href":"https:\/\/api.w.org\/{rel}","templated":true}]}}