{"id":378919,"date":"2025-09-09T23:43:26","date_gmt":"2025-09-09T23:43:26","guid":{"rendered":"https:\/\/www.europesays.com\/fr\/378919\/"},"modified":"2025-09-09T23:43:26","modified_gmt":"2025-09-09T23:43:26","slug":"le-coup-declat-de-la-candidate-lucille-lheureux","status":"publish","type":"post","link":"https:\/\/www.europesays.com\/fr\/378919\/","title":{"rendered":"Le coup d&rsquo;\u00e9clat de la candidate Lucille Lheureux"},"content":{"rendered":"<p>\t\t\t\t\tCHRONIQUE \u2013 Place Gre\u2019net s\u2019as\u00adso\u00adcie \u00e0 la radio <a href=\"https:\/\/rcf.fr\" target=\"_blank\" rel=\"noopener nofollow\">RCF Is\u00e8re<\/a> chaque lundi midi dans la chro\u00adnique <a href=\"https:\/\/www.placegrenet.fr\/tag\/lecho-des-medias\" target=\"_blank\" rel=\"noopener nofollow\">L\u2019\u00c9cho des m\u00e9dias<\/a>. Notre objec\u00adtif\u00a0? Revenir sur une actua\u00adlit\u00e9, d\u00e9cryp\u00adter une infor\u00adma\u00adtion\u2026 ou r\u00e9v\u00e9\u00adler les cou\u00adlisses du trai\u00adte\u00adment d\u2019une nou\u00advelle. Pour cette chro\u00adnique n\u00b0124 du lundi 8 sep\u00adtembre 2025, retour sur un cour\u00adrier de l\u2019\u00e9\u00adlue gre\u00adno\u00adbloise Lucille Lheureux.<\/p>\n<p>\u00ab\u00a0Aujourd\u2019hui, nous allons par\u00adler d\u2019un cour\u00adrier qui a sus\u00adcit\u00e9 un cer\u00adtain \u00e9moi. En l\u2019oc\u00adcur\u00adrence un cour\u00adrier que l\u2019\u00e9\u00adlue gre\u00adno\u00adbloise Lucille Lheureux a adress\u00e9 <a href=\"https:\/\/www.placegrenet.fr\/2025\/09\/05\/municipales-de-grenoble-lucille-lheureux-candidate-a-la-candidature-denonce-des-pressions-et-des-intimidations\/658933\" target=\"_blank\" rel=\"noopener nofollow\">aux ins\u00adtances de son parti Les \u00c9cologistes<\/a>. Et ceci pour se plaindre de pres\u00adsions dans le cadre de la d\u00e9si\u00adgna\u00adtion de la future t\u00eate de liste aux muni\u00adci\u00adpales pour la majo\u00adrit\u00e9 gre\u00adno\u00adbloise sortante.<\/p>\n<p>Quatre can\u00addi\u00addats \u00e0 la can\u00addi\u00adda\u00adture sont en effet en lice. Trois \u00e9lus de Grenoble \u2013 le com\u00admu\u00adniste Nicolas Beron Perez et les \u00e9co\u00adlo\u00adgistes Margot Belair et Lucille Lheureux \u2013 ainsi qu\u2019une nou\u00advelle venue en poli\u00adtique, la cheffe d\u2019en\u00adtre\u00adprise Laurence Ruffin.<\/p>\n<p>Un cour\u00adrier qui vise le maire de Grenoble<\/p>\n<p>Et Lucille Lheureux vise clai\u00adre\u00adment le maire de Grenoble. L\u2019\u00e9lue affirme dans son cour\u00adrier, qui a fuit\u00e9 dans les colonnes du Dauphin\u00e9 lib\u00e9r\u00e9, qu\u2019\u00c9ric Piolle lui aurait demand\u00e9 de reti\u00adrer sa can\u00addi\u00adda\u00adture. Une demande for\u00admu\u00adl\u00e9e lors d\u2019un entre\u00adtien indi\u00advi\u00adduel, puis dans une lettre manus\u00adcrite dont elle juge que \u00ab\u00a0le ton, la date de remise, la teneur et la fonc\u00adtion de l\u2019\u00e9metteur rel\u00e8vent de l\u2019intimidation\u00a0\u00bb. Des affir\u00adma\u00adtions qu\u2019\u00c9ric Piolle n\u2019a pas sou\u00adhait\u00e9 commenter.<\/p>\n<p>Rappelons que Lucille Lheureux est une fid\u00e8le parmi les fid\u00e8les d\u2019\u00c9ric Piolle. L\u2019\u00e9lue compte parmi les \u201chis\u00adto\u00adriques\u201d de l\u2019\u00e9\u00adquipe Piolle. Elle figu\u00adrait sur sa liste en 2014 puis en 2020 et a tou\u00adjours exerc\u00e9 des fonc\u00adtions d\u2019adjointe.<\/p>\n<p>Il n\u2019est pas un secret que Laurence Ruffin a la pr\u00e9\u00adf\u00e9\u00adrence d\u2019\u00c9ric Piolle mais, au regard de ses \u00e9tats de ser\u00advice, on peut com\u00adprendre que Lucille Lheureux affiche une cer\u00adtaine ran\u00adc\u0153ur. L\u2019\u00e9lue \u00e9voque m\u00eame des pra\u00adtiques \u00ab\u00a0patriar\u00adcales, sexistes et clas\u00adsistes\u00a0\u00bb. Si cette der\u00adni\u00e8re assure, dans un entre\u00adtien accord\u00e9 au quo\u00adti\u00addien, ne pas s\u2019attaquer \u00e0 la \u00ab\u00a0per\u00adsonne\u00a0\u00bb d\u2019\u00c9ric Piolle, c\u2019est pour\u00adtant bien le\u00a0cas.<\/p>\n<p>Le prin\u00adcipe du dau\u00adphin, \u00e0 savoir qu\u2019un \u00e9lu d\u00e9signe son propre suc\u00adces\u00adseur, est vieux comme le monde. Mais, en d\u00e9mo\u00adcra\u00adtie, ce n\u2019est pas une pr\u00e9\u00adro\u00adga\u00adtive ins\u00adti\u00adtu\u00adtion\u00adnelle. Autrement dit, si \u00c9ric Piolle a demand\u00e9 \u00e0 Lucille Lheureux de se reti\u00adrer, c\u2019est for\u00adc\u00e9\u00adment \u00e0 titre per\u00adson\u00adnel, et non en tant que maire de Grenoble.<\/p>\n<p>La vie poli\u00adtique gre\u00adno\u00adbloise et ses remous<\/p>\n<p>Reste que Lucille Lheureux ne d\u00e9couvre pas le monde de la poli\u00adtique. D\u2019autant qu\u2019elle a assist\u00e9 \u00e0 la ter\u00adrible dis\u00adgr\u00e2ce d\u2019Enzo Lesourt. Cet arti\u00adsan de la vic\u00adtoire d\u2019\u00c9ric Piolle en 2014, avait \u00e9t\u00e9 son conseiller intime tout le long du pre\u00admier man\u00addat, avant de finir par \u00eatre d\u00e9clar\u00e9 per\u00adsona non grata en\u00a02020.<\/p>\n<p>Lucille Lheureux a \u00e9ga\u00adle\u00adment vu com\u00adment sept \u00e9lus de sa majo\u00adrit\u00e9 <a href=\"https:\/\/www.placegrenet.fr\/2023\/03\/26\/exclusion-des-sept-elus-de-la-majorite-de-grenoble-eric-piolle-fait-comme-emmanuel-macron-avec-une-forme-de-49-3\/597848\" target=\"_blank\" rel=\"noopener nofollow\">ont \u00e9t\u00e9 exclus<\/a>, offi\u00adciel\u00adle\u00adment pour avoir exprim\u00e9 des r\u00e9serves sur la hausse de la taxe fon\u00adci\u00e8re. Peu de temps avant, c\u2019est un autre \u00e9lu, Lionel Picollet, qui avait <a href=\"https:\/\/www.placegrenet.fr\/2023\/01\/12\/pratiques-autoritaires-lionel-picollet-quitte-les-groupes-des-majorites-grenobloise-et-metropolitaine\/589598\" target=\"_blank\" rel=\"noopener nofollow\">cla\u00adqu\u00e9 la porte de la majo\u00adrit\u00e9 gre\u00adno\u00adbloise<\/a> en d\u00e9non\u00ad\u00e7ant des \u00ab\u00a0pra\u00adtiques auto\u00adri\u00adtaires\u00a0\u00bb.<\/p>\n<p>Et nous pour\u00adrions citer encore l\u2019ar\u00adr\u00eat par la Ville de Grenoble de sa conven\u00adtion <a href=\"https:\/\/www.placegrenet.fr\/2024\/09\/13\/mjc-premol-la-fin-de-la-convention-annoncee-par-la-ville-de-grenoble-suscite-de-vives-reactions\/635632\" target=\"_blank\" rel=\"noopener nofollow\">avec la MJC Pr\u00e9mol<\/a>, v\u00e9ri\u00adtable mise \u00e0 mort de l\u2019as\u00adso\u00adcia\u00adtion, peut-\u00eatre cou\u00adpable d\u2019a\u00advoir trop cri\u00adti\u00adqu\u00e9 le retrait de la ges\u00adtion de son th\u00e9\u00e2tre au pro\u00adfit des Arts du r\u00e9cit. Une d\u00e9ci\u00adsion cha\u00adpeau\u00adt\u00e9e par Lucille Lheureux, en tant qu\u2019ad\u00adjointe aux Cultures.<\/p>\n<p>Quoi qu\u2019il en soit, l\u2019a\u00admer\u00adtume qu\u2019ex\u00adprime d\u00e9sor\u00admais publi\u00adque\u00adment cet ex-fer\u00advente par\u00adti\u00adsane du maire nous per\u00admet \u00e0 nou\u00adveau de consta\u00adter que la poli\u00adtique n\u2019a d\u00e9ci\u00add\u00e9\u00adment rien d\u2019un long fleuve tranquille.\u00a0\u00bb<\/p>\n<p>Retrouvez la chro\u00adnique RCF 124 dans sa ver\u00adsion radio\u00adpho\u00adnique en cli\u00adquant sur le lec\u00adteur ci-dessous.<\/p>\n<p><a href=\"https:\/\/rcf.fr\/actualite\/lecho-des-medias-avec-place-grenet\" target=\"_blank\" rel=\"noopener nofollow\"><img fetchpriority=\"high\" decoding=\"async\" aria-describedby=\"caption-attachment-545542\" class=\"wp-image-545542 size-full\" src=\"data:image\/svg+xml,%3Csvg%20xmlns=\" http:=\"\" alt=\"Chronique RCF 124 : Retour sur un courrier de Lucille Lheureux\" width=\"1181\" height=\"622\" data-lazy- data-lazy- data-lazy-src=\"https:\/\/www.europesays.com\/fr\/wp-content\/uploads\/2025\/04\/RCF_LOGO_ISERE_QUADRI-e1631280905220.png\"\/><\/a><\/p>\n<p id=\"caption-attachment-545542\" class=\"wp-caption-text\">Chronique RCF 124\u00a0: Retour sur un cour\u00adrier de Lucille Lheureux<\/p>\n<p>Chaque lundi midi, retrou\u00advez la chro\u00adnique L\u2019\u00c9cho des m\u00e9dias <a href=\"https:\/\/rcf.fr\/actualite\/lecho-des-medias-avec-place-grenet\" rel=\"nofollow noopener\" target=\"_blank\">sur RCF Is\u00e8re<\/a> (103.7\u00a0FM \u00e0 Grenoble) en par\u00adte\u00adna\u00adriat avec Place Gre\u2019net. (Cliquer sur l\u2019i\u00admage pour acc\u00e9\u00adder \u00e0 toutes les chroniques.)<\/p>\n","protected":false},"excerpt":{"rendered":"CHRONIQUE \u2013 Place Gre\u2019net s\u2019as\u00adso\u00adcie \u00e0 la radio RCF Is\u00e8re chaque lundi midi dans la chro\u00adnique L\u2019\u00c9cho des&hellip;\n","protected":false},"author":2,"featured_media":27517,"comment_status":"","ping_status":"","sticky":false,"template":"","format":"standard","meta":{"footnotes":""},"categories":[9566],"tags":[1111,11,2430,1777,674,1011,27,2731,12,25],"class_list":{"0":"post-378919","1":"post","2":"type-post","3":"status-publish","4":"format-standard","5":"has-post-thumbnail","7":"category-grenoble","8":"tag-actu","9":"tag-actualites","10":"tag-auvergne-rhone-alpes","11":"tag-eu","12":"tag-europe","13":"tag-fr","14":"tag-france","15":"tag-grenoble","16":"tag-news","17":"tag-republique-francaise"},"share_on_mastodon":{"url":"https:\/\/pubeurope.com\/@fr\/115176997066831708","error":""},"_links":{"self":[{"href":"https:\/\/www.europesays.com\/fr\/wp-json\/wp\/v2\/posts\/378919","targetHints":{"allow":["GET"]}}],"collection":[{"href":"https:\/\/www.europesays.com\/fr\/wp-json\/wp\/v2\/posts"}],"about":[{"href":"https:\/\/www.europesays.com\/fr\/wp-json\/wp\/v2\/types\/post"}],"author":[{"embeddable":true,"href":"https:\/\/www.europesays.com\/fr\/wp-json\/wp\/v2\/users\/2"}],"replies":[{"embeddable":true,"href":"https:\/\/www.europesays.com\/fr\/wp-json\/wp\/v2\/comments?post=378919"}],"version-history":[{"count":0,"href":"https:\/\/www.europesays.com\/fr\/wp-json\/wp\/v2\/posts\/378919\/revisions"}],"wp:featuredmedia":[{"embeddable":true,"href":"https:\/\/www.europesays.com\/fr\/wp-json\/wp\/v2\/media\/27517"}],"wp:attachment":[{"href":"https:\/\/www.europesays.com\/fr\/wp-json\/wp\/v2\/media?parent=378919"}],"wp:term":[{"taxonomy":"category","embeddable":true,"href":"https:\/\/www.europesays.com\/fr\/wp-json\/wp\/v2\/categories?post=378919"},{"taxonomy":"post_tag","embeddable":true,"href":"https:\/\/www.europesays.com\/fr\/wp-json\/wp\/v2\/tags?post=378919"}],"curies":[{"name":"wp","href":"https:\/\/api.w.org\/{rel}","templated":true}]}}