{"id":378920,"date":"2025-09-09T23:44:11","date_gmt":"2025-09-09T23:44:11","guid":{"rendered":"https:\/\/www.europesays.com\/fr\/378920\/"},"modified":"2025-09-09T23:44:11","modified_gmt":"2025-09-09T23:44:11","slug":"nouveaux-benevoles-pour-pint-of-science-2026-pint26-echosciences","status":"publish","type":"post","link":"https:\/\/www.europesays.com\/fr\/378920\/","title":{"rendered":"Nouveaux b\u00e9n\u00e9voles pour Pint of Science 2026 #pint26 | ECHOSCIENCES"},"content":{"rendered":"<p>Bonjour \u00e0 toi future et futur b\u00e9n\u00e9vole,<\/p>\n<p>Comme chaque ann\u00e9e, nous avons besoin de b\u00e9n\u00e9voles et pour l&rsquo;\u00e9dition &#13;<br \/>\n2025-2026 du festival Pint Of Science, nous lan\u00e7ons les recrutements.<\/p>\n<p>Si&#13;<br \/>\n tu souhaites nous rejoindre pour organiser le festival, participer \u00e0 &#13;<br \/>\nPint of Science de l&rsquo;int\u00e9rieur et bien \u00e9videmment boire des bi\u00e8res, tu &#13;<br \/>\npeux t&rsquo;inscrire ici :\u00a0<a href=\"https:\/\/docs.google.com\/forms\/d\/e\/1FAIpQLSdo2bsBahbcNS2XErlmVqzfCtIA8-RXCB0jqBLF8EmZ8EPylA\/viewform?pli=1\" rel=\"nofollow noopener\" target=\"_blank\">https:\/\/docs.google.com\/forms\/&#8230;<\/a><\/p>\n<p>Si tu as besoin d&rsquo;infos ou que tu as des questions, tu peux nous contacter l\u00e0 :\u00a0pintofscience.grenoble@gmail.com<br \/>\ufeff<br \/>A bient\u00f4t autour d&rsquo;une pinte !<\/p>\n","protected":false},"excerpt":{"rendered":"Bonjour \u00e0 toi future et futur b\u00e9n\u00e9vole, Comme chaque ann\u00e9e, nous avons besoin de b\u00e9n\u00e9voles et pour l&rsquo;\u00e9dition&hellip;\n","protected":false},"author":2,"featured_media":378921,"comment_status":"","ping_status":"","sticky":false,"template":"","format":"standard","meta":{"footnotes":""},"categories":[9566],"tags":[1111,11,2430,1777,674,1011,27,2731,12,25],"class_list":{"0":"post-378920","1":"post","2":"type-post","3":"status-publish","4":"format-standard","5":"has-post-thumbnail","7":"category-grenoble","8":"tag-actu","9":"tag-actualites","10":"tag-auvergne-rhone-alpes","11":"tag-eu","12":"tag-europe","13":"tag-fr","14":"tag-france","15":"tag-grenoble","16":"tag-news","17":"tag-republique-francaise"},"share_on_mastodon":{"url":"","error":""},"_links":{"self":[{"href":"https:\/\/www.europesays.com\/fr\/wp-json\/wp\/v2\/posts\/378920","targetHints":{"allow":["GET"]}}],"collection":[{"href":"https:\/\/www.europesays.com\/fr\/wp-json\/wp\/v2\/posts"}],"about":[{"href":"https:\/\/www.europesays.com\/fr\/wp-json\/wp\/v2\/types\/post"}],"author":[{"embeddable":true,"href":"https:\/\/www.europesays.com\/fr\/wp-json\/wp\/v2\/users\/2"}],"replies":[{"embeddable":true,"href":"https:\/\/www.europesays.com\/fr\/wp-json\/wp\/v2\/comments?post=378920"}],"version-history":[{"count":0,"href":"https:\/\/www.europesays.com\/fr\/wp-json\/wp\/v2\/posts\/378920\/revisions"}],"wp:featuredmedia":[{"embeddable":true,"href":"https:\/\/www.europesays.com\/fr\/wp-json\/wp\/v2\/media\/378921"}],"wp:attachment":[{"href":"https:\/\/www.europesays.com\/fr\/wp-json\/wp\/v2\/media?parent=378920"}],"wp:term":[{"taxonomy":"category","embeddable":true,"href":"https:\/\/www.europesays.com\/fr\/wp-json\/wp\/v2\/categories?post=378920"},{"taxonomy":"post_tag","embeddable":true,"href":"https:\/\/www.europesays.com\/fr\/wp-json\/wp\/v2\/tags?post=378920"}],"curies":[{"name":"wp","href":"https:\/\/api.w.org\/{rel}","templated":true}]}}