{"id":378926,"date":"2025-09-09T23:47:10","date_gmt":"2025-09-09T23:47:10","guid":{"rendered":"https:\/\/www.europesays.com\/fr\/378926\/"},"modified":"2025-09-09T23:47:10","modified_gmt":"2025-09-09T23:47:10","slug":"previsions-du-mercredi-10-septembre-2025-3","status":"publish","type":"post","link":"https:\/\/www.europesays.com\/fr\/378926\/","title":{"rendered":"pr\u00e9visions du mercredi 10 septembre 2025"},"content":{"rendered":"<p>Dans la journ\u00e9e, les temp\u00e9ratures tourneront autour des 16\u00b0C \u00e0 Strasbourg. Un petit vent de nord-est sera ressenti par les habitants. Le ciel sera couvert dans la matin\u00e9e. Un bel ensoleillement est pr\u00e9vu l&rsquo;apr\u00e8s-midi. Les temp\u00e9ratures vont monter de plusieurs degr\u00e9s. Les valeurs s&rsquo;\u00e9chelonneront entre 18\u00b0C et 21\u00b0C. Apr\u00e8s un bref passage nuageux, le temps devrait s&rsquo;am\u00e9liorer durant la soir\u00e9e. Il va faire environ 16\u00b0C. On passera de mercredi \u00e0 jeudi par une nuit brumeuse.<\/p>\n<p>L&rsquo;air ambiant va se r\u00e9chauffer demain \u00e0 Strasbourg avec une augmentation de quelques degr\u00e9s. Les temp\u00e9ratures afficheront entre 13 et 21\u00b0C. Un vent de sud-ouest rafra\u00eechira l\u00e9g\u00e8rement l&rsquo;atmosph\u00e8re. Le soleil peinera \u00e0 percer au milieu des nuages qui persisteront dans la matin\u00e9e. Des pluies \u00e9parses vont tomber sur la ville. Il fera 17\u00b0C en moyenne. Des \u00e9claircies feront leur apparition dans l&rsquo;apr\u00e8s-midi. Les valeurs seront de 18\u00b0C au minimum et de 21\u00b0C au maximum.<\/p>\n<p>Peu d&rsquo;\u00e9volutions pour la suite. Il va faire un temps plut\u00f4t ensoleill\u00e9 avec des temp\u00e9ratures autour de 20\u00b0C.<\/p>\n<p><\/p>\n","protected":false},"excerpt":{"rendered":"Dans la journ\u00e9e, les temp\u00e9ratures tourneront autour des 16\u00b0C \u00e0 Strasbourg. Un petit vent de nord-est sera ressenti&hellip;\n","protected":false},"author":2,"featured_media":378927,"comment_status":"","ping_status":"","sticky":false,"template":"","format":"standard","meta":{"footnotes":""},"categories":[2820],"tags":[1111,11,2389,2649,1777,674,1011,27,775,12,2119,25,640],"class_list":{"0":"post-378926","1":"post","2":"type-post","3":"status-publish","4":"format-standard","5":"has-post-thumbnail","7":"category-strasbourg","8":"tag-actu","9":"tag-actualites","10":"tag-alsace","11":"tag-bas-rhin","12":"tag-eu","13":"tag-europe","14":"tag-fr","15":"tag-france","16":"tag-grand-est","17":"tag-news","18":"tag-previsions-meteo","19":"tag-republique-francaise","20":"tag-strasbourg"},"share_on_mastodon":{"url":"https:\/\/pubeurope.com\/@fr\/115177012946704104","error":""},"_links":{"self":[{"href":"https:\/\/www.europesays.com\/fr\/wp-json\/wp\/v2\/posts\/378926","targetHints":{"allow":["GET"]}}],"collection":[{"href":"https:\/\/www.europesays.com\/fr\/wp-json\/wp\/v2\/posts"}],"about":[{"href":"https:\/\/www.europesays.com\/fr\/wp-json\/wp\/v2\/types\/post"}],"author":[{"embeddable":true,"href":"https:\/\/www.europesays.com\/fr\/wp-json\/wp\/v2\/users\/2"}],"replies":[{"embeddable":true,"href":"https:\/\/www.europesays.com\/fr\/wp-json\/wp\/v2\/comments?post=378926"}],"version-history":[{"count":0,"href":"https:\/\/www.europesays.com\/fr\/wp-json\/wp\/v2\/posts\/378926\/revisions"}],"wp:featuredmedia":[{"embeddable":true,"href":"https:\/\/www.europesays.com\/fr\/wp-json\/wp\/v2\/media\/378927"}],"wp:attachment":[{"href":"https:\/\/www.europesays.com\/fr\/wp-json\/wp\/v2\/media?parent=378926"}],"wp:term":[{"taxonomy":"category","embeddable":true,"href":"https:\/\/www.europesays.com\/fr\/wp-json\/wp\/v2\/categories?post=378926"},{"taxonomy":"post_tag","embeddable":true,"href":"https:\/\/www.europesays.com\/fr\/wp-json\/wp\/v2\/tags?post=378926"}],"curies":[{"name":"wp","href":"https:\/\/api.w.org\/{rel}","templated":true}]}}