{"id":378930,"date":"2025-09-09T23:49:11","date_gmt":"2025-09-09T23:49:11","guid":{"rendered":"https:\/\/www.europesays.com\/fr\/378930\/"},"modified":"2025-09-09T23:49:11","modified_gmt":"2025-09-09T23:49:11","slug":"inondations-un-nouvel-atlas-de-reference-sort-en-france-voici-les-zones-des-alpes-maritimes-et-du-var-les-plus-exposees","status":"publish","type":"post","link":"https:\/\/www.europesays.com\/fr\/378930\/","title":{"rendered":"Inondations: un nouvel Atlas de r\u00e9f\u00e9rence sort en France, voici les zones des Alpes-Maritimes et du Var les plus expos\u00e9es"},"content":{"rendered":"<p>Une <strong>analyse fine du risque d&rsquo;inondations<\/strong>, principal risque naturel en France, aggrav\u00e9 par le r\u00e9chauffement climatique, a \u00e9t\u00e9 d\u00e9voil\u00e9e ce mardi 9 septembre par l&rsquo;Institut national de l&rsquo;information g\u00e9ographique et foresti\u00e8re (IGN).\u00a0 Des informations cruciales alors qu&rsquo;<strong>un Fran\u00e7ais sur quatre vit dans une zone expos\u00e9e<\/strong>.<\/p>\n<p>\u00ab\u00a0On a voulu montrer l&rsquo;\u00e9tendue de ce risque d&rsquo;inondation, ce qu&rsquo;il est devenu au fil du temps avec le changement climatique et comment on peut le combattre\u00a0\u00bb, explique \u00e0 l&rsquo;AFP S\u00e9bastien Soriano, directeur g\u00e9n\u00e9ral de l&rsquo;IGN.<\/p>\n<p>Compil\u00e9es gr\u00e2ce \u00e0 un travail de terrain, \u00e0 des images a\u00e9riennes, par satellite, et aux outils de l&rsquo;intelligence artificielle, ces donn\u00e9es permettent de mieux \u00ab\u00a0cerner le risque d&rsquo;inondations, d&rsquo;\u00e9clairer la gestion des cours d&rsquo;eau\u00a0\u00bb et de \u00ab\u00a0repenser les espaces et le r\u00f4le des solutions naturelles\u00a0\u00bb, souligne l&rsquo;op\u00e9rateur public dans un communiqu\u00e9.<\/p>\n<p><strong>Mod\u00e9liser le parcours des pr\u00e9cipitations<\/strong><\/p>\n<p>L&rsquo;IGN s&rsquo;appuie notamment sur une <strong>nouvelle cartographie en 3D de l&rsquo;ensemble du territoire<\/strong>, qui permet de mod\u00e9liser de fa\u00e7on tr\u00e8s d\u00e9taill\u00e9e le parcours des pr\u00e9cipitations s&rsquo;abattant sur la quasi totalit\u00e9 de la France.<\/p>\n<p>\u00ab\u00a0Cette cartographie 3D va \u00eatre rentr\u00e9e dans diff\u00e9rents mod\u00e8les comme Vigicrues pour pr\u00e9voir les \u00e9coulements, les inondations, et donc am\u00e9nager le territoire en cons\u00e9quence\u00a0\u00bb, pr\u00e9cise \u00e0 l&rsquo;AFP Swann Lamarche, charg\u00e9 de relations partenariales \u00e0 l&rsquo;IGN.<\/p>\n<p><strong>Nos c\u00f4t\u00e9s m\u00e9diterran\u00e9ennes en premi\u00e8re ligne<\/strong><\/p>\n<p>Pour l&rsquo;heure, c&rsquo;est un \u00e9pais Atlas -dossier m\u00ealant cartes et analyses- que l&rsquo;Institut met \u00e0 disposition en ligne. Et selon l&rsquo;une des cartes y figurant, montrant l&rsquo;exposition des populations au risque d&rsquo;inondations, <strong>le pourtour m\u00e9diterran\u00e9en est<\/strong>\u00a0(avec le Val de Loire)\u00a0<strong>l&rsquo;un des territoires les plus risqu\u00e9s<\/strong> au regard du nombre d&rsquo;habitants.<\/p>\n<p>\u00ab\u00a0[Comme sur la fa\u00e7ade atlantique, ce territoire voit] affluer de nouveaux habitants depuis les ann\u00e9es 1980. La forte croissance d\u00e9mographique (&#8230;) s\u2019est traduite par une progression de l\u2019\u00e9talement urbain jusqu\u2019aux abords des rivi\u00e8res et des littoraux. Combin\u00e9e aujourd\u2019hui \u00e0 l\u2019intensification des pr\u00e9cipitations engendr\u00e9e par le r\u00e9chauffement climatique, cette artificialisation grandissante tend d\u00e9sormais \u00e0 exposer davantage de personnes aux inondations\u00a0\u00bb, pr\u00e9cise l&rsquo;IGN dans son\u00a0<a href=\"https:\/\/www.ign.fr\/publications-de-l-ign\/institut\/kiosque\/publications\/atlas_anthropocene\/2025\/Atlas-2025-risque-inondation.pdf\" target=\"_blank\" rel=\"noopener\">Atlas sur le risque inondation<\/a>.\u00a0<\/p>\n<p>              <img ci-src=\"https:\/\/www.nicematin.com\/climat\/extrait+Atlas+2025_3-tTQWdaLM-version-c1f9cf-3kCF7ni5.jpg?vh=a72825&amp;ci_seal=70d790143f\" alt=\"\"\/><br \/>\n        La carte du risque inondations en France, sortie ce mardi 9 septembre par l&rsquo;IGN, montre la vuln\u00e9rabilit\u00e9 du pourtour m\u00e9diterran\u00e9en.  <strong>Visuel IGN.<\/strong> <\/p>\n<p>                                <strong>Et les zones des Alpes-Maritimes et du Var les plus expos\u00e9es sont&#8230;<\/strong><\/p>\n<p>Selon les donn\u00e9es de cet Atlas, les Alpes-Maritimes et le Var sont touch\u00e9s par plusieurs types d&rsquo;inondations: d\u00e9bordements de cours d\u2019eau, ruissellement pluvial (tr\u00e8s accentu\u00e9 dans les zones urbaines), submersion marine sur le littoral et remont\u00e9e de nappes phr\u00e9atiques.<\/p>\n<p>Le relief accident\u00e9, combin\u00e9 \u00e0 une artificialisation rapide des sols et une concentration urbaine en zones basses, rend les <strong>\u00e9pisodes soudains (crues \u00e9clair, orages localis\u00e9s) tr\u00e8s destructeurs<\/strong>.<\/p>\n<p><strong>Dans les Alpes-Maritimes<\/strong>, la <strong>plaine du Var<\/strong>, de Nice \u00e0 Carros, est fortement concern\u00e9e, avec une proportion importante de surface expos\u00e9e. Les <strong>vall\u00e9es de la Roya, de la V\u00e9subie et de la Tin\u00e9e<\/strong> sont \u00e9galement des points sensibles, ayant d\u00e9j\u00e0 subi des catastrophes historiques comme la temp\u00eate Alex en octobre 2020. Les communes littorales <strong>entre Nice, Cagnes-sur-Mer, Antibes, Cannes et Mandelieu<\/strong>\u00a0sont expos\u00e9es \u00e0 la fois aux d\u00e9bordements de cours d\u2019eau et \u00e0 la submersion marine. <strong>Grasse et ses vall\u00e9es<\/strong>, ainsi que la r\u00e9gion de <strong>Menton<\/strong>, font partie des territoires \u00e0 risque significatif.<\/p>\n<p><strong>Dans le Var<\/strong>, l\u2019agglom\u00e9ration de <strong>Toulon<\/strong>, la plaine littorale de <strong>Hy\u00e8res<\/strong> et la <strong>basse vall\u00e9e du Gapeau<\/strong> pr\u00e9sentent de fortes vuln\u00e9rabilit\u00e9s. Les bassins de<strong> Fr\u00e9jus\/Saint-Rapha\u00ebl, du Muy et de l\u2019Argens<\/strong> figurent parmi les points noirs du d\u00e9partement, avec de nombreux secteurs urbanis\u00e9s en zones inondables. La <strong>vall\u00e9e de la Nartuby, autour de Draguignan<\/strong>, est aussi cit\u00e9e comme probl\u00e9matique, avec un historique de crues r\u00e9currentes et destructrices. La r\u00e9gion du <strong>massif des Maures<\/strong> (notamment autour de <strong>Cogolin<\/strong> et <strong>Grimaud<\/strong>) combine risque fluvial et ruissellement accentu\u00e9 par l\u2019urbanisation.<\/p>\n<p><strong>Des pluies 12% plus intenses \u00e0 cause du changement climatique<\/strong><\/p>\n<p>Premier risque naturel par l&rsquo;importance des dommages qu&rsquo;ils occasionnent et le nombre de communes concern\u00e9es, les d\u00e9bordements de cours d&rsquo;eau, crues \u00e9clair, coul\u00e9es de boue et submersions marines ne cessent d&rsquo;augmenter en France, pr\u00e9cise ces travaux de l&rsquo;IGN.<\/p>\n<p><strong>Selon M\u00e9t\u00e9o-France, l&rsquo;ann\u00e9e 2024 compte parmi les plus pluvieuses du si\u00e8cle.<\/strong><\/p>\n<p>Avec la hausse des temp\u00e9ratures, les nuages ont tendance \u00e0 emmagasiner davantage d&rsquo;humidit\u00e9 et leur pouvoir de pr\u00e9cipitation s&rsquo;accro\u00eet de 7% d\u00e8s que la temp\u00e9rature de l&rsquo;atmosph\u00e8re augmente de 1\u00b0C, rappelle l&rsquo;IGN.<\/p>\n<p>\u00ab\u00a0A l&rsquo;\u00e9chelle de la France, le r\u00e9chauffement climatique s&rsquo;est d\u00e9j\u00e0 traduit par une hausse de 12% de l&rsquo;intensit\u00e9 des pluies extr\u00eames par rapport aux ann\u00e9es 1960 et nos mod\u00e8les climatiques pr\u00e9voient encore une augmentation de 10% \u00e0 15% de ces m\u00eames pluies intenses \u00e0 l&rsquo;horizon 2050\u00a0\u00bb, souligne Beno\u00eet Thom\u00e9, directeur des relations institutionnelles de M\u00e9t\u00e9o-France.<\/p>\n","protected":false},"excerpt":{"rendered":"Une analyse fine du risque d&rsquo;inondations, principal risque naturel en France, aggrav\u00e9 par le r\u00e9chauffement climatique, a \u00e9t\u00e9&hellip;\n","protected":false},"author":2,"featured_media":378931,"comment_status":"","ping_status":"","sticky":false,"template":"","format":"standard","meta":{"footnotes":""},"categories":[2819],"tags":[1111,11,1129,436,1777,674,1011,27,12,2401,882,25],"class_list":{"0":"post-378930","1":"post","2":"type-post","3":"status-publish","4":"format-standard","5":"has-post-thumbnail","7":"category-nice","8":"tag-actu","9":"tag-actualites","10":"tag-climat","11":"tag-environnement","12":"tag-eu","13":"tag-europe","14":"tag-fr","15":"tag-france","16":"tag-news","17":"tag-nice","18":"tag-provence-alpes-cote-dazur","19":"tag-republique-francaise"},"share_on_mastodon":{"url":"https:\/\/pubeurope.com\/@fr\/115177020847166928","error":""},"_links":{"self":[{"href":"https:\/\/www.europesays.com\/fr\/wp-json\/wp\/v2\/posts\/378930","targetHints":{"allow":["GET"]}}],"collection":[{"href":"https:\/\/www.europesays.com\/fr\/wp-json\/wp\/v2\/posts"}],"about":[{"href":"https:\/\/www.europesays.com\/fr\/wp-json\/wp\/v2\/types\/post"}],"author":[{"embeddable":true,"href":"https:\/\/www.europesays.com\/fr\/wp-json\/wp\/v2\/users\/2"}],"replies":[{"embeddable":true,"href":"https:\/\/www.europesays.com\/fr\/wp-json\/wp\/v2\/comments?post=378930"}],"version-history":[{"count":0,"href":"https:\/\/www.europesays.com\/fr\/wp-json\/wp\/v2\/posts\/378930\/revisions"}],"wp:featuredmedia":[{"embeddable":true,"href":"https:\/\/www.europesays.com\/fr\/wp-json\/wp\/v2\/media\/378931"}],"wp:attachment":[{"href":"https:\/\/www.europesays.com\/fr\/wp-json\/wp\/v2\/media?parent=378930"}],"wp:term":[{"taxonomy":"category","embeddable":true,"href":"https:\/\/www.europesays.com\/fr\/wp-json\/wp\/v2\/categories?post=378930"},{"taxonomy":"post_tag","embeddable":true,"href":"https:\/\/www.europesays.com\/fr\/wp-json\/wp\/v2\/tags?post=378930"}],"curies":[{"name":"wp","href":"https:\/\/api.w.org\/{rel}","templated":true}]}}