{"id":378942,"date":"2025-09-09T23:55:11","date_gmt":"2025-09-09T23:55:11","guid":{"rendered":"https:\/\/www.europesays.com\/fr\/378942\/"},"modified":"2025-09-09T23:55:11","modified_gmt":"2025-09-09T23:55:11","slug":"previsions-du-mercredi-10-septembre-2025-6","status":"publish","type":"post","link":"https:\/\/www.europesays.com\/fr\/378942\/","title":{"rendered":"pr\u00e9visions du mercredi 10 septembre 2025"},"content":{"rendered":"<p>\u00c0 Toulouse, les temp\u00e9ratures seront de 19\u00b0C au cours de la journ\u00e9e. C&rsquo;est un soleil radieux qui va se montrer le matin. Les temp\u00e9ratures avoisineront les 18\u00b0C. Un vent d&rsquo;ouest soufflera l\u00e9g\u00e8rement, avec 8 km\/h. Des \u00e9claircies appara\u00eetront dans l&rsquo;apr\u00e8s-midi. Le temps va se r\u00e9chauffer avec une hausse de plusieurs degr\u00e9s. Les valeurs seront de 20\u00b0C au plus bas et de 24\u00b0C au plus haut. De la bruine est attendue dans la soir\u00e9e. Le mercure affichera 18\u00b0C en moyenne. C&rsquo;est un ciel clair que conna\u00eetra la nuit de mercredi \u00e0 jeudi.<\/p>\n<p>\u00c0 Toulouse les temp\u00e9ratures s&rsquo;\u00e9chelonneront entre 15 et 23\u00b0C demain. Un petit vent de nord-ouest sera ressenti par les habitants. La matin\u00e9e va rester voil\u00e9e \u00e0 cause de nuages qui se maintiennent dans le ciel. Des pluies \u00e9parses vont tomber sur la ville. Il fera 18\u00b0C en moyenne. La m\u00e9t\u00e9o va peu \u00e0 peu s&rsquo;am\u00e9liorer dans l&rsquo;apr\u00e8s-midi et laisser place \u00e0 des \u00e9claircies. C&rsquo;est une hausse de plusieurs degr\u00e9s que vont enregistrer les temp\u00e9ratures. Il va faire environ 21\u00b0C, demain soir.<\/p>\n<p>Les conditions m\u00e9t\u00e9orologiques des jours qui suivent vont \u00e9voluer peu \u00e0 peu. M\u00eame si le beau temps persistera quelque peu vendredi, il faut s&rsquo;attendre \u00e0 une d\u00e9gradation ensuite.<\/p>\n<p><\/p>\n","protected":false},"excerpt":{"rendered":"\u00c0 Toulouse, les temp\u00e9ratures seront de 19\u00b0C au cours de la journ\u00e9e. C&rsquo;est un soleil radieux qui va&hellip;\n","protected":false},"author":2,"featured_media":378943,"comment_status":"","ping_status":"","sticky":false,"template":"","format":"standard","meta":{"footnotes":""},"categories":[2816],"tags":[1111,11,1777,674,1011,27,2722,2721,12,2680,2119,25,2312],"class_list":{"0":"post-378942","1":"post","2":"type-post","3":"status-publish","4":"format-standard","5":"has-post-thumbnail","7":"category-toulouse","8":"tag-actu","9":"tag-actualites","10":"tag-eu","11":"tag-europe","12":"tag-fr","13":"tag-france","14":"tag-haute-garonne","15":"tag-midi-pyrenees","16":"tag-news","17":"tag-occitanie","18":"tag-previsions-meteo","19":"tag-republique-francaise","20":"tag-toulouse"},"share_on_mastodon":{"url":"https:\/\/pubeurope.com\/@fr\/115177044357589896","error":""},"_links":{"self":[{"href":"https:\/\/www.europesays.com\/fr\/wp-json\/wp\/v2\/posts\/378942","targetHints":{"allow":["GET"]}}],"collection":[{"href":"https:\/\/www.europesays.com\/fr\/wp-json\/wp\/v2\/posts"}],"about":[{"href":"https:\/\/www.europesays.com\/fr\/wp-json\/wp\/v2\/types\/post"}],"author":[{"embeddable":true,"href":"https:\/\/www.europesays.com\/fr\/wp-json\/wp\/v2\/users\/2"}],"replies":[{"embeddable":true,"href":"https:\/\/www.europesays.com\/fr\/wp-json\/wp\/v2\/comments?post=378942"}],"version-history":[{"count":0,"href":"https:\/\/www.europesays.com\/fr\/wp-json\/wp\/v2\/posts\/378942\/revisions"}],"wp:featuredmedia":[{"embeddable":true,"href":"https:\/\/www.europesays.com\/fr\/wp-json\/wp\/v2\/media\/378943"}],"wp:attachment":[{"href":"https:\/\/www.europesays.com\/fr\/wp-json\/wp\/v2\/media?parent=378942"}],"wp:term":[{"taxonomy":"category","embeddable":true,"href":"https:\/\/www.europesays.com\/fr\/wp-json\/wp\/v2\/categories?post=378942"},{"taxonomy":"post_tag","embeddable":true,"href":"https:\/\/www.europesays.com\/fr\/wp-json\/wp\/v2\/tags?post=378942"}],"curies":[{"name":"wp","href":"https:\/\/api.w.org\/{rel}","templated":true}]}}