{"id":378954,"date":"2025-09-10T00:02:09","date_gmt":"2025-09-10T00:02:09","guid":{"rendered":"https:\/\/www.europesays.com\/fr\/378954\/"},"modified":"2025-09-10T00:02:09","modified_gmt":"2025-09-10T00:02:09","slug":"plus-de-500-etudiants-et-personnels-presents-en-ag-dans-les-facs-lyonnaises","status":"publish","type":"post","link":"https:\/\/www.europesays.com\/fr\/378954\/","title":{"rendered":"plus de 500 \u00e9tudiants et personnels pr\u00e9sents en AG dans les facs lyonnaises !"},"content":{"rendered":"<p>Ce mardi 9 septembre, la mobilisation a commenc\u00e9 \u00e0 se structurer sur les campus lyonnais, avec des assembl\u00e9es g\u00e9n\u00e9rales importantes sur l\u2019essentiel des facs et \u00e9coles de la ville. Avec des AG \u00e0 l\u2019ENS, Lyon 2, Sciences Po, Lyon 1 et l\u2019INSA, c\u2019est pr\u00e8s de 550 \u00e9tudiants et personnels qui \u00e9taient rassembl\u00e9es \u00e0 la veille du 10 septembre\u00a0! Une dynamique particuli\u00e8rement int\u00e9ressante, dans la continuit\u00e9 du rassemblement <a href=\"https:\/\/www.revolutionpermanente.fr\/Paris-Toulouse-Lyon-des-aperos-et-rassemblements-dans-toute-la-France-pour-feter-la-chute-de-Bayrou\" rel=\"nofollow noopener\" target=\"_blank\">r\u00e9ussi et dynamique lors du \u00ab\u00a0pot de d\u00e9part de Bayrou\u00a0\u00bb ce lundi<\/a>.<\/p>\n<p>A l\u2019ENS de Lyon, 220 personnes \u00e9taient rassembl\u00e9es en AG dont une part importante de travailleurs de l\u2019\u00e9cole. Ils ont act\u00e9 une nouvelle assembl\u00e9e g\u00e9n\u00e9rale ce mercredi \u00e0 11h, avant de se rendre aux diff\u00e9rentes actions appel\u00e9es sur la ville. A Lyon 2 \u00e9galement, la jonction avec les autres secteurs mobilis\u00e9s \u00e9tait au coeur des discussions\u00a0: les 80 \u00e9tudiants pr\u00e9sents projettent notamment de venir soutenir les piquets de gr\u00e8ve le 10, comme ceux d\u2019Arkema \u00e0 Pierre-B\u00e9nite \u00e0 partir de 10h, de Total \u00e0 la raffinerie de Feyzin d\u00e8s 9h, ou des h\u00f4pitaux en gr\u00e8ve, comme le Groupement Hospitalier Est, qui se trouve \u00e0 proximit\u00e9 du campus de Porte des Alpes. Une volont\u00e9 de jonction avec le mouvement ouvrier qui s\u2019est aussi exprim\u00e9 lors de l\u2019AG de Sciences Po, qui a r\u00e9uni plus de 100 personnes.<\/p>\n<p>A Lyon 1, une premi\u00e8re AG de personnels s\u2019est tenue mardi midi avec 50 personnes, suivie d\u2019une AG \u00e9tudiante commune avec l\u2019INSA Lyon, qui a rassembl\u00e9 80 \u00e9tudiants. La question de l\u2019aust\u00e9rit\u00e9 mais aussi de la militarisation ont anim\u00e9 les d\u00e9bats, les \u00e9tudiants scientifiques \u00e9tant particuli\u00e8rement concern\u00e9s par ces enjeux, dans l\u2019industrie de l\u2019armement occupe un r\u00f4le important dans les formations et les d\u00e9bouch\u00e9s. Des suites sont pr\u00e9vues sur le campus pour la journ\u00e9e du 10.<\/p>\n<p>Face \u00e0 l\u2019enthousiasme des \u00e9tudiants lyonnais et l\u2019envie de se lier \u00e0 d\u2019autres secteurs en lutte, les directions d\u2019\u00e9tablissement ont d\u2019ores et d\u00e9j\u00e0 r\u00e9pondu par la r\u00e9pression. Apr\u00e8s celle de <a href=\"https:\/\/www.revolutionpermanente.fr\/Repression-administrative-Lyon-2-ferme-l-ensemble-des-campus-le-10-septembre-pour-empecher-la\" rel=\"nofollow noopener\" target=\"_blank\">Lyon 2 lundi soir<\/a> c\u2019est la Pr\u00e9sidence de Lyon 3 qui a annonc\u00e9 la fermeture administrative de la fac pour le 10 septembre. Un signe de fragilit\u00e9 des Pr\u00e9sidences, qui voient qu\u2019une col\u00e8re importante existe dans la jeunesse, et tente d\u2019emp\u00eacher la mobilisation.<\/p>\n<p>Lors de l\u2019AG de Lyon 2, les \u00e9tudiants pr\u00e9sents ont d\u00e9nonc\u00e9 la d\u00e9cision de l\u2019universit\u00e9, et r\u00e9fl\u00e9chi \u00e0 des moyens de s\u2019adresser largement, en d\u00e9pit de cette r\u00e9pression. Ils ont ainsi insist\u00e9 sur l\u2019enjeu de s\u2019emparer de revendications politiques, en soutien au g\u00e9nocide \u00e0 Gaza, et pour d\u00e9fendre les droits des \u00e9tudiants, notamment contre l\u2019application de la loi raciste \u00ab\u00a0Bienvenue en France\u00a0\u00bb \u00e0 la fac en cette rentr\u00e9e. Une pr\u00e9occupation qui vise \u00e0 massifier les AG, pour qu\u2019elles puissent r\u00e9pondre aux aspirations et envie d\u2019organisation des \u00e9tudiants. En ce sens, ils ont act\u00e9 l\u2019organisation d\u2019une nouvelle AG mardi 16 septembre.<\/p>\n<p>Une volont\u00e9 d\u2019ancrer le mouvement dans la dur\u00e9e encourageante pour la suite\u00a0! Pour pr\u00e9parer les prochains jours de la mobilisation contre Macron et son nouveau Premier ministre Lecornu, une AG de ville est pr\u00e9vue le soir du septembre du 10 septembre \u00e0 20 heures \u00e0 Guilloti\u00e8re, pour coordonner les diff\u00e9rents secteurs en lutte.<\/p>\n","protected":false},"excerpt":{"rendered":"Ce mardi 9 septembre, la mobilisation a commenc\u00e9 \u00e0 se structurer sur les campus lyonnais, avec des assembl\u00e9es&hellip;\n","protected":false},"author":2,"featured_media":378955,"comment_status":"","ping_status":"","sticky":false,"template":"","format":"standard","meta":{"footnotes":""},"categories":[1889],"tags":[1111,11,2430,1777,674,1011,27,2428,12,25],"class_list":{"0":"post-378954","1":"post","2":"type-post","3":"status-publish","4":"format-standard","5":"has-post-thumbnail","7":"category-lyon","8":"tag-actu","9":"tag-actualites","10":"tag-auvergne-rhone-alpes","11":"tag-eu","12":"tag-europe","13":"tag-fr","14":"tag-france","15":"tag-lyon","16":"tag-news","17":"tag-republique-francaise"},"share_on_mastodon":{"url":"","error":""},"_links":{"self":[{"href":"https:\/\/www.europesays.com\/fr\/wp-json\/wp\/v2\/posts\/378954","targetHints":{"allow":["GET"]}}],"collection":[{"href":"https:\/\/www.europesays.com\/fr\/wp-json\/wp\/v2\/posts"}],"about":[{"href":"https:\/\/www.europesays.com\/fr\/wp-json\/wp\/v2\/types\/post"}],"author":[{"embeddable":true,"href":"https:\/\/www.europesays.com\/fr\/wp-json\/wp\/v2\/users\/2"}],"replies":[{"embeddable":true,"href":"https:\/\/www.europesays.com\/fr\/wp-json\/wp\/v2\/comments?post=378954"}],"version-history":[{"count":0,"href":"https:\/\/www.europesays.com\/fr\/wp-json\/wp\/v2\/posts\/378954\/revisions"}],"wp:featuredmedia":[{"embeddable":true,"href":"https:\/\/www.europesays.com\/fr\/wp-json\/wp\/v2\/media\/378955"}],"wp:attachment":[{"href":"https:\/\/www.europesays.com\/fr\/wp-json\/wp\/v2\/media?parent=378954"}],"wp:term":[{"taxonomy":"category","embeddable":true,"href":"https:\/\/www.europesays.com\/fr\/wp-json\/wp\/v2\/categories?post=378954"},{"taxonomy":"post_tag","embeddable":true,"href":"https:\/\/www.europesays.com\/fr\/wp-json\/wp\/v2\/tags?post=378954"}],"curies":[{"name":"wp","href":"https:\/\/api.w.org\/{rel}","templated":true}]}}