{"id":378958,"date":"2025-09-10T00:05:12","date_gmt":"2025-09-10T00:05:12","guid":{"rendered":"https:\/\/www.europesays.com\/fr\/378958\/"},"modified":"2025-09-10T00:05:12","modified_gmt":"2025-09-10T00:05:12","slug":"un-proche-demmanuel-macron-qui-cultive-la-discretion-arrive-a-matignon","status":"publish","type":"post","link":"https:\/\/www.europesays.com\/fr\/378958\/","title":{"rendered":"un proche d&rsquo;Emmanuel Macron qui cultive la discr\u00e9tion arrive \u00e0 Matignon"},"content":{"rendered":"<p>            lire plus tard<\/p>\n<p id=\"dialog__title\" class=\"dialog__title\">Pour sauvegarder cet article, connectez-vous ou cr\u00e9ez un compte franceinfo<\/p>\n<p class=\"dialog__description\">Sans paiement. Sans abonnement.<\/p>\n<p>        Fermer la fen\u00eatre d\u2019activation des notifications France Info<\/p>\n<p>            cr\u00e9er votre compte<\/p>\n<p>            se connecter<\/p>\n<p>        Fermer la fen\u00eatre de pr\u00e9sentation<\/p>\n<p>    Publi\u00e9 le 09\/09\/2025 21:19<\/p>\n<p>      Mis \u00e0 jour le 09\/09\/2025 21:28<\/p>\n<p>        Temps de lecture : 2min &#8211; vid\u00e9o : 2min<\/p>\n<p>    <img decoding=\"async\" class=\"francetv-player-wrapper__image\" alt=\"Le ministre des Arm\u00e9es, S\u00e9bastien Lecornu nomm\u00e9 Premier ministre par Emmanuel Macron\"  width=\"432\" height=\"243\" src=\"https:\/\/www.europesays.com\/fr\/wp-content\/uploads\/2025\/09\/video-2025-09-09t200341-385-68c07b4b5e14e071733084.jpg\" fetchpriority=\"high\"\/><\/p>\n<p>              Le ministre des Arm\u00e9es, S\u00e9bastien Lecornu nomm\u00e9 Premier ministre par Emmanuel Macron<br \/>\n                    (France 2)<\/p>\n<p>      2min<\/p>\n<p>\n  Vingt-quatre heures apr\u00e8s la chute de Fran\u00e7ois Bayrou, Emmanuel Macron a choisi son nouveau Premier ministre mardi 9 septembre. Il s&rsquo;agit de S\u00e9bastien Lecornu, ministre des Arm\u00e9es, un fid\u00e8le du pr\u00e9sident.\n<\/p>\n<p><strong>Ce texte correspond \u00e0 une partie de la retranscription du reportage ci-dessus. Cliquez sur la vid\u00e9o pour la regarder en int\u00e9gralit\u00e9. \u00a0\u00a0<\/strong><\/p>\n<p>Impassible, <a href=\"https:\/\/www.franceinfo.fr\/politique\/gouvernement-de-sebastien-lecornu\/sebastien-lecornu-ministre-des-armees-demissionnaire-est-nomme-premier-ministre-annonce-l-elysee_7482898.html\" rel=\"nofollow noopener\" target=\"_blank\">S\u00e9bastien Lecornu<\/a> assiste lundi 8 septembre \u00e0 la chute de Fran\u00e7ois Bayrou. En son for int\u00e9rieur, sait-il qu&rsquo;il lui succ\u00e9dera, devenant le 5e Premier ministre en deux ans ? D\u00e9j\u00e0 pressenti par le pass\u00e9 \u00e0 seulement 39 ans, c&rsquo;est cette fois son moment. \u00c0 la veille du mouvement \u00ab\u00a0bloquons tout\u00a0\u00bb, c&rsquo;est pendant une autre crise qu&rsquo;il tape dans l&rsquo;\u0153il d&rsquo;Emmanuel Macron en 2019. Pour rebondir apr\u00e8s la crise des Gilets jaunes, c&rsquo;est lui qui souffle au pr\u00e9sident une id\u00e9e qui fera mouche : le grand d\u00e9bat.<\/p>\n<p>Venu de la droite, il gagne alors ses galons d&rsquo;homme de confiance, un statut qui se confirme aujourd&rsquo;hui en pleine crise politique. \u00c0 l&rsquo;Assembl\u00e9e, il est plut\u00f4t bien vu, y compris par le RN. Un d\u00eener avec Marine Le Pen l&rsquo;an dernier avait d\u00e9fray\u00e9 la chronique. Sans effet repoussoir non plus pour une partie du PS, il a pourtant fourbi ses armes \u00e0 l&rsquo;UMP. Son parcours est celui d&rsquo;un pur politique qui cultive la discr\u00e9tion. Sur des images de 2005, il n&rsquo;a que 19 ans. Il devient le plus jeune assistant parlementaire de l&rsquo;Assembl\u00e9e aupr\u00e8s du d\u00e9put\u00e9 Franck Gilard.\u00a0<\/p>\n<p>Mais dans son d\u00e9partement de l\u2019Eure, l&rsquo;homme fort s&rsquo;appelle <a href=\"https:\/\/www.franceinfo.fr\/politique\/bruno-le-maire\/\" rel=\"nofollow noopener\" target=\"_blank\">Bruno Le Maire<\/a>. En devenant ministre du gouvernement Fillon en 2008, il fait entrer dans son cabinet le jeune Lecornu, simple titulaire d&rsquo;une licence de droit. Ces deux-l\u00e0 ne se quitteront plus. De la campagne des primaires de l&rsquo;UMP en 2016 jusqu&rsquo;\u00e0 leur aventure commune de macronistes d&rsquo;adoption. Entre-temps, S\u00e9bastien Lecornu se frotte au suffrage universel. Et avec succ\u00e8s. En 2014, il est \u00e9lu maire de Vernon (Eure) \u00e0 seulement 27 ans.<\/p>\n<p>Trois ans plus tard, en pleine pr\u00e9sidentielle, il quitte la campagne Fillon apr\u00e8s l&rsquo;affaire P\u00e9n\u00e9lope et rallie un certain Emmanuel Macron. Un choix payant pour sa carri\u00e8re. Il a toujours fait partie des gouvernements depuis 2017 et occupe depuis trois ans le tr\u00e8s strat\u00e9gique minist\u00e8re des Arm\u00e9es, d\u00e9fendant bec et ongles le budget de la d\u00e9fense.<\/p>\n<p>Peu connu des Fran\u00e7ais, S\u00e9bastien Lecornu se dit amoureux du consensus et friand de missions impossibles. Des mots bient\u00f4t mis \u00e0 l&rsquo;\u00e9preuve du r\u00e9el.<\/p>\n","protected":false},"excerpt":{"rendered":"lire plus tard Pour sauvegarder cet article, connectez-vous ou cr\u00e9ez un compte franceinfo Sans paiement. Sans abonnement. Fermer&hellip;\n","protected":false},"author":2,"featured_media":378959,"comment_status":"","ping_status":"","sticky":false,"template":"","format":"standard","meta":{"footnotes":""},"categories":[1888],"tags":[1111,1928,11,1927,1777,674,1011,27,12,1926,626,1925,25],"class_list":{"0":"post-378958","1":"post","2":"type-post","3":"status-publish","4":"format-standard","5":"has-post-thumbnail","7":"category-paris","8":"tag-actu","9":"tag-actu-paris","10":"tag-actualites","11":"tag-actualites-paris","12":"tag-eu","13":"tag-europe","14":"tag-fr","15":"tag-france","16":"tag-news","17":"tag-news-paris","18":"tag-paris","19":"tag-paris-news","20":"tag-republique-francaise"},"share_on_mastodon":{"url":"https:\/\/pubeurope.com\/@fr\/115177083662084521","error":""},"_links":{"self":[{"href":"https:\/\/www.europesays.com\/fr\/wp-json\/wp\/v2\/posts\/378958","targetHints":{"allow":["GET"]}}],"collection":[{"href":"https:\/\/www.europesays.com\/fr\/wp-json\/wp\/v2\/posts"}],"about":[{"href":"https:\/\/www.europesays.com\/fr\/wp-json\/wp\/v2\/types\/post"}],"author":[{"embeddable":true,"href":"https:\/\/www.europesays.com\/fr\/wp-json\/wp\/v2\/users\/2"}],"replies":[{"embeddable":true,"href":"https:\/\/www.europesays.com\/fr\/wp-json\/wp\/v2\/comments?post=378958"}],"version-history":[{"count":0,"href":"https:\/\/www.europesays.com\/fr\/wp-json\/wp\/v2\/posts\/378958\/revisions"}],"wp:featuredmedia":[{"embeddable":true,"href":"https:\/\/www.europesays.com\/fr\/wp-json\/wp\/v2\/media\/378959"}],"wp:attachment":[{"href":"https:\/\/www.europesays.com\/fr\/wp-json\/wp\/v2\/media?parent=378958"}],"wp:term":[{"taxonomy":"category","embeddable":true,"href":"https:\/\/www.europesays.com\/fr\/wp-json\/wp\/v2\/categories?post=378958"},{"taxonomy":"post_tag","embeddable":true,"href":"https:\/\/www.europesays.com\/fr\/wp-json\/wp\/v2\/tags?post=378958"}],"curies":[{"name":"wp","href":"https:\/\/api.w.org\/{rel}","templated":true}]}}