{"id":378960,"date":"2025-09-10T00:06:13","date_gmt":"2025-09-10T00:06:13","guid":{"rendered":"https:\/\/www.europesays.com\/fr\/378960\/"},"modified":"2025-09-10T00:06:13","modified_gmt":"2025-09-10T00:06:13","slug":"on-est-en-train-de-redecouvrir-un-pouvoir-citoyen-des-ag-etudiantes-dans-les-universites-franciliennes","status":"publish","type":"post","link":"https:\/\/www.europesays.com\/fr\/378960\/","title":{"rendered":"\u00ab\u00a0On est en train de red\u00e9couvrir un pouvoir citoyen\u00a0\u00bb, des AG \u00e9tudiantes dans les universit\u00e9s franciliennes"},"content":{"rendered":"<p class=\"article__intro\">\u00c0 Paris-Cit\u00e9, Jussieu ou \u00e0 Panth\u00e9on-Sorbonne, ce mardi, plusieurs assembl\u00e9es g\u00e9n\u00e9rales pr\u00e9paratoires du mouvement du 10 septembre se sont tenues simultan\u00e9ment. Des r\u00e9unions, organis\u00e9es sous le nom \u00ab\u00a0Bloquons Tout\u00a0\u00bb. Rencontre avec des \u00e9tudiants.<\/p>\n<p>\n      La Quotidienne Soci\u00e9t\u00e9\n    <\/p>\n<p>\n      De la vie quotidienne aux grands enjeux, recevez tous les jours les sujets qui font la soci\u00e9t\u00e9 locale, comme la justice, l\u2019\u00e9ducation, la sant\u00e9 et la famille.\n    <\/p>\n<p>    France T\u00e9l\u00e9visions utilise votre adresse e-mail afin de vous envoyer la newsletter \u00ab\u00a0La Quotidienne Soci\u00e9t\u00e9\u00a0\u00bb. Vous pouvez vous d\u00e9sinscrire \u00e0 tout moment via le lien en bas de cette newsletter. <a target=\"_blank\" href=\"https:\/\/www.francetelevisions.fr\/groupe\/confidentialite\/politique-de-confidentialite\/politique-de-confidentialite-de-france-televisions-6503\" rel=\"nofollow noopener\">Notre politique de confidentialit\u00e9<\/a><\/p>\n<p>\u00ab\u00a0Demain, je bloquerai quelque chose ou j&rsquo;essaierai de faire en sorte\u00a0\u00bb, l\u00e2che cet \u00e9tudiant. Ce matin, devant l&rsquo;entr\u00e9e monumentale de l&rsquo;Ecole de droit de Paris, face au Panth\u00e9on, aucune banderole syndicale, aucune chasuble militante ne signale officiellement la tenue imminente d&rsquo;une manifestation.<\/p>\n<p>Mais de depuis quelques minutes, un petit attroupement se dessine aux portes du b\u00e2timent. Des \u00e9tudiants, des personnels administratifs et enseignants sont de plus en plus nombreux \u00e0 entrer dans le b\u00e2timent. Il est bient\u00f4t midi. L&rsquo;assembl\u00e9e g\u00e9n\u00e9rale d\u00e9nomm\u00e9e \u00ab\u00a0Bloquons Tout\u00a0\u00bb va bient\u00f4t commencer dans \u00ab\u00a0l&rsquo;amphi\u00a0\u00bb du Centre Panth\u00e9on.<\/p>\n<p>Lou, \u00e9tudiante, a d\u00e9couvert l\u2019annonce de cette A.G. sur les r\u00e9seaux sociaux. Pour elle, cette mobilisation repr\u00e9sente bien plus qu\u2019une simple r\u00e9union. \u00ab\u00a0Je cherche \u00e0 m&rsquo;engager dans d&rsquo;autres actions, dans d&rsquo;autres dispositifs non violents. Je crois \u00e0 ces AG qui sont non violentes. L&rsquo;id\u00e9e, c&rsquo;est de se retrouver parce qu&rsquo;\u00e0 mon sens, on est vraiment beaucoup trop d\u00e9connect\u00e9, et donc le gouvernement s&rsquo;en frotte les mains. Mais en fait, on est en train de red\u00e9couvrir un pouvoir citoyen. Moi, mon mot d&rsquo;ordre, c&rsquo;est : &lsquo;r\u00e9inventer urgemment notre mode de soci\u00e9t\u00e9.'\u00a0\u00bb<\/p>\n<p>\u00c9mile, un autre \u00e9tudiant aborde cette r\u00e9union avec un regard diff\u00e9rent. \u00ab\u00a0Pour moi, aujourd&rsquo;hui, plut\u00f4t que la question de savoir ce qu&rsquo;on va faire le 10 septembre, c&rsquo;est plut\u00f4t de se rendre compte de ce qui s&rsquo;est pass\u00e9 hier\u00a0\u00bb,\u00a0commente-t-il. \u00ab\u00a0C\u2019est qui rend aussi cette AG int\u00e9ressante, le fait que le Premier ministre d\u00e9missionne. Qu&rsquo;est-ce que \u00e7a veut dire par rapport \u00e0 la mobilisation de demain mais aussi du 18 septembre, la journ\u00e9e d&rsquo;action appel\u00e9e par les syndicats ?\u00a0\u00bb, s&rsquo;interroge Emile.<\/p>\n<p>Ce mardi, une demi-douzaine d&rsquo;assembl\u00e9es g\u00e9n\u00e9rales s\u2019est tenue presque simultan\u00e9ment dans des universit\u00e9s d&rsquo;\u00cele-de-France. \u00c0 Paris-Cit\u00e9, Jussieu, Nanterre, Paris 8 ou \u00e0 Panth\u00e9on-Sorbonne. Des A.G. d\u00e9sign\u00e9s par le site coop\u00e9ratif Paris-lutte.infos comme des \u00ab\u00a0r\u00e9unions de pr\u00e9parations du mouvement \u00ab\u00a0Bloquons Tout\u00a0\u00bb. Des assembl\u00e9es encourag\u00e9es par des syndicats comme L&rsquo;UNEF ou l&rsquo;Union Etudiante qui \u00ab\u00a0appelle les \u00e9tudiant-es \u00e0 se joindre \u00e0 la mobilisation (&#8230;) pour battre Emmanuel Macron dans la rue\u00a0\u00bb, selon les termes du porte-parole F\u00e9lix Stive.<\/p>\n<p>Devant le Centre Panth\u00e9on ce mercredi midi, Antoine, \u00e9tudiant, patiente \u00e0 l&rsquo;entr\u00e9e du b\u00e2timent universitaire. Il attend de ce mouvement du 10 septembre que \u00ab\u00a0\u00e7a politise les gens\u00a0\u00bb. Pour lui, l\u2019enjeu d\u00e9passe largement le cadre des revendications sectorielles.<\/p>\n<p>\u00ab\u00a0Globalement le statu quo n\u00e9goci\u00e9 \u00e0 la sortie de la seconde guerre mondiale ne tient plus. Je pense qu&rsquo;il faut abandonner la R\u00e9publique et consid\u00e9rer enfin ce qu&rsquo;elle est, c&rsquo;est-\u00e0-dire un syst\u00e8me oligarchique qui se drape dans les atours de la d\u00e9mocratie (&#8230;)J&rsquo;attends du 10 septembre que \u00e7a renouvelle les forces politiques, que \u00e7a donne aussi des nouveaux moyens d&rsquo;action plus efficaces\u00a0\u00bb, d\u00e9clare-t-il.<\/p>\n<p>\u00ab\u00a0J&rsquo;habite \u00e0 Aubervilliers et j&rsquo;essaierai d&rsquo;\u00eatre avec le comit\u00e9 local parce que c&rsquo;est aussi l&rsquo;occasion de rencontrer des gens d&rsquo;horizons vari\u00e9s\u00a0\u00bb, ajoute-t-il.<\/p>\n<p>Arthur, doctorant se mobilisera \u00e9galement demain, mais avec une motivation distincte : \u00ab\u00a0au nom de la d\u00e9fense du service public\u00a0\u00bb. \u00ab\u00a0Ce mouvement social m&rsquo;int\u00e9resse. J&rsquo;ai l&rsquo;impression qu&rsquo;il y a un mouvement assez vaste qui est en train de se mettre en place, je suis assez curieux, mais j&rsquo;attends de voir un petit peu\u00a0\u00bb,\u00a0d\u00e9clare Arthur.<\/p>\n<p>\u00ab\u00a0Peut-\u00eatre quand j&rsquo;aurai termin\u00e9 ma journ\u00e9e de travail, je n&rsquo;h\u00e9siterai pas \u00e0 rejoindre des amis qui pour le coup sont mobilis\u00e9s \u00e0 droite ou \u00e0 gauche, dans les endroits cibl\u00e9s par la mobilisation et qui sont assez clairs sur les r\u00e9seaux sociaux. Aux portes de Paris ou aux p\u00e9riphs !\u00a0\u00bb, pr\u00e9cise-t-il.<\/p>\n","protected":false},"excerpt":{"rendered":"\u00c0 Paris-Cit\u00e9, Jussieu ou \u00e0 Panth\u00e9on-Sorbonne, ce mardi, plusieurs assembl\u00e9es g\u00e9n\u00e9rales pr\u00e9paratoires du mouvement du 10 septembre se&hellip;\n","protected":false},"author":2,"featured_media":378961,"comment_status":"","ping_status":"","sticky":false,"template":"","format":"standard","meta":{"footnotes":""},"categories":[1888],"tags":[1111,1928,11,1927,1777,674,1011,27,12,1926,626,1925,25],"class_list":{"0":"post-378960","1":"post","2":"type-post","3":"status-publish","4":"format-standard","5":"has-post-thumbnail","7":"category-paris","8":"tag-actu","9":"tag-actu-paris","10":"tag-actualites","11":"tag-actualites-paris","12":"tag-eu","13":"tag-europe","14":"tag-fr","15":"tag-france","16":"tag-news","17":"tag-news-paris","18":"tag-paris","19":"tag-paris-news","20":"tag-republique-francaise"},"share_on_mastodon":{"url":"https:\/\/pubeurope.com\/@fr\/115177087540127972","error":""},"_links":{"self":[{"href":"https:\/\/www.europesays.com\/fr\/wp-json\/wp\/v2\/posts\/378960","targetHints":{"allow":["GET"]}}],"collection":[{"href":"https:\/\/www.europesays.com\/fr\/wp-json\/wp\/v2\/posts"}],"about":[{"href":"https:\/\/www.europesays.com\/fr\/wp-json\/wp\/v2\/types\/post"}],"author":[{"embeddable":true,"href":"https:\/\/www.europesays.com\/fr\/wp-json\/wp\/v2\/users\/2"}],"replies":[{"embeddable":true,"href":"https:\/\/www.europesays.com\/fr\/wp-json\/wp\/v2\/comments?post=378960"}],"version-history":[{"count":0,"href":"https:\/\/www.europesays.com\/fr\/wp-json\/wp\/v2\/posts\/378960\/revisions"}],"wp:featuredmedia":[{"embeddable":true,"href":"https:\/\/www.europesays.com\/fr\/wp-json\/wp\/v2\/media\/378961"}],"wp:attachment":[{"href":"https:\/\/www.europesays.com\/fr\/wp-json\/wp\/v2\/media?parent=378960"}],"wp:term":[{"taxonomy":"category","embeddable":true,"href":"https:\/\/www.europesays.com\/fr\/wp-json\/wp\/v2\/categories?post=378960"},{"taxonomy":"post_tag","embeddable":true,"href":"https:\/\/www.europesays.com\/fr\/wp-json\/wp\/v2\/tags?post=378960"}],"curies":[{"name":"wp","href":"https:\/\/api.w.org\/{rel}","templated":true}]}}