{"id":378962,"date":"2025-09-10T00:07:11","date_gmt":"2025-09-10T00:07:11","guid":{"rendered":"https:\/\/www.europesays.com\/fr\/378962\/"},"modified":"2025-09-10T00:07:11","modified_gmt":"2025-09-10T00:07:11","slug":"previsions-du-mercredi-10-septembre-2025-9","status":"publish","type":"post","link":"https:\/\/www.europesays.com\/fr\/378962\/","title":{"rendered":"pr\u00e9visions du mercredi 10 septembre 2025"},"content":{"rendered":"<p>\u00c0 Paris les temp\u00e9ratures iront de 15 \u00e0 22\u00b0C sur l&rsquo;ensemble de la journ\u00e9e. Un vent de sud-ouest rafra\u00eechira l\u00e9g\u00e8rement l&rsquo;atmosph\u00e8re. Le ciel va l\u00e9g\u00e8rement se d\u00e9gager dans la matin\u00e9e avec des \u00e9claircies. Le ciel sera nuageux dans l&rsquo;apr\u00e8s-midi. Des pluies \u00e9parses tomberont. Les valeurs s&rsquo;\u00e9chelonneront entre 18\u00b0C et 22\u00b0C. Le soir, du mauvais temps est \u00e0 pr\u00e9voir. De la bruine l\u00e9g\u00e8re va tomber. Le mercure affichera 17\u00b0C en moyenne. On pr\u00e9voit une nuit claire entre mercredi et jeudi.<\/p>\n<p>Demain, le mercure va baisser de quelques degr\u00e9s \u00e0 Paris. Il fera environ 17\u00b0C. Un petit vent de sud-ouest sera ressenti par les habitants. Le temps va progressivement s&rsquo;am\u00e9liorer dans la matin\u00e9e et laisser place \u00e0 des \u00e9claircies. Demain apr\u00e8s-midi, c&rsquo;est sur un ciel tapiss\u00e9 de nuages qu&rsquo;il faudra compter. En revanche, une m\u00e9t\u00e9o plus chaude est attendue puisque les temp\u00e9ratures vont enregistrer une l\u00e9g\u00e8re hausse. Les maximales pourront atteindre 21\u00b0C tandis que les minimales seront de 18\u00b0C. Demain soir, toujours des nuages dans le ciel qui emp\u00eachent le soleil d&rsquo;appara\u00eetre. Des pluies \u00e9parses sont attendues. Il va faire 17\u00b0C en moyenne.<\/p>\n<p>La m\u00e9t\u00e9o des journ\u00e9es suivantes va changer peu \u00e0 peu. Les conditions m\u00e9t\u00e9orologiques se maintiendront vendredi mais une d\u00e9gradation s&rsquo;ensuivra samedi.<\/p>\n<p><\/p>\n","protected":false},"excerpt":{"rendered":"\u00c0 Paris les temp\u00e9ratures iront de 15 \u00e0 22\u00b0C sur l&rsquo;ensemble de la journ\u00e9e. Un vent de sud-ouest&hellip;\n","protected":false},"author":2,"featured_media":378963,"comment_status":"","ping_status":"","sticky":false,"template":"","format":"standard","meta":{"footnotes":""},"categories":[1888],"tags":[11,1777,674,1011,27,662,12,626,2119,25],"class_list":{"0":"post-378962","1":"post","2":"type-post","3":"status-publish","4":"format-standard","5":"has-post-thumbnail","7":"category-paris","8":"tag-actualites","9":"tag-eu","10":"tag-europe","11":"tag-fr","12":"tag-france","13":"tag-ile-de-france","14":"tag-news","15":"tag-paris","16":"tag-previsions-meteo","17":"tag-republique-francaise"},"share_on_mastodon":{"url":"https:\/\/pubeurope.com\/@fr\/115177091476478775","error":""},"_links":{"self":[{"href":"https:\/\/www.europesays.com\/fr\/wp-json\/wp\/v2\/posts\/378962","targetHints":{"allow":["GET"]}}],"collection":[{"href":"https:\/\/www.europesays.com\/fr\/wp-json\/wp\/v2\/posts"}],"about":[{"href":"https:\/\/www.europesays.com\/fr\/wp-json\/wp\/v2\/types\/post"}],"author":[{"embeddable":true,"href":"https:\/\/www.europesays.com\/fr\/wp-json\/wp\/v2\/users\/2"}],"replies":[{"embeddable":true,"href":"https:\/\/www.europesays.com\/fr\/wp-json\/wp\/v2\/comments?post=378962"}],"version-history":[{"count":0,"href":"https:\/\/www.europesays.com\/fr\/wp-json\/wp\/v2\/posts\/378962\/revisions"}],"wp:featuredmedia":[{"embeddable":true,"href":"https:\/\/www.europesays.com\/fr\/wp-json\/wp\/v2\/media\/378963"}],"wp:attachment":[{"href":"https:\/\/www.europesays.com\/fr\/wp-json\/wp\/v2\/media?parent=378962"}],"wp:term":[{"taxonomy":"category","embeddable":true,"href":"https:\/\/www.europesays.com\/fr\/wp-json\/wp\/v2\/categories?post=378962"},{"taxonomy":"post_tag","embeddable":true,"href":"https:\/\/www.europesays.com\/fr\/wp-json\/wp\/v2\/tags?post=378962"}],"curies":[{"name":"wp","href":"https:\/\/api.w.org\/{rel}","templated":true}]}}