{"id":378966,"date":"2025-09-10T00:09:17","date_gmt":"2025-09-10T00:09:17","guid":{"rendered":"https:\/\/www.europesays.com\/fr\/378966\/"},"modified":"2025-09-10T00:09:17","modified_gmt":"2025-09-10T00:09:17","slug":"voici-comment-trump-entend-sanctionner-la-russie-avec-laide-de-leurope","status":"publish","type":"post","link":"https:\/\/www.europesays.com\/fr\/378966\/","title":{"rendered":"Voici comment Trump entend sanctionner la Russie avec l&rsquo;aide de l&rsquo;Europe"},"content":{"rendered":"<p class=\"ap-StoryElement ap-StoryElement--mb ap-StoryText\">Le secr\u00e9taire am\u00e9ricain au Tr\u00e9sor Scott Bessent a re\u00e7u lundi et mardi une d\u00e9l\u00e9gation europ\u00e9enne, notamment le \u00ab\u00a0Monsieur sanctions\u00a0\u00bb de l&rsquo;UE, David O&rsquo;Sullivan, avec la volont\u00e9 de \u00ab\u00a0prendre des mesures fortes contre la Russie\u00a0\u00bb, a-t-il affirm\u00e9 sur X.<\/p>\n<p class=\"ap-StoryElement ap-StoryElement--mb ap-StoryText\">Parmi elles, Washington pousse pour la mise en place de droits de douane visant les acheteurs de p\u00e9trole russe. Les Etats-Unis l&rsquo;ont d\u00e9j\u00e0 fait \u00e0 l&rsquo;encontre de l&rsquo;Inde et souhaite l&rsquo;appliquer \u00e0 la Chine.<\/p>\n<p class=\"ap-StoryElement ap-StoryElement--mb ap-StoryText\">\u00ab\u00a0La source de financement pour la machine de guerre russe est les achats de p\u00e9trole par la Chine et l&rsquo;Inde. Si l&rsquo;on ne va pas \u00e0 la source de ce financement, on ne peut pas arr\u00eater la guerre. Et c&rsquo;est ce que nous cherchons a faire\u00a0\u00bb, a assur\u00e9 un responsable am\u00e9ricain aupr\u00e8s de l&rsquo;AFP.<\/p>\n<p class=\"ap-StoryElement ap-StoryElement--mb ap-StoryText\">Selon cette source, le pr\u00e9sident am\u00e9ricain est \u00ab\u00a0pr\u00eat \u00e0 y aller maintenant mais pense que l&rsquo;UE doit en faire autant\u00a0\u00bb, un message transmis aux repr\u00e9sentants europ\u00e9ens, insistant sur le fait que si Bruxelles est pr\u00eate \u00e0 s&rsquo;aligner sur les droits de douane, Washington agira.<\/p>\n<p><a href=\"https:\/\/www.lalibre.be\/economie\/conjoncture\/2025\/09\/09\/la-cour-supreme-examinera-debut-novembre-la-legalite-des-droits-de-douane-de-trump-TOLGK7IRPBCHBIJNYRPWD47LPM\/\" target=\"_blank\" rel=\"noopener noreferrer\" class=\"ap-StoryInterstitialLink ap-StoryElement ap-StoryElement--mb\">La Cour supr\u00eame examinera d\u00e9but novembre la l\u00e9galit\u00e9 des droits de douane de Trump<\/a><\/p>\n<p class=\"ap-StoryElement ap-StoryElement--mb ap-StoryText\">Interrog\u00e9 dimanche \u00e0 la Maison Blanche sur le fait de savoir s&rsquo;il \u00e9tait pr\u00eat \u00e0 lancer une nouvelle phase de sanctions contre la Russie, Donald Trump a r\u00e9pondu: \u00ab\u00a0Oui, je le suis\u00a0\u00bb.<\/p>\n<p class=\"ap-StoryElement ap-StoryElement--mb ap-StoryText\">Scott Bessent avait de son c\u00f4t\u00e9 d\u00e9j\u00e0 affirm\u00e9 dimanche que les Etats-Unis \u00e9taient \u00ab\u00a0pr\u00eats \u00e0 faire monter la pression\u00a0\u00bb sur la Russie afin de mettre fin \u00e0 la guerre en Ukraine, appelant l&rsquo;UE \u00e0 en faire de m\u00eame.<\/p>\n<p class=\"ap-StoryElement ap-StoryElement--mb ap-StoryText\">\u00ab\u00a0Si les Etats-Unis et l&rsquo;UE peuvent se mettre d&rsquo;accord sur davantage de sanctions, sur des droits de douane sur les pays qui ach\u00e8tent le p\u00e9trole russe, l&rsquo;\u00e9conomie russe va s&rsquo;effondrer. Et cela va mener le pr\u00e9sident Poutine \u00e0 la table des n\u00e9gociations\u00a0\u00bb, avait insist\u00e9 M. Bessent.<\/p>\n<p class=\"ap-StoryElement ap-StoryElement--mb ap-StoryText\">Interrog\u00e9 par l&rsquo;AFP, le d\u00e9partement du Tr\u00e9sor s&rsquo;est refus\u00e9 \u00e0 tout commentaire.<\/p>\n<p class=\"ap-StoryElement ap-StoryElement--mb ap-StoryText\">Selon une \u00e9tude publi\u00e9e en juin par le Centre de recherche sur l&rsquo;\u00e9nergie et l&rsquo;air pur (CREA), bas\u00e9 \u00e0 Helsinki (Finlande), la Chine, l&rsquo;Inde et la Turquie sont les principaux clients pour les hydrocarbures russes.<\/p>\n","protected":false},"excerpt":{"rendered":"Le secr\u00e9taire am\u00e9ricain au Tr\u00e9sor Scott Bessent a re\u00e7u lundi et mardi une d\u00e9l\u00e9gation europ\u00e9enne, notamment le \u00ab\u00a0Monsieur&hellip;\n","protected":false},"author":2,"featured_media":378967,"comment_status":"","ping_status":"","sticky":false,"template":"","format":"standard","meta":{"footnotes":""},"categories":[1591],"tags":[11,215,2120,312,75,2822,893,1887,843,12,844,8131,1885,1886,132,7185],"class_list":{"0":"post-378966","1":"post","2":"type-post","3":"status-publish","4":"format-standard","5":"has-post-thumbnail","7":"category-russie","8":"tag-actualites","9":"tag-commerce","10":"tag-conflit","11":"tag-diplomatie","12":"tag-donald-trump","13":"tag-douanes","14":"tag-energie","15":"tag-federation-de-russie","16":"tag-gaz","17":"tag-news","18":"tag-petrole","19":"tag-production","20":"tag-russia","21":"tag-russian-federation","22":"tag-russie","23":"tag-sanctions"},"share_on_mastodon":{"url":"https:\/\/pubeurope.com\/@fr\/115177099320140605","error":""},"_links":{"self":[{"href":"https:\/\/www.europesays.com\/fr\/wp-json\/wp\/v2\/posts\/378966","targetHints":{"allow":["GET"]}}],"collection":[{"href":"https:\/\/www.europesays.com\/fr\/wp-json\/wp\/v2\/posts"}],"about":[{"href":"https:\/\/www.europesays.com\/fr\/wp-json\/wp\/v2\/types\/post"}],"author":[{"embeddable":true,"href":"https:\/\/www.europesays.com\/fr\/wp-json\/wp\/v2\/users\/2"}],"replies":[{"embeddable":true,"href":"https:\/\/www.europesays.com\/fr\/wp-json\/wp\/v2\/comments?post=378966"}],"version-history":[{"count":0,"href":"https:\/\/www.europesays.com\/fr\/wp-json\/wp\/v2\/posts\/378966\/revisions"}],"wp:featuredmedia":[{"embeddable":true,"href":"https:\/\/www.europesays.com\/fr\/wp-json\/wp\/v2\/media\/378967"}],"wp:attachment":[{"href":"https:\/\/www.europesays.com\/fr\/wp-json\/wp\/v2\/media?parent=378966"}],"wp:term":[{"taxonomy":"category","embeddable":true,"href":"https:\/\/www.europesays.com\/fr\/wp-json\/wp\/v2\/categories?post=378966"},{"taxonomy":"post_tag","embeddable":true,"href":"https:\/\/www.europesays.com\/fr\/wp-json\/wp\/v2\/tags?post=378966"}],"curies":[{"name":"wp","href":"https:\/\/api.w.org\/{rel}","templated":true}]}}