{"id":378978,"date":"2025-09-10T00:15:10","date_gmt":"2025-09-10T00:15:10","guid":{"rendered":"https:\/\/www.europesays.com\/fr\/378978\/"},"modified":"2025-09-10T00:15:10","modified_gmt":"2025-09-10T00:15:10","slug":"apres-la-ticad9-le-polisario-se-prepare-a-participer-au-7e-sommet-ua-ue","status":"publish","type":"post","link":"https:\/\/www.europesays.com\/fr\/378978\/","title":{"rendered":"Apr\u00e8s la TICAD9, le Polisario se pr\u00e9pare \u00e0 participer au 7e sommet UA-UE"},"content":{"rendered":"<p>Luanda, la capitale de l&rsquo;Angola, se pr\u00e9pare \u00e0 accueillir les 24 et 25 novembre prochains le 7e sommet Union africaine-Union europ\u00e9enne. Comme lors des \u00e9ditions pr\u00e9c\u00e9dentes, il est fort probable que le Polisario y soit invit\u00e9 par les organisateurs.<\/p>\n<p>Des d\u00e9l\u00e9gations du Front ont d\u00e9j\u00e0 pris part \u00e0 des r\u00e9unions pr\u00e9paratoires de cet \u00e9v\u00e9nement, notamment \u00e0 la conf\u00e9rence des ministres des Affaires \u00e9trang\u00e8res de l&rsquo;Union europ\u00e9enne et de l&rsquo;Union africaine, <a href=\"https:\/\/www.yabiladi.com\/articles\/details\/166919\/l-ue-exclu-polisario-d-une-reunion.html\" target=\"_blank\" rel=\"nofollow noopener\">tenue \u00e0 Bruxelles le 21 mai<\/a>, ainsi qu&rsquo;\u00e0 la r\u00e9union minist\u00e9rielle <a href=\"https:\/\/www.yabiladi.com\/articles\/details\/170278\/polisario-present-reunion-ue-ua-l-agriculture.html\" target=\"_blank\" rel=\"nofollow noopener\">organis\u00e9e<\/a> le 28 juin \u00e0 Rome, consacr\u00e9e au d\u00e9veloppement de l&rsquo;agriculture en Afrique.<\/p>\n<p>Le Front \u00e9tait \u00e9galement pr\u00e9sent le 18 juillet \u00e0 <a href=\"https:\/\/www.yabiladi.com\/articles\/details\/172094\/polisario-present-autre-reunion-entre.html\" target=\"_blank\" rel=\"nofollow noopener\">une r\u00e9union<\/a> par visioconf\u00e9rence pr\u00e9paratoire \u00e0 la neuvi\u00e8me session du dialogue de haut niveau sur la politique scientifique, technologique et d&rsquo;innovation entre l&rsquo;UA et l&rsquo;UE, pr\u00e9vue en octobre \u00e0 Bruxelles.<\/p>\n<p>La semaine derni\u00e8re, le Polisario a particip\u00e9 \u00e0 Addis-Abeba, en \u00c9thiopie, \u00e0 un sommet entre l&rsquo;Union africaine et la Communaut\u00e9 carib\u00e9enne (CARICOM).<\/p>\n<p>Pour rappel, le Polisario <a href=\"https:\/\/www.yabiladi.com\/articles\/details\/169806\/angola-polisario-exclu-sommet-etats-unis-afrique.html\" target=\"_blank\" rel=\"nofollow noopener\">a \u00e9t\u00e9 exclu<\/a> du 17e sommet des affaires \u00c9tats-Unis &#8211; Afrique, qui s&rsquo;est d\u00e9roul\u00e9 du 22 au 25 juin en Angola, un pays qui reconna\u00eet toujours la \u00ab\u00a0r\u00e9publique sahraouie\u00a0\u00bb.<\/p>\n","protected":false},"excerpt":{"rendered":"Luanda, la capitale de l&rsquo;Angola, se pr\u00e9pare \u00e0 accueillir les 24 et 25 novembre prochains le 7e sommet&hellip;\n","protected":false},"author":2,"featured_media":378979,"comment_status":"","ping_status":"","sticky":false,"template":"","format":"standard","meta":{"footnotes":""},"categories":[1586],"tags":[11,1777,674,1779,1011,27,12,25,1778,364],"class_list":{"0":"post-378978","1":"post","2":"type-post","3":"status-publish","4":"format-standard","5":"has-post-thumbnail","7":"category-europe","8":"tag-actualites","9":"tag-eu","10":"tag-europe","11":"tag-european-union","12":"tag-fr","13":"tag-france","14":"tag-news","15":"tag-republique-francaise","16":"tag-ue","17":"tag-union-europeenne"},"share_on_mastodon":{"url":"https:\/\/pubeurope.com\/@fr\/115177122928016730","error":""},"_links":{"self":[{"href":"https:\/\/www.europesays.com\/fr\/wp-json\/wp\/v2\/posts\/378978","targetHints":{"allow":["GET"]}}],"collection":[{"href":"https:\/\/www.europesays.com\/fr\/wp-json\/wp\/v2\/posts"}],"about":[{"href":"https:\/\/www.europesays.com\/fr\/wp-json\/wp\/v2\/types\/post"}],"author":[{"embeddable":true,"href":"https:\/\/www.europesays.com\/fr\/wp-json\/wp\/v2\/users\/2"}],"replies":[{"embeddable":true,"href":"https:\/\/www.europesays.com\/fr\/wp-json\/wp\/v2\/comments?post=378978"}],"version-history":[{"count":0,"href":"https:\/\/www.europesays.com\/fr\/wp-json\/wp\/v2\/posts\/378978\/revisions"}],"wp:featuredmedia":[{"embeddable":true,"href":"https:\/\/www.europesays.com\/fr\/wp-json\/wp\/v2\/media\/378979"}],"wp:attachment":[{"href":"https:\/\/www.europesays.com\/fr\/wp-json\/wp\/v2\/media?parent=378978"}],"wp:term":[{"taxonomy":"category","embeddable":true,"href":"https:\/\/www.europesays.com\/fr\/wp-json\/wp\/v2\/categories?post=378978"},{"taxonomy":"post_tag","embeddable":true,"href":"https:\/\/www.europesays.com\/fr\/wp-json\/wp\/v2\/tags?post=378978"}],"curies":[{"name":"wp","href":"https:\/\/api.w.org\/{rel}","templated":true}]}}