{"id":378981,"date":"2025-09-10T00:17:15","date_gmt":"2025-09-10T00:17:15","guid":{"rendered":"https:\/\/www.europesays.com\/fr\/378981\/"},"modified":"2025-09-10T00:17:15","modified_gmt":"2025-09-10T00:17:15","slug":"deja-une-mauvaise-nouvelle-pour-les-iphone-17-pro-francais","status":"publish","type":"post","link":"https:\/\/www.europesays.com\/fr\/378981\/","title":{"rendered":"D\u00e9j\u00e0 une mauvaise nouvelle pour les iPhone 17 Pro fran\u00e7ais"},"content":{"rendered":"<p>Durant sa conf\u00e9rence du 9 septembre, Apple a lev\u00e9 le voile sur quatre nouveaux iPhone. Mais, en France, il n\u2019y a que l\u2019iPhone Air qui est compatible avec l\u2019eSIM uniquement. Ce qui a une incidence sur l\u2019autonomie des autres, notamment de l\u2019iPhone 17 Pro. <\/p>\n<p>Pendant <a href=\"https:\/\/www.numerama.com\/tech\/2067969-iphone-17-keynote-direct.html\" target=\"_blank\" rel=\"noopener\">son keynote de rentr\u00e9e<\/a>, Apple a d\u00e9voil\u00e9 <a href=\"https:\/\/www.numerama.com\/tech\/2067843-voici-les-8-nouveautes-des-iphone-17-iphone-17-pro-et-iphone-air-quapple-vient-dannoncer.html\" target=\"_blank\" rel=\"noopener\">sa nouvelle gamme de t\u00e9l\u00e9phones<\/a>. \u00c0 partir du 19 septembre, il faudra faire place \u00e0 l\u2019<a href=\"https:\/\/www.numerama.com\/smartphones\/iphone-17\/\" target=\"_blank\" rel=\"noopener\">iPhone 17<\/a>, l\u2019<a href=\"https:\/\/www.numerama.com\/smartphones\/iphone-17-pro\/\" target=\"_blank\" rel=\"noopener\">iPhone 17 Pro<\/a>, l\u2019iPhone 17 Pro Max et l\u2019<a href=\"https:\/\/www.numerama.com\/smartphones\/iphone-17-air\/\" target=\"_blank\" rel=\"noopener\">iPhone Air<\/a>. La firme de Cupertino a mis l\u2019accent sur les avanc\u00e9es en autonomie, promettant jusqu\u2019\u00e0 39 heures de lecture vid\u00e9o \u2014 un record \u2014 pour l\u2019iPhone 17 Pro Max. Ou presque.<\/p>\n<p>En France, quand on lit la fiche technique de l\u2019iPhone 17 Pro Max, on d\u00e9couvre que l\u2019autonomie maximum \u2014 en lecture vid\u00e9o \u2014 est donn\u00e9e pour 37 heures. Qu\u2019est-ce qui explique cette diff\u00e9rence de deux heures ? Le fait que la mod\u00e8le fran\u00e7aise ne sacrifiera pas le tiroir de la carte SIM. Quelques lignes plus bas, l\u2019information est confirm\u00e9e : l\u2019iPhone 17 Pro est compatible double SIM, en prenant en charge une nano-SIM (physique) et une <a href=\"https:\/\/www.numerama.com\/tech\/1189138-que-signifie-esim.html\" data-popover-target=\"definition\" data-tag=\"Que signifie eSIM\u00a0?\" data-chapo=\"Une eSIM est une carte SIM directement embarqu\u00e9e dans un terminal num\u00e9rique, qui ne demande donc ni d\u2019\u00eatre ajout\u00e9e ni d\u2019\u00eatre chang\u00e9e. Elle s\u2019active et se g\u00e8re \u00e0 distance.\" data-image=\"https:\/\/c0.lestechnophiles.com\/www.numerama.com\/wp-content\/uploads\/2022\/11\/esim-une-1024x576.jpg?key=74b61a1b\" target=\"_blank\" rel=\"noopener\">eSIM<\/a> (virtuelle). C\u2019est pareil pour l\u2019iPhone 17.<\/p>\n<p>                <img decoding=\"async\" width=\"1024\" height=\"396\" loading=\"lazy\" alt=\"BIT BOX 3\" title=\"BIT BOX 3\" class=\"is-block placeholder-default wp-image\" src=\"https:\/\/www.europesays.com\/fr\/wp-content\/uploads\/2025\/07\/bit-box-3-1024x396.jpg\" \/>            <\/p>\n<p>\n                    Vos donn\u00e9es m\u00e9ritent d\u2019\u00eatre mieux prot\u00e9g\u00e9es.                <\/p>\n<p>\n                    Les escroqueries, les virus et les ransomwares ne sont plus une fatalit\u00e9. Prot\u00e9gez votre vie priv\u00e9e et vos donn\u00e9es personnelles avec Bitdefender et profitez de votre vie num\u00e9rique en toute s\u00e9r\u00e9nit\u00e9.                <\/p>\n<p>                Autonomie aux USA\n        <\/p>\n<p>                Autonomie en France\n        <\/p>\n<p>En France, seul l\u2019iPhone 17 Air sera eSIM only<\/p>\n<p>Dans sa conf\u00e9rence, Apple a expliqu\u00e9 que l\u2019absence de tiroir servant \u00e0 loger une carte SIM physique permet d\u2019augmenter un peu la taille de la batterie. Mais ce n\u2019est pas une nouveaut\u00e9 qui est globalis\u00e9e : aux \u00c9tats-Unis, l\u2019iPhone 17 Pro et l\u2019iPhone 17 Pro Max sont eSIM only. En France, on conserve le tiroir qui a donc un impact n\u00e9gatif sur l\u2019autonomie. Bref, on a le m\u00eame iPhone, mais pas la m\u00eame autonomie. <\/p>\n<p><strong>Comparaison des autonomies des iPhone 17 Pro<\/strong> <strong>(en lecture vid\u00e9o)<\/strong> :<\/p>\n<tr>iPhone 17 ProiPhone 17 Pro Max<\/tr>\n<tr>\n<td>France : nano-SIM + eSIM<\/td>\n<td>31 heures<\/td>\n<td>37 heures<\/td>\n<\/tr>\n<tr>\n<td>USA : eSIM only<\/td>\n<td>33 heures<\/td>\n<td>39 heures<\/td>\n<\/tr>\n<p>\u00c0 noter que l\u2019iPhone 17 simple propose la m\u00eame autonomie aux \u00c9tats-Unis qu\u2019en France (30 heures), alors qu\u2019il propose les m\u00eames diff\u00e9rences que les iPhone 17 Pro entre les deux pays. De toute \u00e9vidence, la taille des batteries est la m\u00eame pour tous, qu\u2019importe la technologie SIM embarqu\u00e9e en ce qui concerne le mod\u00e8le le plus abordable. <\/p>\n<\/p>\n<p>            Ce contenu est bloqu\u00e9 car vous n\u2019avez pas accept\u00e9 les cookies et autres traceurs. Ce contenu est fourni par YouTube.<br \/>Pour pouvoir le visualiser, vous devez accepter l\u2019usage \u00e9tant op\u00e9r\u00e9 par YouTube avec vos donn\u00e9es qui pourront \u00eatre utilis\u00e9es pour les finalit\u00e9s suivantes : vous permettre de visualiser et de partager des contenus avec des m\u00e9dias sociaux, favoriser le d\u00e9veloppement et l\u2019am\u00e9lioration des produits d\u2019Humanoid et de ses partenaires, vous afficher des publicit\u00e9s personnalis\u00e9es par rapport \u00e0 votre profil et activit\u00e9, vous d\u00e9finir un profil publicitaire personnalis\u00e9, mesurer la performance des publicit\u00e9s et du contenu de ce site et mesurer l\u2019audience de ce site <a href=\"#\" class=\"js-privacy\" target=\"_blank\">(en savoir plus)<\/a>        <\/p>\n<p>            En cliquant sur \u00ab J\u2019accepte tout \u00bb, vous consentez aux finalit\u00e9s susmentionn\u00e9es pour l\u2019ensemble des cookies et autres traceurs d\u00e9pos\u00e9s par Humanoid et <a class=\"embed-consent-overlay-vendors-link\" href=\"#preferences-vendeurs\">ses partenaires<\/a>.        <\/p>\n<p>            Vous gardez la possibilit\u00e9 de retirer votre consentement \u00e0 tout moment. Pour plus d\u2019informations, nous vous invitons \u00e0 prendre connaissance de notre <a href=\"https:\/\/www.numerama.com\/politique-cookies\" target=\"_blank\" rel=\"noopener\">Politique cookies<\/a>.        <\/p>\n<p>        J\u2019accepte tout    <\/p>\n<p class=\"embed-consent-overlay-manage-choices\">        <a href=\"#preferences-publicitaires\">G\u00e9rer mes choix<\/a>    <\/p>\n<p>En France, il n\u2019y aura donc que l\u2019iPhone Air qui ne proposera que de l\u2019eSIM, comme annonc\u00e9 par Apple durant le keynote. \u00ab L\u2019iPhone\u00a0Air utilise la technologie eSIM avanc\u00e9e, plus pratique et plus s\u00e9curis\u00e9e (non\u00a0compatible avec les\u00a0cartes\u00a0SIM physiques) \u00bb, peut-on lire. Le design ultra-fin et la volont\u00e9 d\u2019embarquer la plus grande batterie possible aident. L\u2019autonomie est donn\u00e9e pour 27 heures, soit la plus faible du quatuor. <\/p>\n<p>    Pour aller plus loin<\/p>\n<p>                <img decoding=\"async\" width=\"87\" height=\"87\" loading=\"lazy\" alt=\"iPhone Air \/\/ Source : Capture d'\u00e9cran Numerama\" title=\"iPhone Air \/\/ Source : Capture d'\u00e9cran Numerama\" class=\"placeholder-default wp-image\" src=\"https:\/\/www.europesays.com\/fr\/wp-content\/uploads\/2025\/09\/apple-event-september-9-47-4-screenshot-200x200.jpg\" \/>            <\/p>\n<p>            <img decoding=\"async\" src=\"https:\/\/www.europesays.com\/fr\/wp-content\/uploads\/2025\/04\/iPhone-16-pro.png\" alt=\"Toute l'actu tech en un clien d'oeil\"\/><\/p>\n<p class=\"card-install-pwa__title\">Toute l&rsquo;actu tech en un clin d&rsquo;\u0153il<\/p>\n<p class=\"card-install-pwa__description\">Ajoutez Numerama \u00e0 votre \u00e9cran d&rsquo;accueil et restez connect\u00e9s au futur !<\/p>\n<p>            <img decoding=\"async\" src=\"https:\/\/www.numerama.com\/wp-content\/themes\/numerama-next\/assets\/images\/premium\/logo-card-pwa-coupe.svg\" alt=\"Logo PWA\"\/><\/p>\n<p>       Installer Numerama<\/p>\n","protected":false},"excerpt":{"rendered":"Durant sa conf\u00e9rence du 9 septembre, Apple a lev\u00e9 le voile sur quatre nouveaux iPhone. Mais, en France,&hellip;\n","protected":false},"author":2,"featured_media":378982,"comment_status":"","ping_status":"","sticky":false,"template":"","format":"standard","meta":{"footnotes":""},"categories":[2],"tags":[11,12575,12576,12578,12579,1011,27,12,25],"class_list":{"0":"post-378981","1":"post","2":"type-post","3":"status-publish","4":"format-standard","5":"has-post-thumbnail","7":"category-actualites","8":"tag-actualites","9":"tag-apple-iphone-17","10":"tag-apple-iphone-17-air","11":"tag-apple-iphone-17-pro","12":"tag-apple-iphone-17-pro-max","13":"tag-fr","14":"tag-france","15":"tag-news","16":"tag-republique-francaise"},"share_on_mastodon":{"url":"https:\/\/pubeurope.com\/@fr\/115177131212855566","error":""},"_links":{"self":[{"href":"https:\/\/www.europesays.com\/fr\/wp-json\/wp\/v2\/posts\/378981","targetHints":{"allow":["GET"]}}],"collection":[{"href":"https:\/\/www.europesays.com\/fr\/wp-json\/wp\/v2\/posts"}],"about":[{"href":"https:\/\/www.europesays.com\/fr\/wp-json\/wp\/v2\/types\/post"}],"author":[{"embeddable":true,"href":"https:\/\/www.europesays.com\/fr\/wp-json\/wp\/v2\/users\/2"}],"replies":[{"embeddable":true,"href":"https:\/\/www.europesays.com\/fr\/wp-json\/wp\/v2\/comments?post=378981"}],"version-history":[{"count":0,"href":"https:\/\/www.europesays.com\/fr\/wp-json\/wp\/v2\/posts\/378981\/revisions"}],"wp:featuredmedia":[{"embeddable":true,"href":"https:\/\/www.europesays.com\/fr\/wp-json\/wp\/v2\/media\/378982"}],"wp:attachment":[{"href":"https:\/\/www.europesays.com\/fr\/wp-json\/wp\/v2\/media?parent=378981"}],"wp:term":[{"taxonomy":"category","embeddable":true,"href":"https:\/\/www.europesays.com\/fr\/wp-json\/wp\/v2\/categories?post=378981"},{"taxonomy":"post_tag","embeddable":true,"href":"https:\/\/www.europesays.com\/fr\/wp-json\/wp\/v2\/tags?post=378981"}],"curies":[{"name":"wp","href":"https:\/\/api.w.org\/{rel}","templated":true}]}}