{"id":378988,"date":"2025-09-10T00:24:15","date_gmt":"2025-09-10T00:24:15","guid":{"rendered":"https:\/\/www.europesays.com\/fr\/378988\/"},"modified":"2025-09-10T00:24:15","modified_gmt":"2025-09-10T00:24:15","slug":"evan-boxberger-le-jeune-manosquin-qui-reve-de-moto-gp","status":"publish","type":"post","link":"https:\/\/www.europesays.com\/fr\/378988\/","title":{"rendered":"Evan Boxberger, le jeune manosquin qui r\u00eave de Moto GP"},"content":{"rendered":"<p>\u00c0 seulement 14 ans, <strong>Evan Boxberger<\/strong> s\u2019installe d\u00e9j\u00e0 parmi les grands espoirs de la moto tricolore. Licenci\u00e9 au club de Manosque, il dispute cette ann\u00e9e sa deuxi\u00e8me saison en <strong>European Talent Cup,<\/strong> tremplin vers les championnats du monde.<\/p>\n<p>Et le jeune pilote a d\u00e9j\u00e0 franchi un cap : apr\u00e8s une saison 2024 blanche, il a marqu\u00e9 ses premiers points d\u00e8s la manche inaugurale de&#8230;<\/p>\n","protected":false},"excerpt":{"rendered":"\u00c0 seulement 14 ans, Evan Boxberger s\u2019installe d\u00e9j\u00e0 parmi les grands espoirs de la moto tricolore. Licenci\u00e9 au&hellip;\n","protected":false},"author":2,"featured_media":378989,"comment_status":"","ping_status":"","sticky":false,"template":"","format":"standard","meta":{"footnotes":""},"categories":[1413],"tags":[1011,27,1457,1456,60],"class_list":{"0":"post-378988","1":"post","2":"type-post","3":"status-publish","4":"format-standard","5":"has-post-thumbnail","7":"category-moto","8":"tag-fr","9":"tag-france","10":"tag-moto","11":"tag-motocycle","12":"tag-sports"},"share_on_mastodon":{"url":"https:\/\/pubeurope.com\/@fr\/115177158288129066","error":""},"_links":{"self":[{"href":"https:\/\/www.europesays.com\/fr\/wp-json\/wp\/v2\/posts\/378988","targetHints":{"allow":["GET"]}}],"collection":[{"href":"https:\/\/www.europesays.com\/fr\/wp-json\/wp\/v2\/posts"}],"about":[{"href":"https:\/\/www.europesays.com\/fr\/wp-json\/wp\/v2\/types\/post"}],"author":[{"embeddable":true,"href":"https:\/\/www.europesays.com\/fr\/wp-json\/wp\/v2\/users\/2"}],"replies":[{"embeddable":true,"href":"https:\/\/www.europesays.com\/fr\/wp-json\/wp\/v2\/comments?post=378988"}],"version-history":[{"count":0,"href":"https:\/\/www.europesays.com\/fr\/wp-json\/wp\/v2\/posts\/378988\/revisions"}],"wp:featuredmedia":[{"embeddable":true,"href":"https:\/\/www.europesays.com\/fr\/wp-json\/wp\/v2\/media\/378989"}],"wp:attachment":[{"href":"https:\/\/www.europesays.com\/fr\/wp-json\/wp\/v2\/media?parent=378988"}],"wp:term":[{"taxonomy":"category","embeddable":true,"href":"https:\/\/www.europesays.com\/fr\/wp-json\/wp\/v2\/categories?post=378988"},{"taxonomy":"post_tag","embeddable":true,"href":"https:\/\/www.europesays.com\/fr\/wp-json\/wp\/v2\/tags?post=378988"}],"curies":[{"name":"wp","href":"https:\/\/api.w.org\/{rel}","templated":true}]}}