{"id":378998,"date":"2025-09-10T00:30:24","date_gmt":"2025-09-10T00:30:24","guid":{"rendered":"https:\/\/www.europesays.com\/fr\/378998\/"},"modified":"2025-09-10T00:30:24","modified_gmt":"2025-09-10T00:30:24","slug":"lauteur-du-succes-litteraire-les-yeux-de-mona-se-livre-avant-sa-dedicace","status":"publish","type":"post","link":"https:\/\/www.europesays.com\/fr\/378998\/","title":{"rendered":"l\u2019auteur du succ\u00e8s litt\u00e9raire \u201cLes Yeux de Mona\u201d se livre avant sa d\u00e9dicace"},"content":{"rendered":"<p>  Qu\u2019est-ce qui a d\u00e9clench\u00e9 l\u2019\u00e9criture de votre livre \u201cLes Yeux de Mona\u201d\u00a0?<\/p>\n<p>\u00ab\u00a0Un \u00e9v\u00e9nement personnel un peu triste que j\u2019appellerais pudiquement le \u201cnon-av\u00e8nement\u201d d\u2019un enfant. Cette \u00e9preuve, en 2013, a \u00e9t\u00e9 dure, mais elle a eu le m\u00e9rite de me donner l\u2019envie de m\u2019inventer une petite-fille id\u00e9ale, en l\u2019occurrence Mona, 10 ans, avec ses grands yeux et ses qualit\u00e9s humaines extraordinaires. Quant \u00e0 l\u2019histoire, avec cette menace de la c\u00e9cit\u00e9 et les visites au mus\u00e9e, \u00e7a a \u00e9t\u00e9 une inspiration qui m\u2019est venue d\u2019un coup, comme une \u00e9vidence.\u00a0\u00bb<\/p>\n<p><strong>Dans l\u2019ouvrage, trois mus\u00e9es sont mis en avant avec cheminement \u00e0 travers les \u0153uvres d\u2019art. Comment s\u2019est fait le choix des mus\u00e9es, des tableaux et des sculptures\u00a0?<\/strong><\/p>\n<p>\u00ab\u00a0Au d\u00e9but, je pensais \u00e0 quelque chose de tr\u00e8s large, avec des \u0153uvres issues de quantit\u00e9 de cultures et d\u2019\u00e9poques. Mais il fallait resserrer pour avoir une vraie unit\u00e9 romanesque et dramatique. D\u2019o\u00f9 le choix de Paris et, par cons\u00e9quent, de ces trois fabuleux mus\u00e9es (Le Louvre, Orsay et Beaubourg) dans lesquels le choix est tout de m\u00eame non n\u00e9gligeable.\u00a0\u00bb<\/p>\n<p><strong>A-t-il \u00e9t\u00e9 difficile de choisir les \u0153uvres\u00a0?<\/strong><\/p>\n<p>\u00ab\u00a0Il y a bien s\u00fbr des frustrations. J\u2019aurais ador\u00e9 parler de beaucoup d\u2019autres artistes comme Caravage, Joan Mitchell, des r\u00e9alisateurs de cin\u00e9ma, ou m\u00eame David Bowie\u00a0! Mais c\u2019est un roman et pas un essai. La subjectivit\u00e9 est au c\u0153ur de cette d\u00e9marche fictionnelle. Chacun peut ensuite, sur le mod\u00e8le des chapitres du livre, s\u2019imaginer le sien avec ses peintures pr\u00e9f\u00e9r\u00e9es.\u00a0\u00bb<\/p>\n<p><strong>Est-ce que ce sont des tableaux qui vous ont marqu\u00e9 personnellement\u00a0?<\/strong><\/p>\n<p>\u00ab\u00a0Toute bonne \u0153uvre est marquante. Et j\u2019ai \u00e9t\u00e9 boulevers\u00e9 par certaines de celles qui sont dans le livre, oui. Je pense par exemple au <a href=\"https:\/\/www.musee-orsay.fr\/fr\/oeuvres\/labourage-nivernais-68\" target=\"_blank\" rel=\"nofollow noopener\">Labourage nivernais de Rosa Bonheur<\/a>. Je suis tr\u00e8s sensible \u00e0 la cause animale et c\u2019est un tableau qui traduit \u00e0 merveille la condition des b\u00eates, sans mis\u00e9rabilisme excessif, sans concession non plus. J\u2019aime aussi la fa\u00e7on dont le b\u0153uf au centre, piqu\u00e9 par un bouvier, a l\u2019\u0153il qui se dilate et semble nous regarder, nous interpeller.\u00a0\u00bb<\/p>\n<p><strong>Vous avez une fa\u00e7on tr\u00e8s descriptive de parler des \u0153uvres d\u2019art. Pourquoi\u00a0?<\/strong><\/p>\n<p>\u00ab\u00a0Comme Les Yeux de Mona  parle de c\u00e9cit\u00e9, je voulais que cela soit un livre accessible aux personnes souffrant de handicap visuel. C\u2019\u00e9tait un grand d\u00e9fi\u00a0: faire en sorte que ce roman sur les arts visuels n\u2019exclue pas ceux qui sont aveugles ou qui souffrent d\u2019une vue d\u00e9grad\u00e9e. C\u2019est une des raisons qui m\u2019a pouss\u00e9 \u00e0 faire des descriptions r\u00e9unissant le maximum d\u2019\u00e9l\u00e9ments objectifs.\u00a0\u00bb<\/p>\n<p><strong>Avez-vous effectu\u00e9 beaucoup de recherches pour ma\u00eetriser les \u0153uvres choisies\u00a0?<\/strong><\/p>\n<p>\u00ab\u00a0Oui, bien s\u00fbr. Comme historien de l\u2019art, je suis sp\u00e9cialiste de la p\u00e9riode allant du XIXe\u00a0si\u00e8cle \u00e0 aujourd\u2019hui et je suis familier de certains des artistes. J\u2019ai \u00e9crit par exemple des livres sur Gustave Courbet ou Anna-Eva Bergman qui sont dans le roman. Mais il m\u2019a fallu aussi enqu\u00eater sur des artistes que je ne connaissais pas, avec humilit\u00e9. J\u2019ai donc beaucoup appris moi-m\u00eame avec Mona et son grand-p\u00e8re\u00a0!\u00a0\u00bb<\/p>\n<p><strong>Comment est venue cette id\u00e9e de m\u00ealer art et ressenti\u00a0?<\/strong><\/p>\n<p>\u00ab\u00a0L\u2019art, m\u00eame le plus intellectuel et le plus conceptuel, comme une simple croix noire g\u00e9om\u00e9trique sur un fond compl\u00e8tement blanc de Kazimir Malevitch, est toujours charg\u00e9 d\u2019une forme de ressenti physique, charnel. C\u2019est parfois tr\u00e8s minimal mais c\u2019est irr\u00e9ductible.\u00a0\u00bb<\/p>\n<p><strong>La d\u00e9couverte des \u0153uvres d\u2019art s\u2019apparente \u00e0 un chemin personnel. Quel est le message que vous avez voulu livrer \u00e0 travers les \u00e9changes entre Mona et son grand-p\u00e8re\u00a0?<\/strong><\/p>\n<p>\u00ab\u00a0Le message de ce livre, c\u2019est que l\u2019art est au service de la vie. Il y a une phrase d\u2019un artiste fran\u00e7ais aujourd\u2019hui disparu et que j\u2019adore, du nom de Robert Filliou. Il disait\u00a0: \u201cL\u2019art est ce qui rend la vie plus int\u00e9ressante que l\u2019art\u201d. Je ne la cite pas dans le roman mais c\u2019est ce qui en sous-tend la construction.\u00a0\u00bb<\/p>\n<p><strong>Ce chemin s\u2019apparente-t-il au v\u00f4tre\u00a0?<\/strong><\/p>\n<p>\u00ab\u00a0Je me reconnais dans l\u2019enfant qu\u2019est Mona, bien qu\u2019il n\u2019y ait strictement rien d\u2019autobiographique. J\u2019ai puis\u00e9 dans ma m\u00e9moire, dans mes sensations de jeunesse pour \u00e9laborer son caract\u00e8re et ses \u00e9preuves. Mona apprend \u00e0 perdre au long de l\u2019histoire\u00a0: elle perdra peut-\u00eatre la vue, elle a perdu un \u00eatre cher, elle perd parfois des objets et elle perd l\u2019enfance, car elle avance vers l\u2019adolescence. Je me reconnais dans ce parcours, oui. Je sais qu\u2019apprendre \u00e0 vivre, ce n\u2019est pas apprendre \u00e0 gagner, mais apprendre \u00e0 perdre.\u00a0\u00bb<\/p>\n<p><strong>Le livre est un succ\u00e8s. Est-ce que vous vous attendiez \u00e0 cela et, selon vous, pourquoi conna\u00eet-il un tel succ\u00e8s\u00a0?<\/strong><\/p>\n<p>\u00ab\u00a0Pas du tout\u00a0! Il faut demander aux lecteurs plut\u00f4t qu\u2019\u00e0 moi. C\u2019est tr\u00e8s difficile de r\u00e9pondre. Mais je pense qu\u2019il y a deux choses vraiment parlantes dans ce livre\u00a0: la force du lien entre petits-enfants et grands-parents d\u2019une part, le r\u00f4le de l\u2019art dans le sens qu\u2019on accorde \u00e0 notre existence, d\u2019autre part.\u00a0\u00bb<\/p>\n<p><strong>Combien de temps avez-vous mis pour la r\u00e9daction du livre\u00a0? Est-ce un projet qui m\u00fbrissait depuis longtemps\u00a0?<\/strong><\/p>\n<p>\u00ab\u00a0J\u2019ai mis dix ans, pas en continu, bien s\u00fbr, mais il a longtemps m\u00fbri, par retouches successives. Je voulais trouver la forme juste, ni essai acad\u00e9mique, ni roman \u00e0 intrigue classique. Ce n\u2019\u00e9tait pas facile \u00e0 mener d\u2019autant que j\u2019ai \u00e9crit et publi\u00e9 trois livres entre\u00a02016 et\u00a02022 en parall\u00e8le de la r\u00e9daction des Yeux de Mona. \u00a0\u00bb<\/p>\n<p><strong>Vous avez une \u00e9criture que l\u2019on n\u2019a plus l\u2019habitude de lire. Une \u00e9criture qui prend le temps de poser les choses dans un fran\u00e7ais qui montre la richesse du vocabulaire. Est-ce venu durant l\u2019\u00e9criture ou bien est-ce un choix volontaire\u00a0?<\/strong><\/p>\n<p>\u00ab\u00a0J\u2019aime les styles limpides, qui ne c\u00e8dent ni au jargon ni \u00e0 l\u2019emphase. Je suis un partisan de ce qu\u2019on appelle en bande dessin\u00e9e \u201cla ligne claire\u201d. Cette simplicit\u00e9 demande une certaine exigence de vocabulaire et une grammaire plut\u00f4t soutenue. Ceci dit, je pense que Les Yeux de Mona est un livre extr\u00eamement accessible, y compris pour un jeune public, et, surtout, c\u2019est un roman qui peut s\u2019aborder \u00e0 des niveaux tr\u00e8s diff\u00e9rents, avec des registres de langue vari\u00e9s.\u00a0\u00bb<\/p>\n<p><strong>Que venez-vous faire \u00e0 Chagny\u00a0?<\/strong><\/p>\n<p>\u00ab\u00a0Je viens y signer mon livre avec d\u2019autant plus de plaisir que j\u2019adore la Bourgogne. Et puis, je suis tr\u00e8s ami avec l\u2019ancien maire Daniel Malingre qui a fait \u00e9norm\u00e9ment pour cette ville, en l\u2019ouvrant par exemple \u00e0 l\u2019art dit \u201ccontemporain\u201d dans les ann\u00e9es 1990. Il y a notamment <a href=\"https:\/\/chagny-bourgogne-tourisme.com\/fr\/rb\/1147759\/loctagon-for-saint-eloi\" target=\"_blank\" rel=\"nofollow noopener\">la sculpture de Richard Serra, Octogone pour Saint \u00c9loi , install\u00e9e face \u00e0 l\u2019\u00e9glise Saint-Martin<\/a>. Mona aurait ador\u00e9 cette \u0153uvre\u00a0!\u00a0\u00bb<\/p>\n<p class=\"note\">Thomas Schlesser sera pr\u00e9sent pour une rencontre d\u00e9dicace le vendredi 12\u00a0septembre \u00e0 19\u00a0h au th\u00e9\u00e2tre des Copiaus. R\u00e9servation conseill\u00e9e aupr\u00e8s de la librairie A livre ouvert\u00a0: 03\u00a085\u00a042\u00a090\u00a027 ou rdvnature@orange.fr.<\/p>\n","protected":false},"excerpt":{"rendered":"Qu\u2019est-ce qui a d\u00e9clench\u00e9 l\u2019\u00e9criture de votre livre \u201cLes Yeux de Mona\u201d\u00a0? \u00ab\u00a0Un \u00e9v\u00e9nement personnel un peu triste&hellip;\n","protected":false},"author":2,"featured_media":378999,"comment_status":"","ping_status":"","sticky":false,"template":"","format":"standard","meta":{"footnotes":""},"categories":[1357],"tags":[1379,51237,27834,1687,58,11032,59,107,1011,27,1380,2410],"class_list":{"0":"post-378998","1":"post","2":"type-post","3":"status-publish","4":"format-standard","5":"has-post-thumbnail","7":"category-livres","8":"tag-books","9":"tag-chagny","10":"tag-chagny-bassin","11":"tag-culture-loisirs","12":"tag-divertissement","13":"tag-edition-chalon-sur-saone","14":"tag-entertainment","15":"tag-fil-info","16":"tag-fr","17":"tag-france","18":"tag-livres","19":"tag-livres-bd"},"share_on_mastodon":{"url":"https:\/\/pubeurope.com\/@fr\/115177182014095005","error":""},"_links":{"self":[{"href":"https:\/\/www.europesays.com\/fr\/wp-json\/wp\/v2\/posts\/378998","targetHints":{"allow":["GET"]}}],"collection":[{"href":"https:\/\/www.europesays.com\/fr\/wp-json\/wp\/v2\/posts"}],"about":[{"href":"https:\/\/www.europesays.com\/fr\/wp-json\/wp\/v2\/types\/post"}],"author":[{"embeddable":true,"href":"https:\/\/www.europesays.com\/fr\/wp-json\/wp\/v2\/users\/2"}],"replies":[{"embeddable":true,"href":"https:\/\/www.europesays.com\/fr\/wp-json\/wp\/v2\/comments?post=378998"}],"version-history":[{"count":0,"href":"https:\/\/www.europesays.com\/fr\/wp-json\/wp\/v2\/posts\/378998\/revisions"}],"wp:featuredmedia":[{"embeddable":true,"href":"https:\/\/www.europesays.com\/fr\/wp-json\/wp\/v2\/media\/378999"}],"wp:attachment":[{"href":"https:\/\/www.europesays.com\/fr\/wp-json\/wp\/v2\/media?parent=378998"}],"wp:term":[{"taxonomy":"category","embeddable":true,"href":"https:\/\/www.europesays.com\/fr\/wp-json\/wp\/v2\/categories?post=378998"},{"taxonomy":"post_tag","embeddable":true,"href":"https:\/\/www.europesays.com\/fr\/wp-json\/wp\/v2\/tags?post=378998"}],"curies":[{"name":"wp","href":"https:\/\/api.w.org\/{rel}","templated":true}]}}