{"id":379012,"date":"2025-09-10T00:37:12","date_gmt":"2025-09-10T00:37:12","guid":{"rendered":"https:\/\/www.europesays.com\/fr\/379012\/"},"modified":"2025-09-10T00:37:12","modified_gmt":"2025-09-10T00:37:12","slug":"ios-26-et-ipados-26-disponibles-le-15-septembre-en-version-finale-les-rc-sont-la","status":"publish","type":"post","link":"https:\/\/www.europesays.com\/fr\/379012\/","title":{"rendered":"iOS 26 et iPadOS 26 disponibles le 15 septembre en version finale, les RC sont l\u00e0"},"content":{"rendered":"<p>Au sortir de la pr\u00e9sentation des iPhone 17, Apple a lev\u00e9 le voile sur la date de sortie d\u2019iOS 26. La mise \u00e0 jour sera d\u00e9ploy\u00e9e officiellement le 15 septembre, tout comme ses d\u00e9clinaisons iPadOS 26 et tvOS 26. En attendant, les b\u00eata-testeurs peuvent t\u00e9l\u00e9charger d\u00e8s \u00e0 pr\u00e9sent la Release Candidate, la mouture qui deviendra la version finale si aucun probl\u00e8me bloquant n\u2019est trouv\u00e9.<\/p>\n<p><img decoding=\"async\" loading=\"lazy\" src=\"https:\/\/www.europesays.com\/fr\/wp-content\/uploads\/2025\/09\/mg-980a682a-w1947-w828-w1300.jpg\"   data-jslghtbx=\"https:\/\/cdn.mgig.fr\/2025\/09\/mg-980a682a-w1947.jpg\"\/>iOS 26. Image Apple.<\/p>\n<p>Tous ces syst\u00e8mes d\u2019exploitation adoptent <a href=\"https:\/\/www.igen.fr\/ios\/2025\/06\/passons-la-loupe-liquid-glass-la-nouvelle-interface-unifiee-dapple-150433\" rel=\"nofollow noopener\" target=\"_blank\">le nouveau design Liquid Glass<\/a>, qui joue avec les effets de transparence et de r\u00e9flexion. L\u2019application <a href=\"https:\/\/www.igen.fr\/ios\/2025\/06\/decouverte-de-telephone-dans-ios-26-nouvelle-interface-appels-inconnus-portages-sur-lipad-et-le-mac-150541\" rel=\"nofollow noopener\" target=\"_blank\">T\u00e9l\u00e9phone s\u2019\u00e9quipe de nouvelles fonctions<\/a> et d\u00e9barque sur iPad pour faciliter les appels. <a href=\"https:\/\/www.igen.fr\/ios\/2025\/06\/sondages-traduction-arrieres-plans-les-nouveautes-de-messages-dans-ios-26-150509\" rel=\"nofollow noopener\" target=\"_blank\">Messages<\/a> et <a href=\"https:\/\/www.igen.fr\/ios\/2025\/08\/essai-dapple-music-sur-ios-26-de-belles-trouvailles-malgre-quelques-fausses-notes-151467\" rel=\"nofollow noopener\" target=\"_blank\">(Apple) Music<\/a> s\u2019enrichissent elles aussi de mani\u00e8re significative.<\/p>\n<p>Une toute <a href=\"https:\/\/www.macg.co\/macos\/2025\/06\/coup-doeil-sur-la-nouvelle-app-jeux-la-premiere-brique-du-steam-maison-dapple-301937\" rel=\"nofollow noopener\" target=\"_blank\">nouvelle app d\u00e9di\u00e9e aux jeux vid\u00e9o<\/a> voit le jour, mais vous n\u2019allez pas forc\u00e9ment passer beaucoup de temps dedans. En revanche, vous allez s\u00fbrement <a href=\"https:\/\/www.igen.fr\/ios\/2025\/06\/ios-26-decouverte-de-la-nouvelle-app-apercu-dapple-pour-les-pdf-150423\" rel=\"nofollow noopener\" target=\"_blank\">vous servir r\u00e9guli\u00e8rement d\u2019Aper\u00e7u<\/a>, l\u2019\u00e9diteur de PDF qui arrive finalement sur iOS et iPadOS.<\/p>\n<p>De son c\u00f4t\u00e9, <a href=\"https:\/\/www.igen.fr\/ios\/2025\/07\/carplay-se-modernise-avec-ios-26-fait-le-tour-de-toutes-les-nouveautes-151303\" rel=\"nofollow noopener\" target=\"_blank\">CarPlay avance bien<\/a> avec la prise en charge des widgets, notamment. Et que dire d\u2019iPadOS 26, qui apporte \u00e0 l\u2019iPad <a href=\"https:\/\/www.igen.fr\/ipad\/2025\/06\/avec-ipados-26-apple-cede-et-apporte-la-gestion-des-fenetres-de-macos-lipad-150565\" rel=\"nofollow noopener\" target=\"_blank\">une gestion des fen\u00eatres \u00e0 la macOS<\/a>\u00a0? Les AirPods r\u00e9cents b\u00e9n\u00e9ficient eux aussi d\u2019am\u00e9liorations, comme le <a href=\"https:\/\/www.watchgeneration.fr\/wearables\/2025\/06\/comment-declencher-lappareil-photo-de-votre-iphone-avec-vos-airpods-18339\" rel=\"nofollow noopener\" target=\"_blank\">d\u00e9clenchement de l\u2019appareil photo<\/a> ou <a href=\"https:\/\/www.watchgeneration.fr\/audio\/2025\/07\/ios-26-les-airpods-et-les-beats-peuvent-mettre-en-pause-la-musique-quand-vous-vous-endormez-18393\" rel=\"nofollow noopener\" target=\"_blank\">la mise en pause automatique durant le sommeil<\/a>.<\/p>\n<p>Pour d\u00e9couvrir ou vous rem\u00e9morer les nouveaut\u00e9s, retrouvez tous nos articles <a href=\"https:\/\/www.igen.fr\/tags\/ios-26\" rel=\"nofollow noopener\" target=\"_blank\">sur iOS 26<\/a>, <a href=\"https:\/\/www.igen.fr\/tags\/ipados-26\" rel=\"nofollow noopener\" target=\"_blank\">iPadOS 26<\/a> et <a href=\"https:\/\/www.igen.fr\/tags\/tvos-26\" rel=\"nofollow noopener\" target=\"_blank\">tvOS 26<\/a>.<\/p>\n<p><a href=\"https:\/\/www.igen.fr\/ios\/2025\/06\/redesign-nouvelles-apps-traduction-en-direct-les-5-grosses-nouveautes-dios-26-150421\" class=\"related-article igen\" rel=\"nofollow noopener\" target=\"_blank\"> <img decoding=\"async\" src=\"https:\/\/www.europesays.com\/fr\/wp-content\/uploads\/2025\/09\/mga-41a359e2-w375-w1500-w750_accroche.jpg\" alt=\"Redesign, nouvelles apps, traduction en direct\u2026 les 5 grosses nouveaut\u00e9s d\u2019iOS 26\"\/> <\/p>\n<p class=\"\">Redesign, nouvelles apps, traduction en direct\u2026 les 5 grosses nouveaut\u00e9s d\u2019iOS 26<\/p>\n<p><\/a><\/p>\n","protected":false},"excerpt":{"rendered":"Au sortir de la pr\u00e9sentation des iPhone 17, Apple a lev\u00e9 le voile sur la date de sortie&hellip;\n","protected":false},"author":2,"featured_media":379013,"comment_status":"","ping_status":"","sticky":false,"template":"","format":"standard","meta":{"footnotes":""},"categories":[7],"tags":[1011,27,28923,29693,43,40,41,39,42,44,51238],"class_list":{"0":"post-379012","1":"post","2":"type-post","3":"status-publish","4":"format-standard","5":"has-post-thumbnail","7":"category-sciences-et-technologies","8":"tag-fr","9":"tag-france","10":"tag-ios-26","11":"tag-ipados-26","12":"tag-science","13":"tag-science-and-technology","14":"tag-sciences","15":"tag-sciences-et-technologies","16":"tag-technologies","17":"tag-technology","18":"tag-tvos-26"},"share_on_mastodon":{"url":"https:\/\/pubeurope.com\/@fr\/115177209602967920","error":""},"_links":{"self":[{"href":"https:\/\/www.europesays.com\/fr\/wp-json\/wp\/v2\/posts\/379012","targetHints":{"allow":["GET"]}}],"collection":[{"href":"https:\/\/www.europesays.com\/fr\/wp-json\/wp\/v2\/posts"}],"about":[{"href":"https:\/\/www.europesays.com\/fr\/wp-json\/wp\/v2\/types\/post"}],"author":[{"embeddable":true,"href":"https:\/\/www.europesays.com\/fr\/wp-json\/wp\/v2\/users\/2"}],"replies":[{"embeddable":true,"href":"https:\/\/www.europesays.com\/fr\/wp-json\/wp\/v2\/comments?post=379012"}],"version-history":[{"count":0,"href":"https:\/\/www.europesays.com\/fr\/wp-json\/wp\/v2\/posts\/379012\/revisions"}],"wp:featuredmedia":[{"embeddable":true,"href":"https:\/\/www.europesays.com\/fr\/wp-json\/wp\/v2\/media\/379013"}],"wp:attachment":[{"href":"https:\/\/www.europesays.com\/fr\/wp-json\/wp\/v2\/media?parent=379012"}],"wp:term":[{"taxonomy":"category","embeddable":true,"href":"https:\/\/www.europesays.com\/fr\/wp-json\/wp\/v2\/categories?post=379012"},{"taxonomy":"post_tag","embeddable":true,"href":"https:\/\/www.europesays.com\/fr\/wp-json\/wp\/v2\/tags?post=379012"}],"curies":[{"name":"wp","href":"https:\/\/api.w.org\/{rel}","templated":true}]}}