{"id":379018,"date":"2025-09-10T00:40:11","date_gmt":"2025-09-10T00:40:11","guid":{"rendered":"https:\/\/www.europesays.com\/fr\/379018\/"},"modified":"2025-09-10T00:40:11","modified_gmt":"2025-09-10T00:40:11","slug":"jordan-bardella-futur-premier-ministre-le-sondage-qui-inquiete","status":"publish","type":"post","link":"https:\/\/www.europesays.com\/fr\/379018\/","title":{"rendered":"Jordan Bardella futur premier ministre ? Le sondage qui inqui\u00e8te\u2026"},"content":{"rendered":"<p>      R\u00e9sum\u00e9<\/p>\n<p>Un sondage r\u00e9v\u00e8le que Jordan Bardella est le favori des Fran\u00e7ais pour devenir Premier ministre, devant plusieurs figures politiques majeures, dans un contexte de fin de gouvernement.<\/p>\n<p>        Sommaire<\/p>\n<p>Avec la fin du gouvernement de Fran\u00e7ois Bayrou d\u00e9cid\u00e9e ce 8 septembre 2025 \u00e0 l&rsquo;Assembl\u00e9e nationale, le jour de gloire est-il arriv\u00e9 pour Jordan Bardella ? Le pr\u00e9sident du Rassemblement national arrive en t\u00eate d&rsquo;un sondage inqui\u00e9tant Toluna-Harris Interactive pour RTL, ce 9 septembre 2025.<\/p>\n<p>Ils sont\u00a0<strong>43% de Fran\u00e7ais \u00e0 souhaiter qu\u2019on le nomme Premier ministre<\/strong>. Et ce, devant Marine Le Pen (<a href=\"https:\/\/vsd.fr\/80613-jordan-bardella-sa-mere-agacee-de-ne-pas-avoir-rencontre-marine-le-pen-pourquoi-il-sy-refuse\/\" target=\"_blank\" rel=\"noopener\">sa marraine en politique<\/a>) et Bruno Retailleau, tous les deux \u00e0 36%.<\/p>\n<p>Depuis la rentr\u00e9e, les jours de l&rsquo;actuel locataire de Matignon, \u00e9taient compt\u00e9s. Si bien que <strong>six noms tournaient d\u00e9j\u00e0 pour lui succ\u00e9der, en d\u00e9but de semaine.<\/strong> <\/p>\n<p>Jordan Bardella arrive en t\u00eate<\/p>\n<p><a href=\"https:\/\/www.public.fr\/francois-bayrou-face-au-vote-de-confiance-decouvrez-les-six-noms-qui-pourraient-lui-succeder-au-poste-de-premier-ministre\" target=\"_blank\" rel=\"noopener\">Parmi eux, quatre si\u00e8gent actuellement au gouvernement,<\/a> et ils n&rsquo;ont pas obtenu les meilleurs pourcentages de ce sondage. Il y a <strong>S\u00e9bastien Lecornu<\/strong> (28%), actuel ministre des Arm\u00e9es, <strong>G\u00e9rald Darmanin<\/strong> (32%), actuel ministre de la Justice. Mais aussi <strong>Catherine Vautrin<\/strong>, ministre du Travail et de la Sant\u00e9, ou encore le ministre de l\u2019\u00c9conomie <strong>\u00c9ric Lombard<\/strong>.<\/p>\n<p>Hormis ces quatre, le pr\u00e9sident des R\u00e9publicains des Hauts-de-France, <strong>Xavier Bertrand<\/strong> (27%), ainsi que l\u2019ancien chef de la diplomatie <strong>Jean-Yves Le Drian<\/strong>, figureraient \u00e9galement parmi les favoris pour le poste de Premier ministre selon les informations du Parisien.\u00a0<\/p>\n<p>Tensions avec Marc-Oliver Fogiel<\/p>\n<p>Fort de ce sondage, Jordan Bardella \u00e9tait l&rsquo;invit\u00e9 de Marc-Olivier Fogiel, sur RTL, ce mardi matin. Et le journaliste l&rsquo;a titill\u00e9 sur une question sensible. Tandis que Jean-Luc M\u00e9lenchon et LFI demande la destitution d&rsquo;Emmanuel Macron, Marc-Olivier Fogiel a demand\u00e9 \u00e0 Jordan Bardella si c&rsquo;est ce qu&rsquo;il voulait. <\/p>\n<p>En face, Jordan Bardella a regrett\u00e9 : \u00ab\u00a0Je pense qu\u2019il faut que vous arr\u00eatiez, pardon hein, mais d\u2019avoir <strong>une lecture caricaturale<\/strong> des choses\u00a0\u00bb. Et Marc-Olivier Fogiel de lui r\u00e9pondre que la politique, en ce moment, \u00e9tait elle-m\u00eame caricaturale. <\/p>\n<p>Pour conclure, Jordan Bardella a tacl\u00e9 : \u00ab\u00a0<strong>Bah engagez-vous !<\/strong> Peut-\u00eatre que vous seriez \u00e9lu et que vous porteriez la rupture que les Fran\u00e7ais attendent, monsieur Fogiel !\u00a0\u00bb <\/p>\n<p>      Mentionn\u00e9s dans cet article<\/p>\n<p>      Sur le m\u00eame sujet<\/p>\n","protected":false},"excerpt":{"rendered":"R\u00e9sum\u00e9 Un sondage r\u00e9v\u00e8le que Jordan Bardella est le favori des Fran\u00e7ais pour devenir Premier ministre, devant plusieurs&hellip;\n","protected":false},"author":2,"featured_media":379019,"comment_status":"","ping_status":"","sticky":false,"template":"","format":"standard","meta":{"footnotes":""},"categories":[4],"tags":[11,1011,27,431,1077,430,12,3363,2556,25],"class_list":{"0":"post-379018","1":"post","2":"type-post","3":"status-publish","4":"format-standard","5":"has-post-thumbnail","7":"category-france","8":"tag-actualites","9":"tag-fr","10":"tag-france","11":"tag-francois-bayrou","12":"tag-jordan-bardella","13":"tag-marine-le-pen","14":"tag-news","15":"tag-premier-ministre","16":"tag-rassemblement-national-rn","17":"tag-republique-francaise"},"share_on_mastodon":{"url":"https:\/\/pubeurope.com\/@fr\/115177221230795891","error":""},"_links":{"self":[{"href":"https:\/\/www.europesays.com\/fr\/wp-json\/wp\/v2\/posts\/379018","targetHints":{"allow":["GET"]}}],"collection":[{"href":"https:\/\/www.europesays.com\/fr\/wp-json\/wp\/v2\/posts"}],"about":[{"href":"https:\/\/www.europesays.com\/fr\/wp-json\/wp\/v2\/types\/post"}],"author":[{"embeddable":true,"href":"https:\/\/www.europesays.com\/fr\/wp-json\/wp\/v2\/users\/2"}],"replies":[{"embeddable":true,"href":"https:\/\/www.europesays.com\/fr\/wp-json\/wp\/v2\/comments?post=379018"}],"version-history":[{"count":0,"href":"https:\/\/www.europesays.com\/fr\/wp-json\/wp\/v2\/posts\/379018\/revisions"}],"wp:featuredmedia":[{"embeddable":true,"href":"https:\/\/www.europesays.com\/fr\/wp-json\/wp\/v2\/media\/379019"}],"wp:attachment":[{"href":"https:\/\/www.europesays.com\/fr\/wp-json\/wp\/v2\/media?parent=379018"}],"wp:term":[{"taxonomy":"category","embeddable":true,"href":"https:\/\/www.europesays.com\/fr\/wp-json\/wp\/v2\/categories?post=379018"},{"taxonomy":"post_tag","embeddable":true,"href":"https:\/\/www.europesays.com\/fr\/wp-json\/wp\/v2\/tags?post=379018"}],"curies":[{"name":"wp","href":"https:\/\/api.w.org\/{rel}","templated":true}]}}