{"id":379030,"date":"2025-09-10T00:48:30","date_gmt":"2025-09-10T00:48:30","guid":{"rendered":"https:\/\/www.europesays.com\/fr\/379030\/"},"modified":"2025-09-10T00:48:30","modified_gmt":"2025-09-10T00:48:30","slug":"la-maire-de-toulon-se-josee-massi-bien-placee","status":"publish","type":"post","link":"https:\/\/www.europesays.com\/fr\/379030\/","title":{"rendered":"La maire de Toulon (SE) Jos\u00e9e Massi bien plac\u00e9e"},"content":{"rendered":"\n<p>Beaucoup pensent que le mauvais feuilleton n\u2019a que trop dur\u00e9 face au risque de voir l\u2019extr\u00eame droite reprendre la Ville qu\u2019elle \u00e9tait parvenue \u00e0 rafler, en 1995, la laissant exsangue cinq\u00a0ans plus tard. Autant dire que les intrigues, les f\u00e2cheries, et autres vexations ne vont pas tarder \u00e0 fatiguer l\u2019\u00e9lectorat de la majorit\u00e9 municipale.<\/p>\n<p>D\u2019autant plus que tout paraissait r\u00e9gl\u00e9 d\u00e8s le 16\u00a0juin, date \u00e0 laquelle, en primeur dans La\u00a0Marseillaise, Hubert Falco annon\u00e7ait apporter tout son \u00ab\u00a0soutien\u00a0\u00bb \u00e0 la maire sortante Jos\u00e9e Massi, en expliquant avoir \u00ab\u00a0confiance\u00a0\u00bb en elle pour 2026, et la d\u00e9signant comme \u00ab\u00a0l\u2019avenir\u00a0\u00bb, \u00ab\u00a0entour\u00e9e d\u2019une \u00e9quipe solide et exp\u00e9riment\u00e9e, mais aussi d\u2019une nouvelle g\u00e9n\u00e9ration de jeunes \u00e9lus\u00a0\u00bb.<\/p>\n<p> Avec le soutien d\u2019Hubert Falco\n              <\/p>\n<p>Or, depuis cet \u00e9t\u00e9, on tra\u00eene les pieds lorsqu\u2019on ne se fait pas carr\u00e9ment de croche-pattes. Pendant ce temps, le d\u00e9put\u00e9 (Ren.) Yannick Chenevard crie \u00e0 qui veut l\u2019entendre (pas grand monde) qu\u2019il faudra compter sur lui pour les municipales. Le s\u00e9nateur (LR) Michel Bonnus, tr\u00e8s proche du tr\u00e8s droitier Bruno Retailleau, jure s\u2019\u00eatre r\u00e9concili\u00e9 avec Hubert Falco, avec qui, pourtant, il n\u2019a pas \u00e9t\u00e9 tr\u00e8s tendre lorsqu\u2019il \u00e9tait \u00e0 terre. Et ce dernier, f\u00e2ch\u00e9, nous jure en marge d\u2019une manifestation\u00a0: \u00ab\u00a0Je ne soutiens plus personne\u00a0!\u00a0\u00bb, laissant planer le doute sur ses intentions.<\/p>\n<p>Jos\u00e9e Massi, quant \u00e0 elle, s\u2019affiche comme la plus constante. Forte de sa l\u00e9gitimit\u00e9 et de son positionnement mod\u00e9r\u00e9, elle pourrait bien s\u2019imposer face \u00e0 des rivaux peu enclins \u00e0 reconna\u00eetre son poids politique.<\/p>\n<p>Pour pousser l\u2019analyse sur les chances des uns et des autres de l\u2019emporter, en se limitant ici au camp de la majorit\u00e9 municipale, nous nous sommes procur\u00e9 l\u2019int\u00e9gralit\u00e9 du sondage Elab, r\u00e9alis\u00e9 au mois de mars, dont une partie seulement avait \u00e9t\u00e9 comment\u00e9e, \u00e0 l\u2019\u00e9poque. Des r\u00e9sultats \u00e0 prendre avec beaucoup de pincettes, m\u00eame s\u2019ils dessinent de grandes tendances exprim\u00e9es \u00e0 un moment donn\u00e9.<\/p>\n<p>Il en ressort que Jos\u00e9e Massi, \u00e0 qui ses d\u00e9tracteurs reprochent un manque de popularit\u00e9, arrivait devant en termes de bonnes opinions et d\u2019intention de vote, devan\u00e7ant Michel Bonnus de 3\u00a0points. Ce n\u2019est certes pas \u00e9norme, mais \u00e7a compte. Ceci dans le cadre d\u2019un sc\u00e9nario o\u00f9 la majorit\u00e9 municipale part unie derri\u00e8re un seul candidat.<\/p>\n<p>En revanche, et cela est pass\u00e9 inaper\u00e7u \u00e0 l\u2019\u00e9poque, dans l\u2019hypoth\u00e8se de plus en plus probable o\u00f9 plusieurs candidats s\u2019affronteraient au premier tour, faisant alors en quelque sorte office de primaires, les r\u00e9sultats sont encore nettement plus favorables \u00e0 Jos\u00e9e Massi. La maire sortante, toujours selon ce sondage, collecterait 35% des voix contre seulement 9% pour Michel Bonnus, la pla\u00e7ant en tr\u00e8s bonne place pour affronter la candidate d\u2019extr\u00eame droite Laure Lavalette, estim\u00e9e dans ce cas-l\u00e0 \u00e0 38%. Le report des voix de la gauche assurant son \u00e9chec.<\/p>\n<p>Encore faut-il que la raison l\u2019emporte sur les ambitions personnelles et la col\u00e8re. Et qu\u2019Hubert Falco reste fid\u00e8le \u00e0 ses engagements. Rien d\u2019insurmontable, donc. Pour ce qui est de l\u2019ambiance, rien n\u2019a filtr\u00e9 de la r\u00e9union de majorit\u00e9, qui s\u2019est d\u00e9roul\u00e9e lundi apr\u00e8s-midi.<\/p>\n","protected":false},"excerpt":{"rendered":"Beaucoup pensent que le mauvais feuilleton n\u2019a que trop dur\u00e9 face au risque de voir l\u2019extr\u00eame droite reprendre&hellip;\n","protected":false},"author":2,"featured_media":379031,"comment_status":"","ping_status":"","sticky":false,"template":"","format":"standard","meta":{"footnotes":""},"categories":[9619],"tags":[1111,11,1777,674,1011,27,3434,12,882,25,2310],"class_list":{"0":"post-379030","1":"post","2":"type-post","3":"status-publish","4":"format-standard","5":"has-post-thumbnail","7":"category-toulon","8":"tag-actu","9":"tag-actualites","10":"tag-eu","11":"tag-europe","12":"tag-fr","13":"tag-france","14":"tag-municipales-2026","15":"tag-news","16":"tag-provence-alpes-cote-dazur","17":"tag-republique-francaise","18":"tag-toulon"},"share_on_mastodon":{"url":"https:\/\/pubeurope.com\/@fr\/115177252694049923","error":""},"_links":{"self":[{"href":"https:\/\/www.europesays.com\/fr\/wp-json\/wp\/v2\/posts\/379030","targetHints":{"allow":["GET"]}}],"collection":[{"href":"https:\/\/www.europesays.com\/fr\/wp-json\/wp\/v2\/posts"}],"about":[{"href":"https:\/\/www.europesays.com\/fr\/wp-json\/wp\/v2\/types\/post"}],"author":[{"embeddable":true,"href":"https:\/\/www.europesays.com\/fr\/wp-json\/wp\/v2\/users\/2"}],"replies":[{"embeddable":true,"href":"https:\/\/www.europesays.com\/fr\/wp-json\/wp\/v2\/comments?post=379030"}],"version-history":[{"count":0,"href":"https:\/\/www.europesays.com\/fr\/wp-json\/wp\/v2\/posts\/379030\/revisions"}],"wp:featuredmedia":[{"embeddable":true,"href":"https:\/\/www.europesays.com\/fr\/wp-json\/wp\/v2\/media\/379031"}],"wp:attachment":[{"href":"https:\/\/www.europesays.com\/fr\/wp-json\/wp\/v2\/media?parent=379030"}],"wp:term":[{"taxonomy":"category","embeddable":true,"href":"https:\/\/www.europesays.com\/fr\/wp-json\/wp\/v2\/categories?post=379030"},{"taxonomy":"post_tag","embeddable":true,"href":"https:\/\/www.europesays.com\/fr\/wp-json\/wp\/v2\/tags?post=379030"}],"curies":[{"name":"wp","href":"https:\/\/api.w.org\/{rel}","templated":true}]}}