{"id":379044,"date":"2025-09-10T00:55:22","date_gmt":"2025-09-10T00:55:22","guid":{"rendered":"https:\/\/www.europesays.com\/fr\/379044\/"},"modified":"2025-09-10T00:55:22","modified_gmt":"2025-09-10T00:55:22","slug":"un-album-hommage-a-philippe-pascal-lancien-leader-de-marc-seberg-et-marquis-de-sade","status":"publish","type":"post","link":"https:\/\/www.europesays.com\/fr\/379044\/","title":{"rendered":"Un album hommage \u00e0 Philippe Pascal, l\u2019ancien leader de Marc Seberg et Marquis de Sade"},"content":{"rendered":"<p>Il y a six ans maintenant, <a href=\"https:\/\/rennes.maville.com\/sortir\/infos_-portrait.-philippe-pascal-chanteur-de-marquis-de-sade-etait-le-visage-du-rock-rennais_52674-3836283_actu.Htm\" target=\"_self\" rel=\"noopener\">Philippe Pascal, figure embl\u00e9matique du rock rennais, disparaissait \u00e0 63\u00a0ans.<\/a> Pour lui rendre hommage, Pascale Berre, ancienne musicienne de Marc Seberg et compagne du chanteur durant dix-huit ans, a r\u00e9alis\u00e9 un album hommage intitul\u00e9 De quelle couleur est la passion\u00a0?<\/p>\n<p>On y retrouve des titres tir\u00e9s <a href=\"http:\/\/www.rennes.maville.com\/sortir\/infos_-rennes.-marc-seberg-reedite-philippe-pascal-se-confie_52674-3181791_actu.Htm\" target=\"_self\" rel=\"noopener\">du r\u00e9pertoire de Marc Seberg<\/a> et de Philippe Pascale, le projet commun de Philippe Pascal et Pascale Le Berre, aucun de Marquis de Sade, ainsi qu\u2019un in\u00e9dit, I Am A Book, enregistr\u00e9 dans leur studio en 2000. <strong>\u00ab\u00a0Philippe restera pour moi le chanteur le plus embl\u00e9matique et charismatique du rock europ\u00e9en, sa pr\u00e9sence magn\u00e9tique et fascinante r\u00e9v\u00e9lant une dimension po\u00e9tique et dramaturgique d\u2019une rare intensit\u00e9\u00a0\u00bb,<\/strong> t\u00e9moigne dans le communiqu\u00e9 qui annonce la sortie de cet album Pascale Le Berre.<\/p>\n<p><strong> <a href=\"https:\/\/rennes.maville.com\/actu\/actudet_-plateau-en-or-pour-philippe-pascal-a-rennes-_52674-5301337_actu.Htm\" target=\"_self\" rel=\"noopener\">Lire aussi\u00a0: <\/a> <\/strong> <a href=\"https:\/\/rennes.maville.com\/actu\/actudet_-plateau-en-or-pour-philippe-pascal-a-rennes-_52674-5301337_actu.Htm\" target=\"_self\" rel=\"noopener\">Plateau en or pour Philippe Pascal \u00e0 Rennes<\/a><\/p>\n<p>Un casting de choix<\/p>\n<p>Pour l\u2019occasion, plusieurs artistes qui ont compt\u00e9 dans la carri\u00e8re musicale de Philippe Pascal interpr\u00e8tent ses compositions. Un casting de choix. Certaines reprises sont d\u00e9j\u00e0 connues, comme Jeux de Lumi\u00e8re par Axelle Renoir, Les Ailes de Verre revus par le groupe Nouvelle Vague en compagnie de Jeanne Cherhal <a href=\"https:\/\/rennes.maville.com\/actu\/actudet_-entretien.-ce-livre-est-ne-d-une-sideration-dominique-a-raconte-philippe-pascal-a-sa-maniere_52674-4320678_actu.Htm\" target=\"_self\" rel=\"noopener\">ou\u00a0encore L\u2019\u00c9claircie, sign\u00e9e Dominique A.<\/a><\/p>\n<p>D\u2019autres ont \u00e9t\u00e9 r\u00e9alis\u00e9es pour l\u2019occasion. In\u00e9vitablement, \u00c9tienne Daho est de la partie avec une reprise de Jour apr\u00e8s Jour, le titre qui ouvrait le premier album de Marc Seberg. Alan Stivell pose sa voix sur Recueillement. Le disque propose \u00e9galement des relectures sign\u00e9es Nicolas Comment, Denis Bortek de Jad Wio, Blaine L. Reininger de Tuxedomoon et Th\u00e9o Hakola. L\u2019album hommage \u00e0 Philippe Pascal sortira le 17\u00a0octobre en\u00a0vinyle, en CD et en num\u00e9rique.<\/p>\n<p>\u00a0<\/p>\n","protected":false},"excerpt":{"rendered":"Il y a six ans maintenant, Philippe Pascal, figure embl\u00e9matique du rock rennais, disparaissait \u00e0 63\u00a0ans. Pour lui&hellip;\n","protected":false},"author":2,"featured_media":379045,"comment_status":"","ping_status":"","sticky":false,"template":"","format":"standard","meta":{"footnotes":""},"categories":[2821],"tags":[1111,11,1692,4255,829,1777,674,1011,27,4879,6079,13393,51241,12,12815,6284,584,25,51242,51240],"class_list":{"0":"post-379044","1":"post","2":"type-post","3":"status-publish","4":"format-standard","5":"has-post-thumbnail","7":"category-rennes","8":"tag-actu","9":"tag-actualites","10":"tag-album","11":"tag-ancien","12":"tag-bretagne","13":"tag-eu","14":"tag-europe","15":"tag-fr","16":"tag-france","17":"tag-hommage","18":"tag-leader","19":"tag-marc","20":"tag-marquis","21":"tag-news","22":"tag-pascal","23":"tag-philippe","24":"tag-rennes","25":"tag-republique-francaise","26":"tag-sade","27":"tag-seberg"},"share_on_mastodon":{"url":"https:\/\/pubeurope.com\/@fr\/115177280288708441","error":""},"_links":{"self":[{"href":"https:\/\/www.europesays.com\/fr\/wp-json\/wp\/v2\/posts\/379044","targetHints":{"allow":["GET"]}}],"collection":[{"href":"https:\/\/www.europesays.com\/fr\/wp-json\/wp\/v2\/posts"}],"about":[{"href":"https:\/\/www.europesays.com\/fr\/wp-json\/wp\/v2\/types\/post"}],"author":[{"embeddable":true,"href":"https:\/\/www.europesays.com\/fr\/wp-json\/wp\/v2\/users\/2"}],"replies":[{"embeddable":true,"href":"https:\/\/www.europesays.com\/fr\/wp-json\/wp\/v2\/comments?post=379044"}],"version-history":[{"count":0,"href":"https:\/\/www.europesays.com\/fr\/wp-json\/wp\/v2\/posts\/379044\/revisions"}],"wp:featuredmedia":[{"embeddable":true,"href":"https:\/\/www.europesays.com\/fr\/wp-json\/wp\/v2\/media\/379045"}],"wp:attachment":[{"href":"https:\/\/www.europesays.com\/fr\/wp-json\/wp\/v2\/media?parent=379044"}],"wp:term":[{"taxonomy":"category","embeddable":true,"href":"https:\/\/www.europesays.com\/fr\/wp-json\/wp\/v2\/categories?post=379044"},{"taxonomy":"post_tag","embeddable":true,"href":"https:\/\/www.europesays.com\/fr\/wp-json\/wp\/v2\/tags?post=379044"}],"curies":[{"name":"wp","href":"https:\/\/api.w.org\/{rel}","templated":true}]}}