{"id":379046,"date":"2025-09-10T00:56:23","date_gmt":"2025-09-10T00:56:23","guid":{"rendered":"https:\/\/www.europesays.com\/fr\/379046\/"},"modified":"2025-09-10T00:56:23","modified_gmt":"2025-09-10T00:56:23","slug":"mouvement-bloquons-tout-en-bretagne-le-calme-avant-la-tempete","status":"publish","type":"post","link":"https:\/\/www.europesays.com\/fr\/379046\/","title":{"rendered":"Mouvement \u00ab\u00a0Bloquons tout\u00a0\u00bb\u00a0: en Bretagne, le calme avant la temp\u00eate\u00a0?"},"content":{"rendered":"<p>Plusieurs centaines\u00a0? Plusieurs milliers\u00a0? \u00c0 Brest, comme \u00e0 Rennes, aucune projection sur le nombre de militants pr\u00e9sents pour les blocages et les manifestations n\u2019est avanc\u00e9e. \u00ab\u00a0Au moins plusieurs centaines. Mais on n\u2019en sait vraiment rien, en fait. Et je pense qu\u2019eux-m\u00eames l\u2019ignorent\u00a0\u00bb, confie une source s\u00e9curitaire. Les deux principaux foyers seront les deux m\u00e9tropoles bretonnes. Ailleurs, le mouvement est annonc\u00e9 \u00ab\u00a0diffus\u00a0\u00bb, avec des manifestations \u00ab\u00a0classiques\u00a0\u00bb. Mais il ne suffit que de quelques dizaines de personnes pour paralyser une rocade, un centre-ville ou un rond-point strat\u00e9gique. Sur cet aspect, pourtant, les autorit\u00e9s et le ministre de l\u2019Int\u00e9rieur ont \u00e9t\u00e9 tr\u00e8s clairs\u00a0: <a href=\"https:\/\/www.letelegramme.fr\/france\/avec-la-consigne-de-tout-debloquer-les-autorites-se-preparent-au-mouvement-bloquons-tout-en-bretagne-6885337.php\" target=\"_blank\" rel=\"noopener\">aucun blocage, aucune violence ne sera tol\u00e9r\u00e9e<\/a>. Brest et <a href=\"https:\/\/www.letelegramme.fr\/ille-et-vilaine\/rennes-35000\/on-est-sur-le-pont-depuis-6-h-30-rennes-se-barricade-avant-la-mobilisation-du-10-septembre-6885662.php?utm_content=photo&amp;utm_term=LeTelegramme&amp;utm_campaign=twitter&amp;utm_source=nonli&amp;utm_medium=Social\" target=\"_blank\" rel=\"noopener\">Rennes, o\u00f9 sont redout\u00e9es des violences<\/a>, ont re\u00e7u des renforts en forces mobiles.<\/p>\n<p>Le \u00ab\u00a0test\u00a0\u00bb des \u00ab\u00a0pots de d\u00e9part\u00a0\u00bb\u00a0: \u00ab\u00a0Plut\u00f4t rassurant\u00a0\u00bb<\/p>\n<p>Autres points possibles de d\u00e9bordements\u00a0: \u00e0 Quimper, o\u00f9 Ma\u00ebl de Calan, le pr\u00e9sident du conseil d\u00e9partemental, a \u00e9t\u00e9 express\u00e9ment vis\u00e9, et \u00e9galement les sites o\u00f9 l\u2019industriel Vincent Bollor\u00e9 est implant\u00e9. Mais l\u00e0 encore, impossible de pr\u00e9voir ce qui peut se passer.<\/p>\n<p>Seul indicateur jug\u00e9 \u00ab\u00a0plut\u00f4t rassurant\u00a0\u00bb\u00a0: les \u00ab\u00a0pots de d\u00e9part\u00a0\u00bb \u00e0 l\u2019occasion de la chute du gouvernement Bayrou n\u2019ont donn\u00e9 lieu \u00e0 aucun d\u00e9bordement dans la r\u00e9gion. L\u2019\u00e9v\u00e9nement a m\u00eame rassembl\u00e9 peu de monde (une cinquantaine de personnes), par exemple \u00e0 Lorient. Signe trompeur pour cette ville o\u00f9 les mouvements sociaux sont bien suivis et o\u00f9, le 23 mars 2023, une <a href=\"https:\/\/www.letelegramme.fr\/morbihan\/lorient-56100\/attaque-du-commissariat-de-lorient-on-va-vous-faire-cramer-les-poulets-video-4075293.php\" target=\"_blank\" rel=\"noopener\">inattendue flamb\u00e9e de violences avait \u00e9t\u00e9 observ\u00e9e lors de la contestation contre la r\u00e9forme des retraites<\/a>\u00a0? \u00ab\u00a0Le mouvement est tr\u00e8s disparate, pas encadr\u00e9, tr\u00e8s impr\u00e9visible, mobile, avec de nombreux points de blocage possibles en plus de ceux annonc\u00e9s, rappellent plusieurs sources s\u00e9curitaires. Tout est possible.\u00a0\u00bb R\u00e9ponses dans quelques heures.<\/p>\n","protected":false},"excerpt":{"rendered":"Plusieurs centaines\u00a0? Plusieurs milliers\u00a0? \u00c0 Brest, comme \u00e0 Rennes, aucune projection sur le nombre de militants pr\u00e9sents pour&hellip;\n","protected":false},"author":2,"featured_media":379047,"comment_status":"","ping_status":"","sticky":false,"template":"","format":"standard","meta":{"footnotes":""},"categories":[2821],"tags":[1111,11,3450,829,765,1777,674,1011,27,1781,50747,12,1072,3319,584,25],"class_list":{"0":"post-379046","1":"post","2":"type-post","3":"status-publish","4":"format-standard","5":"has-post-thumbnail","7":"category-rennes","8":"tag-actu","9":"tag-actualites","10":"tag-brest","11":"tag-bretagne","12":"tag-en-continu","13":"tag-eu","14":"tag-europe","15":"tag-fr","16":"tag-france","17":"tag-lorient","18":"tag-mobilisation-du-10-septembre-2025","19":"tag-news","20":"tag-police","21":"tag-quimper","22":"tag-rennes","23":"tag-republique-francaise"},"share_on_mastodon":{"url":"https:\/\/pubeurope.com\/@fr\/115177285130528565","error":""},"_links":{"self":[{"href":"https:\/\/www.europesays.com\/fr\/wp-json\/wp\/v2\/posts\/379046","targetHints":{"allow":["GET"]}}],"collection":[{"href":"https:\/\/www.europesays.com\/fr\/wp-json\/wp\/v2\/posts"}],"about":[{"href":"https:\/\/www.europesays.com\/fr\/wp-json\/wp\/v2\/types\/post"}],"author":[{"embeddable":true,"href":"https:\/\/www.europesays.com\/fr\/wp-json\/wp\/v2\/users\/2"}],"replies":[{"embeddable":true,"href":"https:\/\/www.europesays.com\/fr\/wp-json\/wp\/v2\/comments?post=379046"}],"version-history":[{"count":0,"href":"https:\/\/www.europesays.com\/fr\/wp-json\/wp\/v2\/posts\/379046\/revisions"}],"wp:featuredmedia":[{"embeddable":true,"href":"https:\/\/www.europesays.com\/fr\/wp-json\/wp\/v2\/media\/379047"}],"wp:attachment":[{"href":"https:\/\/www.europesays.com\/fr\/wp-json\/wp\/v2\/media?parent=379046"}],"wp:term":[{"taxonomy":"category","embeddable":true,"href":"https:\/\/www.europesays.com\/fr\/wp-json\/wp\/v2\/categories?post=379046"},{"taxonomy":"post_tag","embeddable":true,"href":"https:\/\/www.europesays.com\/fr\/wp-json\/wp\/v2\/tags?post=379046"}],"curies":[{"name":"wp","href":"https:\/\/api.w.org\/{rel}","templated":true}]}}