{"id":379048,"date":"2025-09-10T00:57:39","date_gmt":"2025-09-10T00:57:39","guid":{"rendered":"https:\/\/www.europesays.com\/fr\/379048\/"},"modified":"2025-09-10T00:57:39","modified_gmt":"2025-09-10T00:57:39","slug":"pendant-17-jours-musica-va-rythmer-strasbourg","status":"publish","type":"post","link":"https:\/\/www.europesays.com\/fr\/379048\/","title":{"rendered":"pendant 17 jours, Musica va rythmer Strasbourg !"},"content":{"rendered":"<p><b>Concerts, spectacles musicaux, performances, rencontres, ateliers, soir\u00e9es clubbing\u2026 Pour sa 43e \u00e9dition, il a imagin\u00e9 des rendez-vous toujours plus originaux, pour les couche-tard comme les l\u00e8ve-t\u00f4t, pour les m\u00e9lomanes et les n\u00e9ophytes, et ce, d\u00e8s le berceau. Du 19 septembre au 5 octobre, le festival Musica mettra Strasbourg au diapason, en orchestrant une programmation \u00e9clectique.<\/b><\/p>\n<p>Avec la volont\u00e9, toujours, de <b>rendre accessible la cr\u00e9ation musicale et les musiques contemporaines au plus grand nombre, <\/b>Musica offre, pour sa 43e \u00e9dition, une belle programmation musicale. Cette ann\u00e9e, elle sera d\u00e9clin\u00e9e en <b>une quarantaine de projets artistiques qui trouveront chacun leur public.<\/b><\/p>\n<p>Le tout : \u00e9parpill\u00e9 entre diff\u00e9rentes structures partenaires de la ville !<\/p>\n<p>                <img width=\"500\" height=\"500\" src=\"https:\/\/www.europesays.com\/fr\/wp-content\/uploads\/2025\/09\/musica-2-e1725643579111-500x500.jpg\" class=\"attachment-gallery size-gallery\" alt=\"musica\" data-full-url=\"https:\/\/pokaa.fr\/wp-content\/uploads\/2024\/09\/06\/musica-2-1500x1500.jpg\" decoding=\"async\" loading=\"lazy\"  \/>            <\/p>\n<p>                <img width=\"500\" height=\"500\" src=\"https:\/\/www.europesays.com\/fr\/wp-content\/uploads\/2025\/09\/musica-e1725643535839-500x500.jpg\" class=\"attachment-gallery size-gallery\" alt=\"musica\" data-full-url=\"https:\/\/pokaa.fr\/wp-content\/uploads\/2024\/09\/06\/musica-1500x1500.jpg\" decoding=\"async\" loading=\"lazy\"  \/>            <\/p>\n<p>                    L&rsquo;\u00e9charpe du festival Musica. \u00a9 Page Facebook de Musica \/ Documents remis<\/p>\n<p><b>Centre n\u00e9vralgique et <\/b><b>\u00ab\u00a0c\u0153ur vivant\u00a0\u00bb<\/b><b> de cette \u00e9dition : la Manufacture des Tabacs<\/b>, o\u00f9 le festival installera son QG et sa billetterie, et programmera plusieurs dates \u2013 en partie \u00e0<a href=\"https:\/\/festivalmusica.fr\/manifestation\/1734.klub-camina-x-musica-2\" target=\"_blank\" rel=\"noopener\"><b> Karmen Camina<\/b>, avec qui Musica s\u2019associe <b>pour des concerts et aft<\/b><b>ers<\/b>.<\/a><\/p>\n<p>Toujours \u00e0 la Manufacture, le festival y organisera par ailleurs <a href=\"https:\/\/festivalmusica.fr\/manifestation\/1718.musica-xnbsphear\" target=\"_blank\" rel=\"noopener\"><b>sa cl\u00f4ture \u2013 le samedi 4 octobre \u2013<\/b><\/a>, dont il confie la direction <b>aux \u00e9l\u00e8ves de la HEAR<\/b> (Haute \u00e9cole des arts du Rhin), pour une journ\u00e9e ponctu\u00e9e de <b>concerts, performances, expositions et ateliers<\/b>.<\/p>\n<p>Prenez-en bonne note. En attendant : les festivit\u00e9s commencent en fanfare d\u00e8s <b>le vendredi 19 septembre<\/b>.<\/p>\n<p>                <img width=\"375\" height=\"500\" src=\"https:\/\/www.europesays.com\/fr\/wp-content\/uploads\/2025\/09\/img-8401-375x500.jpeg\" class=\"attachment-gallery size-gallery\" alt=\"Karmen Camina club caf\u00e9 tiers lieu sonorisation\" data-full-url=\"https:\/\/pokaa.fr\/wp-content\/uploads\/2025\/01\/07\/img-8401.jpeg\" decoding=\"async\" loading=\"lazy\"  \/>            <\/p>\n<p>                <img width=\"375\" height=\"500\" src=\"https:\/\/www.europesays.com\/fr\/wp-content\/uploads\/2025\/09\/img-8432-375x500.jpeg\" class=\"attachment-gallery size-gallery\" alt=\"Karmen Camina club caf\u00e9 tiers lieu sonorisation\" data-full-url=\"https:\/\/pokaa.fr\/wp-content\/uploads\/2025\/01\/07\/img-8432.jpeg\" decoding=\"async\" loading=\"lazy\"  \/>            <\/p>\n<p>                <img width=\"375\" height=\"500\" src=\"https:\/\/www.europesays.com\/fr\/wp-content\/uploads\/2025\/09\/img-8049-375x500.jpeg\" class=\"attachment-gallery size-gallery\" alt=\"Karmen Camina club caf\u00e9 tiers lieu sonorisation\" data-full-url=\"https:\/\/pokaa.fr\/wp-content\/uploads\/2025\/01\/07\/img-8049.jpeg\" decoding=\"async\" loading=\"lazy\"  \/>            <\/p>\n<p>                    Karmen Camina. \u00a9 Bastien Pietronave \/ Pokaa<\/p>\n<p>    <img width=\"800\" height=\"533\" src=\"https:\/\/www.europesays.com\/fr\/wp-content\/uploads\/2025\/09\/dsc01949-800x533.jpg\" class=\"attachment-image-size-L size-image-size-L\" alt=\"Karmen Camina\" decoding=\"async\" loading=\"lazy\"  \/>         \u00a9 Maison Monnot \/ Document remis  <\/p>\n<p>Musica \u2013 court extrait<\/p>\n<p>S\u2019il serait bien ambitieux de pr\u00e9senter ici l\u2019enti\u00e8ret\u00e9 de sa riche programmation (<a href=\"https:\/\/festivalmusica.fr\/programme\" target=\"_blank\" rel=\"noopener\">disponible ici<\/a>), accordons nos violons et tentons de la r\u00e9sumer. \u00c0 l\u2019affiche ? <b>10 cr\u00e9ations mondiales et 15 cr\u00e9ations fran\u00e7aises<\/b>, et une belle part laiss\u00e9e au<b> th\u00e9\u00e2tre musical <\/b>qui fait partie prenante de \u00ab\u00a0l\u2019ADN de Musica depuis son origine\u00a0\u00bb.<\/p>\n<p>Ensuite\u00a0: une <b>\u00ab\u00a0Prospective Qu\u00e9bec\/Canada\u00a0\u00bb, un focus sur la sc\u00e8ne canadienne et qu\u00e9b\u00e9coise <\/b>mont\u00e9<b> <\/b>en collaboration avec Le Vivier (p\u00f4le de cr\u00e9ation montr\u00e9alais), avec l\u2019invitation \u2013 entre autres \u2013 de l\u2019ensemble \u00e0 percussions <b>Sixtrum<\/b>, le <b>Quatuor Bozzini<\/b>, la compositrice<b> Nicole Liz\u00e9e<\/b>, et la <a href=\"https:\/\/festivalmusica.fr\/manifestation\/1699.mutek-1\" target=\"_blank\" rel=\"noopener\"><b>carte blanche confi\u00e9e au \u00ab palpitant \u00bb festival qu\u00e9b\u00e9cois MUTEK<\/b>.<\/a> Celui-ci s\u2019installera le temps d\u2019une nuit au Karmen, en compagnie de Lesley Flanigan, Tristan Perich, Guillaume &amp; the Coutu-Dumonts et Data Plan.<\/p>\n<\/p>\n<p>Aussi, comme l\u2019\u00e9voque la DA de cette \u00e9dition \u2013 subtilement brod\u00e9e de napperons \u2013, se tissera en toile de fond dans la programmation <b>un \u00ab\u00a0nouveau folklore\u00a0\u00bb<\/b>. Plusieurs projets useront ainsi d\u2019<b>instruments ou de motifs musicaux dits <\/b><b>\u00ab\u00a0traditionnels\u00a0\u00bb<\/b>, ou mettront en avant des \u00ab\u00a0modes de cr\u00e9ation et de transmission fond\u00e9s sur <b>l\u2019oralit\u00e9 pour faire na\u00eetre des sonorit\u00e9s nouvelles<\/b>\u00a0\u00bb.<\/p>\n<p><b>Non par nostalgie<\/b>, mais plut\u00f4t dans une volont\u00e9 de la cr\u00e9ation contemporaine de \u00ab\u00a0<b>prendre en compte des territoires<\/b>, des communaut\u00e9s qui les habitent et des relations que la musique permet de tisser entre eux\u00a0\u00bb.<\/p>\n<p>    <img width=\"800\" height=\"533\" src=\"https:\/\/www.europesays.com\/fr\/wp-content\/uploads\/2025\/09\/04-ultimo-helecho-nina-laisne-hd-800x533.jpg\" class=\"attachment-image-size-L size-image-size-L\" alt=\"Maillon\" decoding=\"async\" loading=\"lazy\"  \/>         \u00ab \u00daltimo Helecho \u00bb de Nina Laisn\u00e9. \u00a9 Nina Laisn\u00e9 \/ Document remis <\/p>\n<p>On peut ainsi citer <b>Le Kronos Quartet <\/b>\u2013 quatuor \u00e0 cordes bas\u00e9 \u00e0 San Francisco \u2013 qui fait son retour au festival, 30 ans plus tard et en deux rendez-vous. L\u2019un nous entra\u00eenant <a href=\"https:\/\/festivalmusica.fr\/manifestation\/1671.elja\" target=\"_blank\" rel=\"noopener\"><b>sur les traces du folklore norv\u00e9gien avec <\/b><b>Elja<\/b><\/a><b> <\/b>(en collaboration avec Benedicte Maurseth et Kristine Tj\u00f8gersen). L\u2019autre \u2013 plus engag\u00e9 \u2013, r\u00e9unissant des \u0153uvres de Neil Young, Nina Simone, Terry Riley et Steve Reich pour nous parler du monde, avec <a href=\"https:\/\/festivalmusica.fr\/manifestation\/1672.a-world-we-live-in\" target=\"_blank\" rel=\"noopener\"><b>A World we live in<\/b><\/a>.<\/p>\n<p>Ou encore <a href=\"https:\/\/festivalmusica.fr\/manifestation\/1682.ultimo-helecho\" target=\"_blank\" rel=\"noopener\"><b>\u00daltimo helecho<\/b><\/a>, du 1er au 3 octobre [<a href=\"https:\/\/pokaa.fr\/2025\/09\/02\/la-rentree-du-maillon-12-spectacles-droles-furieux-ou-curieux-a-decouvrir-a-strasbourg1\/\" target=\"_blank\" rel=\"noopener\">et que nous t\u2019avions pr\u00e9sent\u00e9 ici,<\/a> ndlr]. Un spectacle qui retourne sur les <b>cultures autochtones<\/b>, \u00ab\u00a0au son des sacqueboutes, wacrapuco ou sachaguitarra\u00a0\u00bb, <b>(re)mises en musique et mouvement<\/b> par le chor\u00e9graphe et chanteur <b>Fran\u00e7ois Chaignaud<\/b>, et la chanteuse, compositrice, autrice et <b>sp\u00e9cialiste des musiques folkloriques contemporaines argentines Nadia Larcher<\/b>.<\/p>\n<p>    <img width=\"800\" height=\"533\" src=\"https:\/\/www.europesays.com\/fr\/wp-content\/uploads\/2025\/09\/03-ultimo-helecho-nina-laisne-hd-800x533.jpg\" class=\"attachment-image-size-L size-image-size-L\" alt=\"Maillon\" decoding=\"async\" loading=\"lazy\"  \/>         \u00ab \u00daltimo Helecho \u00bb de Nina Laisn\u00e9. \u00a9 Nina Laisn\u00e9 \/ Document remis <\/p>\n<p>Pour le reste, voil\u00e0 <strong>une s\u00e9lection de quelques coups de c\u0153ur<\/strong>, qui ont su toucher notre corde sensible :<\/p>\n<p>Nos coups de c\u0153ur<br \/>\n\u00ab\u00a0Eternal Dawn\u00a0\u00bb\u00a0: le futur, c&rsquo;est ici et maintenant<\/p>\n<p>Une \u00ab aube \u00e9ternelle \u00bb s\u2019appr\u00eate \u00e0 se lever <b>au Maillon<\/b>, les <b>vendredi 19, samedi 20 et dimanche 21 septembre <\/b>(\u00e0 19h)\u2026 Puisque le th\u00e9\u00e2tre strasbourgeois \u2013 en collaboration avec Musica \u2013 accueillera le nouveau spectacle d\u2019<b>Alexander <\/b><b>Schubert\u00a0<\/b>: <a href=\"https:\/\/festivalmusica.fr\/manifestation\/1677.eternal-dawn\" target=\"_blank\" rel=\"noopener\"><b>Eternal Dawn<\/b>, en ouverture du festival<\/a>.<\/p>\n<p>    <img width=\"600\" height=\"600\" src=\"https:\/\/www.europesays.com\/fr\/wp-content\/uploads\/2025\/09\/eternal-dawn-copyright-alexander-schubert000011-600x600.png\" class=\"attachment-image-size-M size-image-size-M\" alt=\"Maillon Musica\" decoding=\"async\" loading=\"lazy\"  \/>         \u00ab Eternal Dawn \u00bb d&rsquo;Alexander Schubert. \u00a9 Alexander Schubert \/ Document remis <\/p>\n<p>                <img width=\"334\" height=\"500\" src=\"https:\/\/www.europesays.com\/fr\/wp-content\/uploads\/2025\/09\/tb-06818-334x500.jpg\" class=\"attachment-gallery size-gallery\" alt=\"musica + asterism + maillon + Alexander Schubert\" data-full-url=\"https:\/\/pokaa.fr\/wp-content\/uploads\/2025\/09\/08\/tb-06818.jpg\" decoding=\"async\" loading=\"lazy\"  \/>            <\/p>\n<p>                <img width=\"334\" height=\"500\" src=\"https:\/\/www.europesays.com\/fr\/wp-content\/uploads\/2025\/09\/tb-06613-334x500.jpg\" class=\"attachment-gallery size-gallery\" alt=\"musica + asterism + maillon + Alexander Schubert\" data-full-url=\"https:\/\/pokaa.fr\/wp-content\/uploads\/2025\/09\/08\/tb-06613.jpg\" decoding=\"async\" loading=\"lazy\"  \/>            <\/p>\n<p>                    \u00ab Asterism \u00bb d&rsquo;Alexander Schubert, pr\u00e9sent\u00e9 avec Musica au Maillon en 2021. \u00a9 Tha\u00efs Breton \/ Document remis<\/p>\n<p>Une curiosit\u00e9 encore en cours de cr\u00e9ation, qui promet d\u2019\u00eatre <b>spectaculaire<\/b>. Comme l\u2019\u00e9tait d\u00e9j\u00e0 la pr\u00e9c\u00e9dente proposition de son compositeur et metteur en sc\u00e8ne \u2013 invit\u00e9 en 2021 par Musica \u2013 : Asterism. Une installation sylvestre immersive dans laquelle le public strasbourgeois s\u2019\u00e9tait vu plonger pendant 35h.<\/p>\n<p>                <a href=\"https:\/\/pokaa.fr\/2021\/09\/15\/ce-week-end-une-jungle-technologique-sinstalle-pendant-35h-daffilee-dans-un-theatre-strasbourgeois\/\" target=\"_blank\" rel=\"noopener\"><br \/>\n                    <img width=\"450\" height=\"241\" src=\"https:\/\/www.europesays.com\/fr\/wp-content\/uploads\/2025\/09\/asterism-festival-musica-2021-alexander-schubert-2.png\" class=\"attachment-card-horizontal--same-subject size-card-horizontal--same-subject wp-post-image\" alt=\"\" decoding=\"async\" loading=\"lazy\"  \/>                <\/a><\/p>\n<p>Eternal Dawn nous propulsera une nouvelle fois <b>dans le futur, dans un monde toujours plus technologique, post-humaniste<\/b>. Sur sc\u00e8ne\u00a0: une atmosph\u00e8re tout droit sortie de la<b> science-fiction<\/b>, des instruments futuristes, des musicien(ne)s\/cyborgs qui se voient greffer des proth\u00e8ses robotiques.<\/p>\n<p>                <img width=\"750\" height=\"500\" src=\"https:\/\/www.europesays.com\/fr\/wp-content\/uploads\/2025\/09\/musica-0161-copie-750x500.jpg\" class=\"attachment-gallery size-gallery\" alt=\"musica + asterism + maillon + Alexander Schubert\" data-full-url=\"https:\/\/pokaa.fr\/wp-content\/uploads\/2025\/09\/08\/musica-0161-copie.jpg\" decoding=\"async\" loading=\"lazy\"  \/>            <\/p>\n<p>                <img width=\"750\" height=\"500\" src=\"https:\/\/www.europesays.com\/fr\/wp-content\/uploads\/2025\/09\/musica-7552-copie-750x500.jpg\" class=\"attachment-gallery size-gallery\" alt=\"musica + asterism + maillon + Alexander Schubert\" data-full-url=\"https:\/\/pokaa.fr\/wp-content\/uploads\/2025\/09\/08\/musica-7552-copie.jpg\" decoding=\"async\" loading=\"lazy\"  \/>            <\/p>\n<p>                <img width=\"750\" height=\"500\" src=\"https:\/\/www.europesays.com\/fr\/wp-content\/uploads\/2025\/09\/musica-7190-copie-750x500.jpg\" class=\"attachment-gallery size-gallery\" alt=\"musica + asterism + maillon + Alexander Schubert\" data-full-url=\"https:\/\/pokaa.fr\/wp-content\/uploads\/2025\/09\/08\/musica-7190-copie.jpg\" decoding=\"async\" loading=\"lazy\"  \/>            <\/p>\n<p>                <img width=\"750\" height=\"500\" src=\"https:\/\/www.europesays.com\/fr\/wp-content\/uploads\/2025\/09\/musica-9901-copie-750x500.jpg\" class=\"attachment-gallery size-gallery\" alt=\"musica + asterism + maillon + Alexander Schubert\" data-full-url=\"https:\/\/pokaa.fr\/wp-content\/uploads\/2025\/09\/08\/musica-9901-copie.jpg\" decoding=\"async\" loading=\"lazy\"  \/>            <\/p>\n<p>                <img width=\"750\" height=\"500\" src=\"https:\/\/www.europesays.com\/fr\/wp-content\/uploads\/2025\/09\/musica-1234-copie-750x500.jpg\" class=\"attachment-gallery size-gallery\" alt=\"musica + asterism + maillon + Alexander Schubert\" data-full-url=\"https:\/\/pokaa.fr\/wp-content\/uploads\/2025\/09\/08\/musica-1234-copie.jpg\" decoding=\"async\" loading=\"lazy\"  \/>            <\/p>\n<p>                    \u00ab Asterism \u00bb d&rsquo;Alexander Schubert, pr\u00e9sent\u00e9 avec Musica au Maillon en 2021. \u00a9 Christophe Urbain \/ Documents remis<\/p>\n<p>Aux commandes\u00a0? Le <b>Decoder Ensemble<\/b>\u00a0et une \u00e9quipe artistique et scientifique pluridisciplinaire. Avec en bout de cha\u00eene\u00a0:<b> une r\u00e9flexion sur le transhumanisme<\/b>, et plus largement, \u00ab\u00a0sur les relations entre musique, technologies et identit\u00e9s contemporaines\u00a0\u00bb que m\u00e8ne l\u2019artiste allemand depuis plusieurs ann\u00e9es.<\/p>\n<p>L\u2019occasion de glisser, aussi, le <b><a href=\"https:\/\/festivalmusica.fr\/manifestation\/1723.musique-et-ia\" target=\"_blank\" rel=\"noopener\">colloque international parlant de \u00ab Musique et IA \u00bb<\/a>\u00a0<\/b>qui se tiendra \u00e0 la MISHA et \u00e0 la Cit\u00e9 de la musique et de la danse, les 25 et 26 septembre.<\/p>\n<p>    <img width=\"400\" height=\"600\" src=\"https:\/\/www.europesays.com\/fr\/wp-content\/uploads\/2025\/09\/musica-7772-copie1-400x600.jpg\" class=\"attachment-image-size-M size-image-size-M\" alt=\"musica + asterism + maillon + Alexander Schubert\" decoding=\"async\" loading=\"lazy\"  \/>         \u00ab Asterism \u00bb d&rsquo;Alexander Schubert, pr\u00e9sent\u00e9 avec Musica au Maillon en 2021. \u00a9 Christophe Urbain \/ Document remis <\/p>\n<p>\u00ab Blue Velvet \u00bb et velours rouge : Lynch \u00e0 l&rsquo;Op\u00e9ra<\/p>\n<p>Qui n\u2019a jamais \u00e9t\u00e9 saisi par les premi\u00e8res notes du <b>g\u00e9n\u00e9rique de<\/b><b> Twin Peaks<\/b> (\u00e9crit par Angelo Badalamenti), du th\u00e8me d\u2019<b>Elephant Man<\/b> compos\u00e9 par John Morris (Oscar de la meilleure musique de film) ?<\/p>\n<p>Ou d\u2019<b>In Dreams<\/b><b>\u00a0<\/b>de Roy Orbison, qui habite <b>Blue Velvet<\/b>\u00a0et qui donne le nom de cette visite toute en musique, dans l\u2019univers fou et onirique de <b>David Lynch<\/b> (<a href=\"https:\/\/festivalmusica.fr\/manifestation\/1670.in-dreams-david-lynch-revisited\" target=\"_blank\" rel=\"noopener\">In Dreams : David Lynch revisited<\/a>) ?<\/p>\n<\/p>\n<p><b>Le vendredi 19 septembre, le festival Musica rendra hommage \u00e0 ce cin\u00e9aste de g\u00e9nie<\/b>, disparu cette ann\u00e9e, et m\u00e9lomane averti (\u00e9galement interpr\u00e8te, chanteur, producteur, cr\u00e9ateur et designer sonore) qui composait ses images de concert avec le son, la musique.<\/p>\n<p><b>Un concert exceptionnel<\/b>, qui fera vibrer<b> la sc\u00e8ne de l\u2019Op\u00e9ra <\/b>sur les notes de ses plus c\u00e9l\u00e8bres bandes originales, comme des \u00ab\u00a0titres lynchiens\u00a0\u00bb de <b>David Bowie, Chris Isaak ou Jimmy Scott<\/b>.<\/p>\n<p>Pour les interpr\u00e9ter, un \u00ab\u00a0casting de r\u00eave issu de la sc\u00e8ne rock ind\u00e9\u00a0\u00bb, nous dit-on\u00a0: d\u2019<b>Anna Calvi<\/b> \u00e0 <b>Mick <\/b><strong>Harvey<\/strong>, <b>Conor O\u2019Brien<\/b> (Villagers), <b>Sophia Brous<\/b>, <b>Jehnny Beth<\/b> et <b>Kirin J. Callinan<\/b> (et <strong>David Coulter<\/strong> \u00e0 la direction musicale).<\/p>\n<p>    <img width=\"800\" height=\"448\" src=\"https:\/\/www.europesays.com\/fr\/wp-content\/uploads\/2025\/09\/david-lynch-in-dreams-sara-amroussi-gilissen-800x448.jpg\" class=\"attachment-image-size-L size-image-size-L\" alt=\"Musica\" decoding=\"async\" loading=\"lazy\"  \/>         \u00ab In Dreams : David Lynch revisited \u00bb. \u00a9 Sara Amroussi-Gilissen \/ Document remis <\/p>\n<p>En amont du concert, Musica nous donnera rendez-vous au Cosmos, pour la <a href=\"https:\/\/festivalmusica.fr\/manifestation\/1749.david-lynch-une-enigme-a-hollywood\" target=\"_blank\" rel=\"noopener\"><b>projection (gratuite) du documentaire <\/b><b>David Lynch, une \u00e9nigme \u00e0 Hollywood<\/b> <\/a>(2024) de St\u00e9phane Ghez.<\/p>\n<p>Entre Mulholland Drive et Lost Highway\u00a0: ne vous trompez pas de chemin\u2026 Et prenez celui qui vous m\u00e8nera du Cosmos \u00e0 l\u2019Op\u00e9ra.<\/p>\n<\/p>\n<p>D&rsquo;autres curiosit\u00e9s\u00a0: du DJ set matinal au spectacle pop-liturgique<\/p>\n<p>Festival curieux, Musica nous emm\u00e8ne dans des r\u00e9pertoires aussi vari\u00e9s que les lieux qui accueilleront ces propositions.<\/p>\n<p>Notons par exemple le r\u00e9cital matinal donn\u00e9 par <b>la musicienne, compositrice et DJ Mariam Rezaei, <\/b>\u00ab\u00a0virtuose incomparable des platines\u00a0\u00bb qui prendra possession de celles du Karmen, le <a href=\"https:\/\/festivalmusica.fr\/manifestation\/1729.mariam-rezaei\" target=\"_blank\" rel=\"noopener\"><b>samedi 20 septembre\u2026 \u00c0 11h du matin<\/b><\/a>.<\/p>\n<p>Un rendez-vous \u00e0 un horaire inhabituel qui fait sens, quand on apprend qu\u2019\u00ab\u00a0avec elle, le \u2018turntablisme\u2019 devient un terrain de recherche et de cr\u00e9ation sonore de premier plan qui se pr\u00e9sente <b>aussi bien dans le contexte nocturne du club qu\u2019en r\u00e9cital de chambre matinal\u00a0<\/b>\u00bb. Un concert qui sera suivi d\u2019un \u00e9change\u2026 Et d\u2019<a href=\"https:\/\/festivalmusica.fr\/manifestation\/1733.klub-camina-x-musica-1\" target=\"_blank\" rel=\"noopener\"><b>un after, \u00e0 23h<\/b><\/a>, cette fois-ci en compagnie de Fran\u00e7ois Delamarre, UNDAE TROPIC, et bien d\u2019autres.<\/p>\n<p>    <img width=\"800\" height=\"448\" src=\"https:\/\/www.europesays.com\/fr\/wp-content\/uploads\/2025\/09\/vera-marmelo-mariam-rezaei-800x448.jpg\" class=\"attachment-image-size-L size-image-size-L\" alt=\"musica + Mariam Rezaei\" decoding=\"async\" loading=\"lazy\"  \/>         Mariam Rezaei. \u00a9 Vera Marmelo \/ Document remis <\/p>\n<p>Nous l\u2019avions, lui aussi, annonc\u00e9 avec<a href=\"https:\/\/pokaa.fr\/2025\/09\/02\/la-rentree-du-maillon-12-spectacles-droles-furieux-ou-curieux-a-decouvrir-a-strasbourg1\/\" target=\"_blank\" rel=\"noopener\"> <b>la rentr\u00e9e du Maillon <\/b><\/a>: <b>Nexus de l\u2019adoration<\/b>, <b>de Joris Lacoste des 25 et 26 septembre <\/b>nous a tap\u00e9 dans l\u2019\u0153il.<\/p>\n<p><b>Ce spectacle <\/b><b>\u00ab\u00a0pop-liturgique\u00a0\u00bb <\/b>nous d\u00e9peindra <b>u<\/b><b>ne<\/b><b> soci\u00e9t\u00e9 patchwork<\/b>, repr\u00e9sent\u00e9e par des \u00ab\u00a0po\u00e8mes r\u00e9p\u00e9titifs, pri\u00e8res mat\u00e9rialistes, m\u00e9ditations rythmiques, <b>chor\u00e9graphies K-pop, dialogues absurdes<\/b>, discours flamboyants, confidences intimes\u2026\u00a0\u00bb. Un ovni sorti d\u2019Avignon, qui flirte avec la com\u00e9die musicale \u2013 entre th\u00e9\u00e2tre, musique et danse.<\/p>\n<p>    <img width=\"800\" height=\"534\" src=\"https:\/\/www.europesays.com\/fr\/wp-content\/uploads\/2025\/09\/nexus-07-c-raynaud-de-lage-800x534.jpg\" class=\"attachment-image-size-L size-image-size-L\" alt=\"Maillon Musica\" decoding=\"async\" loading=\"lazy\"  \/>         \u00ab Nexus de l&rsquo;adoration \u00bb de Joris Lacoste. \u00a9 Raynaud de Lage \/ Document remis <\/p>\n<p>    <img width=\"800\" height=\"413\" src=\"https:\/\/www.europesays.com\/fr\/wp-content\/uploads\/2025\/09\/nexus-06-c-raynaud-de-lage1-800x413.jpg\" class=\"attachment-image-size-L size-image-size-L\" alt=\"Maillon Musica\" decoding=\"async\" loading=\"lazy\"  \/>         \u00ab Nexus de l&rsquo;adoration \u00bb de Joris Lacoste. \u00a9 Raynaud de Lage \/ Document remis <\/p>\n<p>Et puis, notons les <b>nombreux rendez-vous gratuits<\/b>. Comme par exemple, la rencontre <a href=\"https:\/\/festivalmusica.fr\/manifestation\/1728.ecouter-les-etoiles-pulsars-et-rythmes-de-lunivers\" target=\"_blank\" rel=\"noopener\">\u00c9couter les \u00e9toiles\u00a0: pulsars et rythmes de l\u2019univers  le 26 septembre \u00e0 l\u2019Observatoire astronomique de Strasbourg<\/a> (en regard avec <a href=\"https:\/\/festivalmusica.fr\/manifestation\/1702.le-noir-de-letoile\" target=\"_blank\" rel=\"noopener\">Le Noir de l\u2019\u00e9toile de G\u00e9rard Grisey avec Sixtrum et Les Percussions de Strasbourg le soir-m\u00eame \u00e0 l\u2019\u00e9glise Saint-Paul<\/a>).<\/p>\n<p>Ou<a href=\"https:\/\/festivalmusica.fr\/manifestation\/1705.apres-la-memoire\" target=\"_blank\" rel=\"noopener\"><b> la sortie de r\u00e9sidence <\/b><b>Apr\u00e8s la m\u00e9moire<\/b><\/a> de Nadia Ratsimandresy et Rangalanga Tsilaitry Mboangy (\u00ab\u00a0une exploration sonore de l\u2019histoire coloniale malgache\u00a0\u00bb et ses cons\u00e9quences sur les imaginaires). Les 23 et 24 septembre \u00e0 l\u2019Annexe de la HEAR.<\/p>\n<p>                <img width=\"500\" height=\"500\" src=\"https:\/\/www.europesays.com\/fr\/wp-content\/uploads\/2025\/09\/teona-goreci-e1725643814210-500x500.jpg\" class=\"attachment-gallery size-gallery\" alt=\"Mini musica\" data-full-url=\"https:\/\/pokaa.fr\/wp-content\/uploads\/2024\/09\/06\/teona-goreci-1500x1500.jpg\" decoding=\"async\" loading=\"lazy\"  \/>            <\/p>\n<p>                <img width=\"500\" height=\"500\" src=\"https:\/\/www.europesays.com\/fr\/wp-content\/uploads\/2025\/09\/teona-goreci-2-e1725643733257-500x500.jpg\" class=\"attachment-gallery size-gallery\" alt=\"Mini musica\" data-full-url=\"https:\/\/pokaa.fr\/wp-content\/uploads\/2024\/09\/06\/teona-goreci-2-1500x1500.jpg\" decoding=\"async\" loading=\"lazy\"  \/>            <\/p>\n<p>                <img width=\"893\" height=\"500\" src=\"https:\/\/www.europesays.com\/fr\/wp-content\/uploads\/2025\/09\/teona-goreci-893x500.jpg\" class=\"attachment-gallery size-gallery\" alt=\"Mini Musica\" data-full-url=\"https:\/\/pokaa.fr\/wp-content\/uploads\/2025\/09\/08\/teona-goreci.jpg\" decoding=\"async\" loading=\"lazy\"  \/>            <\/p>\n<p>                    Mini Musica. \u00a9 Teona Goreci \/ Documents remis<\/p>\n<p>Mini-Musica\u00a0: festival jeune public<\/p>\n<p>Et enfin : pour faire na\u00eetre des passions chez les bambins, Musica leur d\u00e9die une nouvelle fois une programmation d\u00e9di\u00e9e : <b>Mini-Musica<\/b>. Et on adore.<\/p>\n<p>Outre <b>les ateliers d\u2019\u00e9veil ou de cr\u00e9ation musicale<\/b>, on y croise des propositions<b> accessibles aux tr\u00e8s tr\u00e8s petit(e)s <\/b>: <strong>de <\/strong><b>4 \u00e0 24 mois<\/b> avec le spectacle immersif <a href=\"https:\/\/festivalmusica.fr\/manifestation\/1711.ark\" target=\"_blank\" rel=\"noopener\">ARK de la compagnie belge Klankennest<\/a> ou d\u00e8s 1 an avec <a href=\"https:\/\/festivalmusica.fr\/manifestation\/1716.cache-cache\" target=\"_blank\" rel=\"noopener\">CACHe CACH\u00e9 de la Nou&amp;vou Cie<\/a>.<\/p>\n<p>                <img width=\"889\" height=\"500\" src=\"https:\/\/www.europesays.com\/fr\/wp-content\/uploads\/2025\/09\/klankennest-ark-josefien-tondeleir-889x500.jpg\" class=\"attachment-gallery size-gallery\" alt=\"ARK + musica\" data-full-url=\"https:\/\/pokaa.fr\/wp-content\/uploads\/2025\/09\/08\/klankennest-ark-josefien-tondeleir.jpg\" decoding=\"async\" loading=\"lazy\"  \/>            <\/p>\n<p>                <img width=\"799\" height=\"451\" src=\"https:\/\/www.europesays.com\/fr\/wp-content\/uploads\/2025\/09\/cache-cache-de-la-nouvou-cie-adrien-labit.png\" class=\"attachment-gallery size-gallery\" alt=\"musica + CACHe CACH\u00e9 + Nou&amp;vou Cie\" data-full-url=\"https:\/\/www.europesays.com\/fr\/wp-content\/uploads\/2025\/09\/cache-cache-de-la-nouvou-cie-adrien-labit.png\" decoding=\"async\" loading=\"lazy\"  \/>            <\/p>\n<p>                    1. \u00ab ARK \u00bb de Klankennest. \u00a9 Josefien Tondeleir \/ Document remis ; 2. \u00ab CACHe CACH\u00e9\u00a0\u00bb de la Nou&amp;vou Cie. \u00a9 Adrien Labit \/ Document remis<\/p>\n<p>    <img width=\"800\" height=\"450\" src=\"https:\/\/www.europesays.com\/fr\/wp-content\/uploads\/2025\/09\/nacken-ville-de-bouguenais-800x450.jpeg\" class=\"attachment-image-size-L size-image-size-L\" alt=\"musica\" decoding=\"async\" loading=\"lazy\"  \/>         \u00ab N\u00e4cken \u00bb. \u00a9 Ville de Bouguenais \/ Document remis <\/p>\n<p>Pour les bambins : L\u2019Archipel aux mille sons de l\u2019ensemble de percussions qu\u00e9b\u00e9cois Sixtrum (de 3 \u00e0 5 ans), ou <a href=\"https:\/\/festivalmusica.fr\/manifestation\/1717.mini-recital\" target=\"_blank\" rel=\"noopener\"><b>un mini-r\u00e9cital d\u00e8s 5 ans<\/b> <\/a>avec le Quatuor Bozzini. Et <b>d\u00e8s 8 ans, <\/b><b>N\u00e4cken<\/b>, \u00ab\u00a0imagin\u00e9 par le duo S\u00f6ta S\u00e4lta et <b>les cuivres tentaculaires du Spat\u2019Sonore<\/b>\u00a0\u00bb, et qui m\u00eale \u00ab\u00a0chansons, musique des bruits et paysages sonores\u00a0\u00bb.<\/p>\n<p><strong>Bref : que ce soit en famille, en solo ou en duo\u2026 Musica donne le la et y a plus qu\u2019\u00e0 !<\/strong><\/p>\n<p>            Musica 2025 \u2013 43e \u00e9dition<\/p>\n<p>            Quoi ? <\/p>\n<p>Festival autour de la musique contemporaine et la cr\u00e9ation musicale avec concerts, spectacles, rencontres, ateliers, etc.<\/p>\n<p>                Quand ?<\/p>\n<p>Du vendredi 19 septembre au mercredi 5 octobre<\/p>\n<p>            o\u00f9 ?<\/p>\n<p>\u00c0 Strasbourg (et Mulhouse) dans de nombreuses salles partenaires<\/p>\n<p>QG\/Billetterie du festival\u00a0: \u00e0 la Manufacture des Tabacs (du mardi au samedi de 13h \u00e0 18h)<\/p>\n<p>                Plus d&rsquo;infos ?<\/p>\n<p><a href=\"https:\/\/festivalmusica.fr\/programme\" target=\"_blank\" rel=\"noopener\">Programme complet<\/a><br \/><a href=\"https:\/\/billetterie.festivalmusica.fr\/\" target=\"_blank\" rel=\"noopener\">Billetterie<\/a><\/p>\n","protected":false},"excerpt":{"rendered":"Concerts, spectacles musicaux, performances, rencontres, ateliers, soir\u00e9es clubbing\u2026 Pour sa 43e \u00e9dition, il a imagin\u00e9 des rendez-vous toujours&hellip;\n","protected":false},"author":2,"featured_media":379049,"comment_status":"","ping_status":"","sticky":false,"template":"","format":"standard","meta":{"footnotes":""},"categories":[2820],"tags":[1111,11,1697,12084,847,1777,674,652,849,1011,27,775,326,51243,873,12,25,3140,640],"class_list":{"0":"post-379048","1":"post","2":"type-post","3":"status-publish","4":"format-standard","5":"has-post-thumbnail","7":"category-strasbourg","8":"tag-actu","9":"tag-actualites","10":"tag-concert","11":"tag-dj-set","12":"tag-enfant","13":"tag-eu","14":"tag-europe","15":"tag-famille","16":"tag-festival","17":"tag-fr","18":"tag-france","19":"tag-grand-est","20":"tag-gratuit","21":"tag-musica","22":"tag-musique","23":"tag-news","24":"tag-republique-francaise","25":"tag-spectacle","26":"tag-strasbourg"},"share_on_mastodon":{"url":"https:\/\/pubeurope.com\/@fr\/115177290094417743","error":""},"_links":{"self":[{"href":"https:\/\/www.europesays.com\/fr\/wp-json\/wp\/v2\/posts\/379048","targetHints":{"allow":["GET"]}}],"collection":[{"href":"https:\/\/www.europesays.com\/fr\/wp-json\/wp\/v2\/posts"}],"about":[{"href":"https:\/\/www.europesays.com\/fr\/wp-json\/wp\/v2\/types\/post"}],"author":[{"embeddable":true,"href":"https:\/\/www.europesays.com\/fr\/wp-json\/wp\/v2\/users\/2"}],"replies":[{"embeddable":true,"href":"https:\/\/www.europesays.com\/fr\/wp-json\/wp\/v2\/comments?post=379048"}],"version-history":[{"count":0,"href":"https:\/\/www.europesays.com\/fr\/wp-json\/wp\/v2\/posts\/379048\/revisions"}],"wp:featuredmedia":[{"embeddable":true,"href":"https:\/\/www.europesays.com\/fr\/wp-json\/wp\/v2\/media\/379049"}],"wp:attachment":[{"href":"https:\/\/www.europesays.com\/fr\/wp-json\/wp\/v2\/media?parent=379048"}],"wp:term":[{"taxonomy":"category","embeddable":true,"href":"https:\/\/www.europesays.com\/fr\/wp-json\/wp\/v2\/categories?post=379048"},{"taxonomy":"post_tag","embeddable":true,"href":"https:\/\/www.europesays.com\/fr\/wp-json\/wp\/v2\/tags?post=379048"}],"curies":[{"name":"wp","href":"https:\/\/api.w.org\/{rel}","templated":true}]}}