{"id":37905,"date":"2025-04-20T03:43:09","date_gmt":"2025-04-20T03:43:09","guid":{"rendered":"https:\/\/www.europesays.com\/fr\/37905\/"},"modified":"2025-04-20T03:43:09","modified_gmt":"2025-04-20T03:43:09","slug":"n2-reaction-de-bruno-irles-apres-la-defaite-des-girondins-face-au-stade-briochin-1-0","status":"publish","type":"post","link":"https:\/\/www.europesays.com\/fr\/37905\/","title":{"rendered":"N2 : r\u00e9action de Bruno Irl\u00e8s apr\u00e8s la d\u00e9faite des Girondins face au Stade Briochin (1-0)"},"content":{"rendered":"<p><img decoding=\"async\" src=\"https:\/\/www.europesays.com\/fr\/wp-content\/uploads\/2025\/04\/671_87f9392bc00a0d3b3a39bedd959cbec8.jpg\" alt=\"N2 : r\u00e9action de Bruno Irl\u00e8s apr\u00e8s la d\u00e9faite des Girondins face au Stade Briochin (1-0)\" class=\"img-responsive mt-3\"\/><\/p>\n<p class=\"text-center mb-3\" style=\"font-size: 14px\">\u00a9 Iconsport<\/p>\n<p style=\"text-align: justify;\">La r\u00e9action de Bruno Irl\u00e8s, entraineur des Girondins au micro de <a href=\"https:\/\/www.lequipe.fr\/Football\/Actualites\/Battu-a-saint-brieuc-bordeaux-a-quasiment-dit-adieu-au-national\/1555603\" target=\"_blank\" rel=\"noopener\">L&rsquo;\u00c9quipe<\/a>. Selon lui, le retard de r\u00e9paration de la saison est responsable de l&rsquo;\u00e9chec \u00e0 jouer les premiers r\u00f4les et accrocher une mont\u00e9e en National 1.<\/p>\n<p><strong>\u00ab\u00a0Si on est les Girondins bien pr\u00e9par\u00e9s, bien recrut\u00e9s d\u00e8s le d\u00e9but de saison, je pense qu&rsquo;on ne perd pas ici\u00a0\u00bb<\/strong><\/p>\n<p style=\"text-align: justify;\">Bruno Irl\u00e8s : \u00ab\u00a0La premi\u00e8re place va \u00eatre tr\u00e8s compliqu\u00e9e \u00e0 aller chercher. Ce n&rsquo;est pas sur ce match que cette premi\u00e8re place nous \u00e9chappe. On a commis beaucoup trop d&rsquo;erreurs dans une p\u00e9riode donn\u00e9e. On est tomb\u00e9s sur une \u00e9quipe qui tenait son r\u00e9sultat, une formation tr\u00e8s disciplin\u00e9e. Saint-Brieuc n&rsquo;est pas par l\u00e0 par hasard. Pour jouer les premiers r\u00f4les, on ne doit pas perdre cinq matches contre des \u00e9quipes qui ne jouent pas ces premiers r\u00f4les. Si on est les Girondins bien pr\u00e9par\u00e9s, bien recrut\u00e9s d\u00e8s le d\u00e9but de saison, je pense qu&rsquo;on ne perd pas ici. On a recrut\u00e9 tardivement.<\/p>\n<p style=\"text-align: justify;\">Un recrutement, \u00e7a se pr\u00e9pare maintenant. Forc\u00e9ment, quand on arrive fin ao\u00fbt, c&rsquo;est tardif, on a moins de temps de pr\u00e9paration, on a moins de temps de r\u00e9flexion, on a moins de choix. \u00c0 un moment donn\u00e9, vous le payez. \u00ab\u00a0<\/p>\n<p><strong>\u00ab\u00a0J&rsquo;ai deux ans de contrat\u00a0\u00bb<\/strong><\/p>\n<p style=\"text-align: justify;\">\u00ab\u00a0Est-on capable de prendre 12 points et de croire \u00e0 un nouveau miracle ? Moi, je suis comp\u00e9titeur, je suis joueur. M\u00eame si on n&rsquo;a que 5 % de chances d&rsquo;aller chercher cette premi\u00e8re place, ce sera aussi pour pr\u00e9parer la saison prochaine. J&rsquo;ai deux ans de contrat, je suis l\u00e0, je suis venu avec un objectif en t\u00eate et cet objectif, je suis l\u00e0 pour le remplir.\u00a0\u00bb<\/p>\n<p style=\"text-align: justify;\">Le Stade Briochin vient d&rsquo;enchainer une 9e victoire cons\u00e9cutive en championnat, et se place en p\u00f4le position pour retrouver le National 1 deux ans apr\u00e8s l&rsquo;avoir quitt\u00e9.<\/p>\n<p>\u00c0 lire aussi &gt;&gt; <strong><a href=\"https:\/\/www.webgirondins.com\/actualite-girondins-girondins-guillaume-allanou-coach-de-saint-brieuc-on-s-etait-prepares-au-combat-defensif-128793\" target=\"_blank\" rel=\"noopener\">Guillaume Allanou (coach de Saint-Brieuc) : \u201cOn s\u2019\u00e9tait pr\u00e9par\u00e9s au combat d\u00e9fensif\u201d<\/a><\/strong><\/p>\n<p style=\"text-align: justify;\">Notre podcast court \u00e0 \u00e9couter :<\/p>\n","protected":false},"excerpt":{"rendered":"\u00a9 Iconsport La r\u00e9action de Bruno Irl\u00e8s, entraineur des Girondins au micro de L&rsquo;\u00c9quipe. Selon lui, le retard&hellip;\n","protected":false},"author":2,"featured_media":37906,"comment_status":"","ping_status":"","sticky":false,"template":"","format":"standard","meta":{"footnotes":""},"categories":[2817],"tags":[1111,11,150,1997,3471,10431,3211,8484,1994,2834,2263,8485,1777,674,2823,1011,27,1987,3212,6079,500,12005,12,2219,3210,5486,25,3213,2764,2858],"class_list":{"0":"post-37905","1":"post","2":"type-post","3":"status-publish","4":"format-standard","5":"has-post-thumbnail","7":"category-bordeaux","8":"tag-actu","9":"tag-actualites","10":"tag-apres","11":"tag-bordeaux","12":"tag-brieuc","13":"tag-briochin","14":"tag-bruno","15":"tag-defaite","16":"tag-entraineur","17":"tag-entre","18":"tag-equipe","19":"tag-etait","20":"tag-eu","21":"tag-europe","22":"tag-face","23":"tag-fr","24":"tag-france","25":"tag-girondins","26":"tag-irles","27":"tag-leader","28":"tag-medias","29":"tag-micro","30":"tag-news","31":"tag-nouvelle-aquitaine","32":"tag-reaction","33":"tag-rencontre","34":"tag-republique-francaise","35":"tag-saint","36":"tag-sommet","37":"tag-stade"},"share_on_mastodon":{"url":"https:\/\/pubeurope.com\/@fr\/114368230487700779","error":""},"_links":{"self":[{"href":"https:\/\/www.europesays.com\/fr\/wp-json\/wp\/v2\/posts\/37905","targetHints":{"allow":["GET"]}}],"collection":[{"href":"https:\/\/www.europesays.com\/fr\/wp-json\/wp\/v2\/posts"}],"about":[{"href":"https:\/\/www.europesays.com\/fr\/wp-json\/wp\/v2\/types\/post"}],"author":[{"embeddable":true,"href":"https:\/\/www.europesays.com\/fr\/wp-json\/wp\/v2\/users\/2"}],"replies":[{"embeddable":true,"href":"https:\/\/www.europesays.com\/fr\/wp-json\/wp\/v2\/comments?post=37905"}],"version-history":[{"count":0,"href":"https:\/\/www.europesays.com\/fr\/wp-json\/wp\/v2\/posts\/37905\/revisions"}],"wp:featuredmedia":[{"embeddable":true,"href":"https:\/\/www.europesays.com\/fr\/wp-json\/wp\/v2\/media\/37906"}],"wp:attachment":[{"href":"https:\/\/www.europesays.com\/fr\/wp-json\/wp\/v2\/media?parent=37905"}],"wp:term":[{"taxonomy":"category","embeddable":true,"href":"https:\/\/www.europesays.com\/fr\/wp-json\/wp\/v2\/categories?post=37905"},{"taxonomy":"post_tag","embeddable":true,"href":"https:\/\/www.europesays.com\/fr\/wp-json\/wp\/v2\/tags?post=37905"}],"curies":[{"name":"wp","href":"https:\/\/api.w.org\/{rel}","templated":true}]}}