{"id":379050,"date":"2025-09-10T00:58:25","date_gmt":"2025-09-10T00:58:25","guid":{"rendered":"https:\/\/www.europesays.com\/fr\/379050\/"},"modified":"2025-09-10T00:58:25","modified_gmt":"2025-09-10T00:58:25","slug":"des-aujourdhui-une-grosse-greve-cts-va-chambouler-strasbourg","status":"publish","type":"post","link":"https:\/\/www.europesays.com\/fr\/379050\/","title":{"rendered":"d\u00e8s aujourd&rsquo;hui, une grosse gr\u00e8ve CTS va chambouler Strasbourg"},"content":{"rendered":"<p>    <img loading=\"lazy\" width=\"1800\" height=\"900\" src=\"https:\/\/www.europesays.com\/fr\/wp-content\/uploads\/2025\/08\/jeanne-callthepolice.jpg\" class=\"attachment-full size-full\" alt=\"\" id=\"imageLove\" decoding=\"async\"  \/><\/p>\n<p id=\"breadcrumbs\"><a href=\"https:\/\/pokaa.fr\/\" rel=\"nofollow noopener\" target=\"_blank\">Accueil<\/a> \/ <a href=\"https:\/\/pokaa.fr\/categories\/actu\/\" rel=\"nofollow noopener\" target=\"_blank\">Info locale<\/a> \/ \u00ab Bloquons tout \u00bb : d\u00e8s aujourd\u2019hui, une grosse gr\u00e8ve CTS va chambouler Strasbourg<\/p>\n<p>                    Info locale<\/p>\n<p><b>Ce mercredi 10 septembre, c\u2019est le d\u00e9but du mouvement \u00ab Bloquons tout, indignons-nous \u00bb \u00e0 Strasbourg. Pour l\u2019occasion, un pr\u00e9avis de gr\u00e8ve nationale intersyndicale reconductible a \u00e9t\u00e9 d\u00e9pos\u00e9 \u00e0 la CTS, signifiant que la circulation des bus et trams du r\u00e9seau strasbourgeois va \u00eatre quelque peu chamboul\u00e9e.<\/b><\/p>\n<p class=\"p1\">Ce 10 septembre promet d\u2019\u00eatre agit\u00e9. Alors que des appels \u00e0 s\u2019indigner et \u00e0 tout bloquer en France comme \u00e0 Strasbourg se multiplient depuis quelques semaines \u00e0 cette date pr\u00e9cise, <b>une gr\u00e8ve de la CTS est \u00e9galement en cours depuis ce matin<\/b>.<\/p>\n<p>                <a href=\"https:\/\/pokaa.fr\/2025\/09\/07\/bloquons-tout-cest-quoi-ce-mouvement-qui-veut-bloquer-strasbourg-le-10-septembre\/\" rel=\"nofollow noopener\" target=\"_blank\"><br \/>\n                    <img width=\"405\" height=\"270\" src=\"https:\/\/www.europesays.com\/fr\/wp-content\/uploads\/2025\/09\/IMG_7879.jpg\" class=\"attachment-card-horizontal--same-subject size-card-horizontal--same-subject wp-post-image\" alt=\"\" decoding=\"async\" loading=\"lazy\"  \/>                <\/a><\/p>\n<p>Une gr\u00e8ve qui a pr\u00e9vu d\u2019\u00eatre reconductible entre le 10 et le 18 septembre, relevant de revendications nationales comme l\u2019abandon de la retraite \u00e0 64 ans, la justice fiscale, des moyens budg\u00e9taires \u00e0 la hauteur ou encore des mesures pour la transition \u00e9cologique et contre la pr\u00e9carit\u00e9. <b>En outre, \u00e0 Strasbourg, les revendications portent sur la d\u00e9gradation des conditions de travail<\/b>.<\/p>\n<p>    <img width=\"800\" height=\"533\" src=\"https:\/\/www.europesays.com\/fr\/wp-content\/uploads\/2025\/09\/dsc00032-800x533.jpg\" class=\"attachment-image-size-L size-image-size-L\" alt=\"tram porte de l\u2019h\u00f4pital\" decoding=\"async\" loading=\"lazy\"  \/>         \u00a9 Anthony Jilli \/ Pokaa <\/p>\n<p>Comment va-t-on pouvoir se d\u00e9placer \u00e0 Strasbourg ?<\/p>\n<p class=\"p1\">Cette premi\u00e8re journ\u00e9e de gr\u00e8ve du 10 septembre promet d\u2019\u00eatre bien suivie, <b>si l\u2019on en croit les pr\u00e9visions de circulation des trams et bus strasbourgeois, qui promet d\u2019\u00eatre perturb\u00e9e<\/b>. Dans le d\u00e9tail :<\/p>\n<ul class=\"ul1\">\n<li class=\"li4\">Les lignes de\u00a0<b>tram A, B, C et D<\/b>\u00a0circuleront toutes les 14 \u00e0 16 minutes environ.<\/li>\n<li class=\"li4\">Les lignes de\u00a0<b>tram E et F\u00a0<\/b>circuleront toutes les 20 \u00e0 30 minutes environ.<\/li>\n<\/ul>\n<p>    <img width=\"800\" height=\"533\" src=\"https:\/\/www.europesays.com\/fr\/wp-content\/uploads\/2025\/09\/dsc-0716-800x533.jpg\" class=\"attachment-image-size-L size-image-size-L\" alt=\"Tram Anouk Ricard 4\" decoding=\"async\" loading=\"lazy\"  \/>         \u00a9 Alice Kiefer \/ Pokaa <\/p>\n<p class=\"p6\">Pour les bus, cela se passera comme \u00e7a :<\/p>\n<ul class=\"ul1\">\n<li class=\"li4\">La ligne <b>G<\/b>\u00a0circulera toutes les 10 \u00e0 14 minutes environ.<\/li>\n<li class=\"li4\">La ligne <b>H<\/b>\u00a0circulera toutes les\u00a010 \u00e0 15 minutes environ.<\/li>\n<li class=\"li4\">La ligne <b>C1<\/b>\u00a0circulera toutes les 11 \u00e0 15 minutes environ.<\/li>\n<li class=\"li4\">La ligne <b>C3<\/b>\u00a0circulera toutes les 12 \u00e0 15 minutes environ.<\/li>\n<li class=\"li4\">La ligne <b>C6<\/b>\u00a0circulera toutes les 12 \u00e0 15 minutes environ.<\/li>\n<li class=\"li4\">La ligne <b>C7<\/b>\u00a0circulera toutes les 15 minutes environ de Baggersee \u00e0 Neuhof Lucie Aubrac, desserte du Port Autonome Sud toutes les 30 minutes environ.<\/li>\n<li class=\"li4\">La ligne <b>C8<\/b>\u00a0circulera toutes les 12 \u00e0 15 minutes environ.<\/li>\n<li class=\"li4\">La ligne <b>C9<\/b> circulera toutes les 12 \u00e0 15 minutes environ entre Les Halles et Fort Desaix. Desserte de Hoenheim Gare et de Vendenheim Gare toutes les 25 \u00e0 30 minutes environ.<\/li>\n<\/ul>\n<p class=\"p6\">Pour conna\u00eetre le reste des perturbations, <a href=\"https:\/\/cts-strasbourg.eu\/fr\/Article\/PREAVIS-DE-GREVE-RECONDUCTIBLE\/\" target=\"_blank\" rel=\"noopener nofollow\">direction cette page<\/a>. Enfin, ce qui change avec cette gr\u00e8ve, <b>c\u2019est qu\u2019elle est reconductible jusqu\u2019au 18 septembre inclus<\/b>. Concr\u00e8tement, toutes les pr\u00e9visions de trafic seront disponibles 36h \u00e0 l\u2019avance !<\/p>\n<p>    <img width=\"800\" height=\"457\" src=\"https:\/\/www.europesays.com\/fr\/wp-content\/uploads\/2025\/09\/1234-800x457.png\" class=\"attachment-image-size-L size-image-size-L\" alt=\"bus remplacement gal\u00e8re CTS\" decoding=\"async\" loading=\"lazy\"  \/>         \u00a9 Anthony Jilli \/ Pokaa <\/p>\n","protected":false},"excerpt":{"rendered":"Accueil \/ Info locale \/ \u00ab Bloquons tout \u00bb : d\u00e8s aujourd\u2019hui, une grosse gr\u00e8ve CTS va chambouler&hellip;\n","protected":false},"author":2,"featured_media":379051,"comment_status":"","ping_status":"","sticky":false,"template":"","format":"standard","meta":{"footnotes":""},"categories":[2820],"tags":[48300,1111,11,7048,29220,1777,674,1011,27,775,6151,12,25,640,2221],"class_list":{"0":"post-379050","1":"post","2":"type-post","3":"status-publish","4":"format-standard","5":"has-post-thumbnail","7":"category-strasbourg","8":"tag-10-septembre","9":"tag-actu","10":"tag-actualites","11":"tag-bus","12":"tag-cts","13":"tag-eu","14":"tag-europe","15":"tag-fr","16":"tag-france","17":"tag-grand-est","18":"tag-greve","19":"tag-news","20":"tag-republique-francaise","21":"tag-strasbourg","22":"tag-tram"},"share_on_mastodon":{"url":"https:\/\/pubeurope.com\/@fr\/115177292495952400","error":""},"_links":{"self":[{"href":"https:\/\/www.europesays.com\/fr\/wp-json\/wp\/v2\/posts\/379050","targetHints":{"allow":["GET"]}}],"collection":[{"href":"https:\/\/www.europesays.com\/fr\/wp-json\/wp\/v2\/posts"}],"about":[{"href":"https:\/\/www.europesays.com\/fr\/wp-json\/wp\/v2\/types\/post"}],"author":[{"embeddable":true,"href":"https:\/\/www.europesays.com\/fr\/wp-json\/wp\/v2\/users\/2"}],"replies":[{"embeddable":true,"href":"https:\/\/www.europesays.com\/fr\/wp-json\/wp\/v2\/comments?post=379050"}],"version-history":[{"count":0,"href":"https:\/\/www.europesays.com\/fr\/wp-json\/wp\/v2\/posts\/379050\/revisions"}],"wp:featuredmedia":[{"embeddable":true,"href":"https:\/\/www.europesays.com\/fr\/wp-json\/wp\/v2\/media\/379051"}],"wp:attachment":[{"href":"https:\/\/www.europesays.com\/fr\/wp-json\/wp\/v2\/media?parent=379050"}],"wp:term":[{"taxonomy":"category","embeddable":true,"href":"https:\/\/www.europesays.com\/fr\/wp-json\/wp\/v2\/categories?post=379050"},{"taxonomy":"post_tag","embeddable":true,"href":"https:\/\/www.europesays.com\/fr\/wp-json\/wp\/v2\/tags?post=379050"}],"curies":[{"name":"wp","href":"https:\/\/api.w.org\/{rel}","templated":true}]}}