{"id":379054,"date":"2025-09-10T01:00:19","date_gmt":"2025-09-10T01:00:19","guid":{"rendered":"https:\/\/www.europesays.com\/fr\/379054\/"},"modified":"2025-09-10T01:00:19","modified_gmt":"2025-09-10T01:00:19","slug":"deux-americaines-se-trompent-de-vol-et-leur-mesaventure-devient-virale-sur-tiktok","status":"publish","type":"post","link":"https:\/\/www.europesays.com\/fr\/379054\/","title":{"rendered":"deux am\u00e9ricaines se trompent de vol et leur m\u00e9saventure devient virale sur TikTok"},"content":{"rendered":"<p class=\"article-p mdl\">Une m\u00e9saventure visionn\u00e9e par plus de 26 millions de personnes sur TikTok. Deux am\u00e9ricaines ont manqu\u00e9 leur avion pour Nice en France, le samedi 6 septembre 2025. Jusqu&rsquo;ici, il s&rsquo;agit d&rsquo;une d\u00e9convenue malheureusement banale. Mais, l&rsquo;histoire ne se cantonne pas \u00e0 cela. Ces touristes se sont rendues \u00e0 Tunis, en Tunisie. Une erreur due \u00e0 une mauvaise compr\u00e9hension puisque les deux touristes se sont retrouv\u00e9es \u00e0 Tunis&#8230;\u00a0au lieu de Nice.\u00a0<\/p>\n<p class=\"article-p mdl\"><strong>Que s&rsquo;est-il pass\u00e9 ? <\/strong>Initialement en vacances \u00e0 Naples, leur train en direction de Rome a pris du retard. Les deux femmes ne seraient pas arriv\u00e9es \u00e0 temps pour monter dans leur avion, en direction de la French Riviera.\u00a0\u00c0 l&rsquo;a\u00e9roport de Rome, elles se sont pr\u00e9sent\u00e9es au comptoir de leur compagnie a\u00e9rienne. Cette derni\u00e8re leur a signifi\u00e9 qu&rsquo;aucun vol n&rsquo;\u00e9tait disponible pour la baie des Anges et leur a conseill\u00e9 de se tourner vers une autre compagnie pour se rendre \u00e0 Nice.\u00a0\u00a0<\/p>\n<p class=\"article-p mdl\">Les deux am\u00e9ricaines se sont alors ex\u00e9cut\u00e9es et c&rsquo;est lors de l&rsquo;achat de leurs billets que le quiproquo s&rsquo;est produit : l&#8217;employ\u00e9 a simplement entendu\u00a0\u00ab\u00a0Tunis\u00a0\u00bb, au lieu de \u00ab\u00a0To Nice\u00a0\u00bb.<\/p>\n<p class=\"article-p mdl\">Rapidement, les deux jeunes femmes ont post\u00e9 leur m\u00e9saventure sur TikTok : \u00ab\u00a0Le moment o\u00f9 nous avons pris conscience que nous \u00e9tions dans le mauvais vol en direction de Tunis, Afrique et non Nice, France\u00a0\u00bb, a \u00e9crit l&rsquo;une d&rsquo;entre elles, en l\u00e9gende de la vid\u00e9o. Dans cet extrait, les deux femmes ont interpell\u00e9 une passag\u00e8re qui leur a annonc\u00e9 la \u00ab\u00a0mauvaise nouvelle\u00a0\u00bb : \u00ab\u00a0<strong>Is this going to Nice ?<\/strong>\u00a0\u00bb (est-ce que l&rsquo;avion va \u00e0 Nice ?),<strong> \u00ab\u00a0Tunis, yeah [&#8230;] in Tunisia\u00a0\u00bb<\/strong> (Tunis, oui, en Tunisie), a r\u00e9torqu\u00e9 la passag\u00e8re.\u00a0<\/p>\n<blockquote class=\"tiktok-embed\" cite=\"https:\/\/www.tiktok.com\/@brittneydzialo_\/video\/7547316930995031309\" data-video-id=\"7547316930995031309\" style=\"max-width: 605px;min-width: 325px;\"><p>  <a target=\"_blank\" title=\"@brittneydzialo_\" href=\"https:\/\/www.tiktok.com\/@brittneydzialo_?refer=embed\" rel=\"noopener\">@brittneydzialo_<\/a> <\/p>\n<p>jet2holiday <\/p>\n<p> <a target=\"_blank\" title=\"\u266c original sound - Brittney Dzialo\" href=\"https:\/\/www.tiktok.com\/music\/original-sound-7547317205940177678?refer=embed\" rel=\"noopener\">\u266c original sound &#8211; Brittney Dzialo<\/a>  <\/p><\/blockquote>\n<p>    Tunis ou Nice ?<\/p>\n<p class=\"article-p mdl\">Entre hilarit\u00e9 et stresse, les deux touristes semblaient surprises de vivre un tel \u00e9v\u00e9nement. Apr\u00e8s avoir pris connaissance de cette erreur, Brittney et son amie ont demand\u00e9 \u00e0 quitter l&rsquo;avion, mais il \u00e9tait d\u00e9j\u00e0 trop tard.\u00a0<\/p>\n<p class=\"article-p mdl\">En effet, dans la vid\u00e9o post\u00e9e sur TikTok, le pilote les a inform\u00e9es qu&rsquo;elles pourraient changer d&rsquo;avion, une fois arriv\u00e9e \u00e0 Tunis. L&rsquo;avion \u00e9tant pr\u00eat \u00e0 d\u00e9coller, <strong>il \u00e9tait d\u00e9sormais impossible d&rsquo;en descendre<\/strong>.\u00a0<\/p>\n<p>            Des vid\u00e9os et des pol\u00e9miques<\/p>\n<p class=\"article-p mdl\">Ne sachant pas placer Tunis sur une carte comme elle le souligne dans l&rsquo;un des extraits, l&rsquo;attitude des deux femmes a fortement d\u00e9plu et agac\u00e9 les internautes. En l\u00e9gende d&rsquo;une des vid\u00e9os retra\u00e7ant leur p\u00e9riple, les Am\u00e9ricaines ont \u00e9crit :<strong> \u00ab\u00a0Bien arriv\u00e9es en Afrique\u00a0\u00bb<\/strong>. Une phrase qui a \u00e9t\u00e9 per\u00e7ue comme \u00e9tant sarcastique par les internautes : \u00ab\u00a0Tunis est en Tunisie,<strong> l&rsquo;Afrique n&rsquo;est pas un pays<\/strong>\u00ab\u00a0, leur a notifi\u00e9 l&rsquo;un d&rsquo;entre eux.\u00a0<\/p>\n<p class=\"article-p mdl\">Tout est bien qui finit bien. Les deux femmes ont indiqu\u00e9 sur TikTok avoir trouv\u00e9 une solution pour rejoindre l&rsquo;a\u00e9roport de Nice. Mais, selon elles, leur m\u00e9saventure serait due \u00e0 l&rsquo;anglais soi-disant approximatif de certains employ\u00e9s de l&rsquo;a\u00e9roport de Tunis.\u00a0<\/p>\n<p class=\"article-p mdl\">Toujours dans une vid\u00e9o post\u00e9e, l&rsquo;une des deux touristes a qualifi\u00e9 l&rsquo;exp\u00e9rience comme \u00e9tant \u00ab\u00a0la plus horrible de [sa] vie\u00a0\u00bb : \u00ab\u00a0Les gars, nous avons r\u00e9ussi. Je ne sais pas comment nous avons fait, <strong>particuli\u00e8rement dans un pays o\u00f9 ils ne comprennent pas l&rsquo;anglais<\/strong>. Je ne souhaite \u00e7a \u00e0 personne, m\u00eame \u00e0 un de mes ennemis\u00a0\u00bb. Nombreux sont les internautes \u00e0 souligner que tous les \u00e9changes se sont d\u00e9roul\u00e9s en anglais.<\/p>\n<p>    La r\u00e9daction vous recommande<\/p>\n<p class=\"s-newsletter__title\">\n                L\u2019actualit\u00e9 par la r\u00e9daction de RTL dans votre bo\u00eete mail.\n            <\/p>\n<p class=\"s-newsletter__subtitle\">\n                Gr\u00e2ce \u00e0 votre compte RTL abonnez-vous \u00e0 la newsletter RTL info pour suivre toute l&rsquo;actualit\u00e9 au quotidien\n            <\/p>\n<p>\n                                    Lire la suite\n                                <\/p>\n<p>                            <script async src=\"\/\/www.tiktok.com\/embed.js\"><\/script><\/p>\n","protected":false},"excerpt":{"rendered":"Une m\u00e9saventure visionn\u00e9e par plus de 26 millions de personnes sur TikTok. Deux am\u00e9ricaines ont manqu\u00e9 leur avion&hellip;\n","protected":false},"author":2,"featured_media":379055,"comment_status":"","ping_status":"","sticky":false,"template":"","format":"standard","meta":{"footnotes":""},"categories":[2819],"tags":[1111,11,1777,674,107,1011,27,1757,12,2401,882,25,2439,2028],"class_list":{"0":"post-379054","1":"post","2":"type-post","3":"status-publish","4":"format-standard","5":"has-post-thumbnail","7":"category-nice","8":"tag-actu","9":"tag-actualites","10":"tag-eu","11":"tag-europe","12":"tag-fil-info","13":"tag-fr","14":"tag-france","15":"tag-insolite","16":"tag-news","17":"tag-nice","18":"tag-provence-alpes-cote-dazur","19":"tag-republique-francaise","20":"tag-tiktok","21":"tag-tunisie"},"share_on_mastodon":{"url":"https:\/\/pubeurope.com\/@fr\/115177299890630369","error":""},"_links":{"self":[{"href":"https:\/\/www.europesays.com\/fr\/wp-json\/wp\/v2\/posts\/379054","targetHints":{"allow":["GET"]}}],"collection":[{"href":"https:\/\/www.europesays.com\/fr\/wp-json\/wp\/v2\/posts"}],"about":[{"href":"https:\/\/www.europesays.com\/fr\/wp-json\/wp\/v2\/types\/post"}],"author":[{"embeddable":true,"href":"https:\/\/www.europesays.com\/fr\/wp-json\/wp\/v2\/users\/2"}],"replies":[{"embeddable":true,"href":"https:\/\/www.europesays.com\/fr\/wp-json\/wp\/v2\/comments?post=379054"}],"version-history":[{"count":0,"href":"https:\/\/www.europesays.com\/fr\/wp-json\/wp\/v2\/posts\/379054\/revisions"}],"wp:featuredmedia":[{"embeddable":true,"href":"https:\/\/www.europesays.com\/fr\/wp-json\/wp\/v2\/media\/379055"}],"wp:attachment":[{"href":"https:\/\/www.europesays.com\/fr\/wp-json\/wp\/v2\/media?parent=379054"}],"wp:term":[{"taxonomy":"category","embeddable":true,"href":"https:\/\/www.europesays.com\/fr\/wp-json\/wp\/v2\/categories?post=379054"},{"taxonomy":"post_tag","embeddable":true,"href":"https:\/\/www.europesays.com\/fr\/wp-json\/wp\/v2\/tags?post=379054"}],"curies":[{"name":"wp","href":"https:\/\/api.w.org\/{rel}","templated":true}]}}