{"id":379063,"date":"2025-09-10T01:06:11","date_gmt":"2025-09-10T01:06:11","guid":{"rendered":"https:\/\/www.europesays.com\/fr\/379063\/"},"modified":"2025-09-10T01:06:11","modified_gmt":"2025-09-10T01:06:11","slug":"scopea-integre-le-groupe-belge-dynapps","status":"publish","type":"post","link":"https:\/\/www.europesays.com\/fr\/379063\/","title":{"rendered":"Scop\u00e9a int\u00e8gre le groupe belge Dynapps"},"content":{"rendered":"<p>L\u2019entreprise Scop\u00e9a disposant d\u2019une antenne \u00e0 Bayonne vient d&rsquo;\u00eatre rachet\u00e9e par le groupe belge Dynapps, premier int\u00e9grateur mondial de la solution ERP Odoo. Une op\u00e9ration qui ouvre de nouvelles perspectives pour l\u2019\u00e9quipe locale.<\/p>\n<p>Implant\u00e9e au Pays basque, Scop\u00e9a s\u2019occupe de l\u2019accompagnement des PME et ETI dans le d\u00e9ploiement de l\u2019ERP Odoo. Avec ce rapprochement, l\u2019entreprise devient Dynapps France et rejoint un r\u00e9seau international pr\u00e9sent dans quatre pays et sept implantations. <\/p>\n<p>L\u2019expertise locale et la proximit\u00e9 clients pr\u00e9serv\u00e9es <\/p>\n<p>\u00c0 Bayonne, comme pour l\u2019ensemble des 30 collaborateurs de Scop\u00e9a en France, l\u2019\u00e9quipe est int\u00e9gr\u00e9e au groupe mais conserve son organisation et son management. \u00ab Nous franchissons une \u00e9tape structurante, tout en conservant notre force : l\u2019expertise locale et la proximit\u00e9 client \u00bb   , assure William Olhasque, CEO de Scop\u00e9a.  <\/p>\n<p>Un march\u00e9 en pleine consolidation <\/p>\n<p>Pour Dynapps, ce rachat s\u2019inscrit dans une strat\u00e9gie de croissance europ\u00e9enne sur un march\u00e9 en forte expansion. L\u2019ERP Odoo revendique d\u00e9j\u00e0 13 millions d\u2019utilisateurs dans le monde et plus de 8 000 partenaires. En 2024, Dynapps a r\u00e9alis\u00e9 22 millions d\u2019euros de chiffre d\u2019affaires, en progression de 57 %. \u00ab Scop\u00e9a avait tout ce que nous recherchions : des talents, une base client fid\u00e8le et une expertise reconnue \u00bb,\u00a0 \u00a0 souligne Beau Osselaere, CEO du groupe belge. <\/p>\n","protected":false},"excerpt":{"rendered":"L\u2019entreprise Scop\u00e9a disposant d\u2019une antenne \u00e0 Bayonne vient d&rsquo;\u00eatre rachet\u00e9e par le groupe belge Dynapps, premier int\u00e9grateur mondial&hellip;\n","protected":false},"author":2,"featured_media":379064,"comment_status":"","ping_status":"","sticky":false,"template":"","format":"standard","meta":{"footnotes":""},"categories":[2816],"tags":[1111,11,1777,674,1011,27,12,2680,5645,25,2312],"class_list":{"0":"post-379063","1":"post","2":"type-post","3":"status-publish","4":"format-standard","5":"has-post-thumbnail","7":"category-toulouse","8":"tag-actu","9":"tag-actualites","10":"tag-eu","11":"tag-europe","12":"tag-fr","13":"tag-france","14":"tag-news","15":"tag-occitanie","16":"tag-placco-placeco","17":"tag-republique-francaise","18":"tag-toulouse"},"share_on_mastodon":{"url":"https:\/\/pubeurope.com\/@fr\/115177323693161882","error":""},"_links":{"self":[{"href":"https:\/\/www.europesays.com\/fr\/wp-json\/wp\/v2\/posts\/379063","targetHints":{"allow":["GET"]}}],"collection":[{"href":"https:\/\/www.europesays.com\/fr\/wp-json\/wp\/v2\/posts"}],"about":[{"href":"https:\/\/www.europesays.com\/fr\/wp-json\/wp\/v2\/types\/post"}],"author":[{"embeddable":true,"href":"https:\/\/www.europesays.com\/fr\/wp-json\/wp\/v2\/users\/2"}],"replies":[{"embeddable":true,"href":"https:\/\/www.europesays.com\/fr\/wp-json\/wp\/v2\/comments?post=379063"}],"version-history":[{"count":0,"href":"https:\/\/www.europesays.com\/fr\/wp-json\/wp\/v2\/posts\/379063\/revisions"}],"wp:featuredmedia":[{"embeddable":true,"href":"https:\/\/www.europesays.com\/fr\/wp-json\/wp\/v2\/media\/379064"}],"wp:attachment":[{"href":"https:\/\/www.europesays.com\/fr\/wp-json\/wp\/v2\/media?parent=379063"}],"wp:term":[{"taxonomy":"category","embeddable":true,"href":"https:\/\/www.europesays.com\/fr\/wp-json\/wp\/v2\/categories?post=379063"},{"taxonomy":"post_tag","embeddable":true,"href":"https:\/\/www.europesays.com\/fr\/wp-json\/wp\/v2\/tags?post=379063"}],"curies":[{"name":"wp","href":"https:\/\/api.w.org\/{rel}","templated":true}]}}