{"id":379067,"date":"2025-09-10T01:09:14","date_gmt":"2025-09-10T01:09:14","guid":{"rendered":"https:\/\/www.europesays.com\/fr\/379067\/"},"modified":"2025-09-10T01:09:14","modified_gmt":"2025-09-10T01:09:14","slug":"un-bouchon-monstre-a-la-sortie-de-lille-apres-un-accident-entre-quatre-vehicules","status":"publish","type":"post","link":"https:\/\/www.europesays.com\/fr\/379067\/","title":{"rendered":"un bouchon monstre \u00e0 la sortie de Lille apr\u00e8s un accident entre quatre v\u00e9hicules"},"content":{"rendered":"<p>            Par<br \/>\n        <strong><br \/>\n            <a href=\"https:\/\/actu.fr\/auteur\/nicolas-demollien\" title=\"Consulter tous les articles de Nicolas Demollien\" target=\"_blank\" rel=\"noopener\">Nicolas Demollien<\/a><br \/>\n        <\/strong><\/p>\n<p>        Publi\u00e9 le<\/p>\n<p>            9 sept. 2025 \u00e0 18h38        <\/p>\n<p>Il va falloir prendre son mal en patience si vous devez emprunter l\u2019<a href=\"https:\/\/actu.fr\/tag\/autoroute-1-a1\" target=\"_blank\" rel=\"noopener\">autoroute A1<\/a> ce mardi 9 septembre 2025. Un <b>\u00e9norme bouchon<\/b> s\u2019est en effet form\u00e9 \u00e0 la sortie de <a href=\"https:\/\/actu.fr\/hauts-de-france\/lille_59350\" target=\"_blank\" rel=\"noopener\">Lille<\/a> (Nord) apr\u00e8s un <a href=\"https:\/\/actu.fr\/tag\/accident\" target=\"_blank\" rel=\"noopener\">accident<\/a> impliquant <b>quatre v\u00e9hicules<\/b>.<\/p>\n<p>Un \u00e9norme bouchon de Lille \u00e0 Seclin sur l\u2019autoroute A1<\/p>\n<p class=\" wall-content\">Il \u00e9tait peu apr\u00e8s 18h lorsque le choc s\u2019est produit \u00e0 hauteur de <a href=\"https:\/\/actu.fr\/hauts-de-france\/seclin_59560\" target=\"_blank\" rel=\"noopener\">Seclin<\/a>, dans le <b>sens Lille \u2013 Paris<\/b>. Nous ignorons si l\u2019accident a fait des bless\u00e9s. Une chose est s\u00fbre, la <a href=\"https:\/\/actu.fr\/tag\/circulation\" target=\"_blank\" rel=\"noopener\">circulation<\/a> est tr\u00e8s perturb\u00e9e.<\/p>\n<p class=\" wall-content\">\u00ab\u00a0La <b>voie de gauche est neutralis\u00e9e<\/b>, un\u00a0<b>bouchon de 10 km<\/b> s\u2019est form\u00e9 de Lille \u00e0 Seclin\u00a0\u00bb, confirme-t-on du c\u00f4t\u00e9 de la pr\u00e9fecture.<\/p>\n<p class=\" wall-content\">Peu avant 19h, la voie de gauche a pu \u00eatre lib\u00e9r\u00e9e. Le bouchon \u00ab\u00a0est en cours de r\u00e9sorption\u00a0\u00bb. Il est cependant recommand\u00e9 de rester prudent.<\/p>\n<p class=\" wall-content\">Personnalisez votre actualit\u00e9 en ajoutant vos villes et m\u00e9dias en favori avec <a href=\"https:\/\/moncompte.actu.fr\" title=\"D\u00e9couvez Mon Actu\" rel=\"nofollow noopener\" data-trk=\"{&quot;cta&quot;:{&quot;action&quot;:&quot;https:\\\/\\\/moncompte.actu.fr&quot;,&quot;category&quot;:&quot;mon compte&quot;,&quot;from&quot;:&quot;article footer&quot;,&quot;name&quot;:&quot;Mon actu&quot;,&quot;type&quot;:&quot;cta&quot;}}\" target=\"_blank\">Mon Actu<\/a>.<\/p>\n","protected":false},"excerpt":{"rendered":"Par Nicolas Demollien Publi\u00e9 le 9 sept. 2025 \u00e0 18h38 Il va falloir prendre son mal en patience&hellip;\n","protected":false},"author":2,"featured_media":379068,"comment_status":"","ping_status":"","sticky":false,"template":"","format":"standard","meta":{"footnotes":""},"categories":[2815],"tags":[119,1111,11,9904,3542,1777,674,118,1011,27,811,1307,12,25],"class_list":{"0":"post-379067","1":"post","2":"type-post","3":"status-publish","4":"format-standard","5":"has-post-thumbnail","7":"category-lille","8":"tag-accident","9":"tag-actu","10":"tag-actualites","11":"tag-autoroute-1-a1","12":"tag-circulation","13":"tag-eu","14":"tag-europe","15":"tag-faits-divers","16":"tag-fr","17":"tag-france","18":"tag-hauts-de-france","19":"tag-lille","20":"tag-news","21":"tag-republique-francaise"},"share_on_mastodon":{"url":"https:\/\/pubeurope.com\/@fr\/115177335258120764","error":""},"_links":{"self":[{"href":"https:\/\/www.europesays.com\/fr\/wp-json\/wp\/v2\/posts\/379067","targetHints":{"allow":["GET"]}}],"collection":[{"href":"https:\/\/www.europesays.com\/fr\/wp-json\/wp\/v2\/posts"}],"about":[{"href":"https:\/\/www.europesays.com\/fr\/wp-json\/wp\/v2\/types\/post"}],"author":[{"embeddable":true,"href":"https:\/\/www.europesays.com\/fr\/wp-json\/wp\/v2\/users\/2"}],"replies":[{"embeddable":true,"href":"https:\/\/www.europesays.com\/fr\/wp-json\/wp\/v2\/comments?post=379067"}],"version-history":[{"count":0,"href":"https:\/\/www.europesays.com\/fr\/wp-json\/wp\/v2\/posts\/379067\/revisions"}],"wp:featuredmedia":[{"embeddable":true,"href":"https:\/\/www.europesays.com\/fr\/wp-json\/wp\/v2\/media\/379068"}],"wp:attachment":[{"href":"https:\/\/www.europesays.com\/fr\/wp-json\/wp\/v2\/media?parent=379067"}],"wp:term":[{"taxonomy":"category","embeddable":true,"href":"https:\/\/www.europesays.com\/fr\/wp-json\/wp\/v2\/categories?post=379067"},{"taxonomy":"post_tag","embeddable":true,"href":"https:\/\/www.europesays.com\/fr\/wp-json\/wp\/v2\/tags?post=379067"}],"curies":[{"name":"wp","href":"https:\/\/api.w.org\/{rel}","templated":true}]}}