{"id":379069,"date":"2025-09-10T01:10:14","date_gmt":"2025-09-10T01:10:14","guid":{"rendered":"https:\/\/www.europesays.com\/fr\/379069\/"},"modified":"2025-09-10T01:10:14","modified_gmt":"2025-09-10T01:10:14","slug":"la-circulation-est-completement-saturee-aux-entrees-nord-a7-et-a51-de-marseille","status":"publish","type":"post","link":"https:\/\/www.europesays.com\/fr\/379069\/","title":{"rendered":"la circulation est compl\u00e8tement satur\u00e9e aux entr\u00e9es nord (A7 et A51) de Marseille"},"content":{"rendered":"<p>Dans le secteur de Saint-Antoine, sur l&rsquo;<a href=\"https:\/\/www.laprovence.com\/article\/societe\/1347931366064514\/info-trafic-la-l2-fermee-dans-les-deux-sens-a-marseille-en-raison-dun-probleme-technique\" target=\"_blank\" rel=\"nofollow noopener\">autoroute A7<\/a> et \u00e0 l&rsquo;entr\u00e9e de Marseille, un accident a eu lieu dans la zone o\u00f9 des travaux sont en cours. Deux voitures sont impliqu\u00e9es, les pompiers des Bouches-du-Rh\u00f4ne et la Direction interd\u00e9partementale des routes de M\u00e9diterran\u00e9e (Dirmed) sont dans le secteur.<\/p>\n<p>Si tous les v\u00e9hicules li\u00e9s \u00e0 l&rsquo;accident sont en dehors de la chauss\u00e9e o\u00f9 l&rsquo;on circule, la curiosit\u00e9 des automobilistes provoque des bouchons importants.<\/p>\n<p>Sur l&rsquo;A51 o\u00f9 la retenue remonte au-del\u00e0 de Plan de Campagne. Sur l&rsquo;A7, c&rsquo;est aux Pennes-Mirabeau que commence le pare-chocs contre pare-chocs. Par ricochet, des voies de Plan de Campagne sont aussi embouteill\u00e9es. Tous ces secteurs sont \u00e0 \u00e9viter.<\/p>\n","protected":false},"excerpt":{"rendered":"Dans le secteur de Saint-Antoine, sur l&rsquo;autoroute A7 et \u00e0 l&rsquo;entr\u00e9e de Marseille, un accident a eu lieu&hellip;\n","protected":false},"author":2,"featured_media":379070,"comment_status":"","ping_status":"","sticky":false,"template":"","format":"standard","meta":{"footnotes":""},"categories":[2814],"tags":[17,1111,11,1007,1102,3542,14169,932,1777,674,274,1011,27,1922,884,12,882,25,25546,1097],"class_list":{"0":"post-379069","1":"post","2":"type-post","3":"status-publish","4":"format-standard","5":"has-post-thumbnail","7":"category-marseille","8":"tag-17","9":"tag-actu","10":"tag-actualites","11":"tag-aux","12":"tag-breakingnews","13":"tag-circulation","14":"tag-completement","15":"tag-est","16":"tag-eu","17":"tag-europe","18":"tag-faits-divers-justice","19":"tag-fr","20":"tag-france","21":"tag-info","22":"tag-marseille","23":"tag-news","24":"tag-provence-alpes-cote-dazur","25":"tag-republique-francaise","26":"tag-saturee","27":"tag-trafic"},"share_on_mastodon":{"url":"https:\/\/pubeurope.com\/@fr\/115177339401716379","error":""},"_links":{"self":[{"href":"https:\/\/www.europesays.com\/fr\/wp-json\/wp\/v2\/posts\/379069","targetHints":{"allow":["GET"]}}],"collection":[{"href":"https:\/\/www.europesays.com\/fr\/wp-json\/wp\/v2\/posts"}],"about":[{"href":"https:\/\/www.europesays.com\/fr\/wp-json\/wp\/v2\/types\/post"}],"author":[{"embeddable":true,"href":"https:\/\/www.europesays.com\/fr\/wp-json\/wp\/v2\/users\/2"}],"replies":[{"embeddable":true,"href":"https:\/\/www.europesays.com\/fr\/wp-json\/wp\/v2\/comments?post=379069"}],"version-history":[{"count":0,"href":"https:\/\/www.europesays.com\/fr\/wp-json\/wp\/v2\/posts\/379069\/revisions"}],"wp:featuredmedia":[{"embeddable":true,"href":"https:\/\/www.europesays.com\/fr\/wp-json\/wp\/v2\/media\/379070"}],"wp:attachment":[{"href":"https:\/\/www.europesays.com\/fr\/wp-json\/wp\/v2\/media?parent=379069"}],"wp:term":[{"taxonomy":"category","embeddable":true,"href":"https:\/\/www.europesays.com\/fr\/wp-json\/wp\/v2\/categories?post=379069"},{"taxonomy":"post_tag","embeddable":true,"href":"https:\/\/www.europesays.com\/fr\/wp-json\/wp\/v2\/tags?post=379069"}],"curies":[{"name":"wp","href":"https:\/\/api.w.org\/{rel}","templated":true}]}}