{"id":379073,"date":"2025-09-10T01:12:10","date_gmt":"2025-09-10T01:12:10","guid":{"rendered":"https:\/\/www.europesays.com\/fr\/379073\/"},"modified":"2025-09-10T01:12:10","modified_gmt":"2025-09-10T01:12:10","slug":"previsions-du-mercredi-10-septembre-2025-10","status":"publish","type":"post","link":"https:\/\/www.europesays.com\/fr\/379073\/","title":{"rendered":"pr\u00e9visions du mercredi 10 septembre 2025"},"content":{"rendered":"<p>Aujourd&rsquo;hui, le vent va peu \u00e0 peu chasser les nuages \u00e0 Lyon. On pr\u00e9voit des temp\u00e9ratures d&rsquo;environ 19\u00b0C. Le matin, une modeste brise de nord sera ressentie par les habitants. La m\u00e9t\u00e9o va se r\u00e9chauffer l&rsquo;apr\u00e8s-midi avec une hausse de plusieurs degr\u00e9s. Les valeurs s&rsquo;\u00e9chelonneront entre 22 et 24\u00b0C. Le ciel va s&rsquo;\u00e9claircir au cours de la soir\u00e9e. Durant la nuit de mercredi \u00e0 jeudi, le ciel sera d\u00e9pourvu de nuages.<\/p>\n<p>Demain, le soleil va progressivement se substituer aux nuages \u00e0 Lyon. Il fera environ 19\u00b0C. Un vent de nord-ouest rafra\u00eechira sensiblement l&rsquo;atmosph\u00e8re. Il va faire 18\u00b0C en moyenne le matin. Un temps plus chaud est \u00e0 pr\u00e9voir demain apr\u00e8s-midi \u00e9tant donn\u00e9 que les temp\u00e9ratures vont conna\u00eetre une augmentation. Les valeurs iront de 21 \u00e0 23\u00b0C. La m\u00e9t\u00e9o devrait s&rsquo;am\u00e9liorer durant la soir\u00e9e. Les temp\u00e9ratures tourneront autour des 19\u00b0C.<\/p>\n<p>Les jours se suivent et ne changent pas. Il fera 20\u00b0C en moyenne pour des journ\u00e9es avec une m\u00e9t\u00e9o ensoleill\u00e9e.<\/p>\n<p><\/p>\n","protected":false},"excerpt":{"rendered":"Aujourd&rsquo;hui, le vent va peu \u00e0 peu chasser les nuages \u00e0 Lyon. On pr\u00e9voit des temp\u00e9ratures d&rsquo;environ 19\u00b0C.&hellip;\n","protected":false},"author":2,"featured_media":379074,"comment_status":"","ping_status":"","sticky":false,"template":"","format":"standard","meta":{"footnotes":""},"categories":[1889],"tags":[1111,11,2430,1777,674,1011,27,2428,12,2119,25,2429,2431],"class_list":{"0":"post-379073","1":"post","2":"type-post","3":"status-publish","4":"format-standard","5":"has-post-thumbnail","7":"category-lyon","8":"tag-actu","9":"tag-actualites","10":"tag-auvergne-rhone-alpes","11":"tag-eu","12":"tag-europe","13":"tag-fr","14":"tag-france","15":"tag-lyon","16":"tag-news","17":"tag-previsions-meteo","18":"tag-republique-francaise","19":"tag-rhone","20":"tag-rhone-alpes"},"share_on_mastodon":{"url":"https:\/\/pubeurope.com\/@fr\/115177347051109088","error":""},"_links":{"self":[{"href":"https:\/\/www.europesays.com\/fr\/wp-json\/wp\/v2\/posts\/379073","targetHints":{"allow":["GET"]}}],"collection":[{"href":"https:\/\/www.europesays.com\/fr\/wp-json\/wp\/v2\/posts"}],"about":[{"href":"https:\/\/www.europesays.com\/fr\/wp-json\/wp\/v2\/types\/post"}],"author":[{"embeddable":true,"href":"https:\/\/www.europesays.com\/fr\/wp-json\/wp\/v2\/users\/2"}],"replies":[{"embeddable":true,"href":"https:\/\/www.europesays.com\/fr\/wp-json\/wp\/v2\/comments?post=379073"}],"version-history":[{"count":0,"href":"https:\/\/www.europesays.com\/fr\/wp-json\/wp\/v2\/posts\/379073\/revisions"}],"wp:featuredmedia":[{"embeddable":true,"href":"https:\/\/www.europesays.com\/fr\/wp-json\/wp\/v2\/media\/379074"}],"wp:attachment":[{"href":"https:\/\/www.europesays.com\/fr\/wp-json\/wp\/v2\/media?parent=379073"}],"wp:term":[{"taxonomy":"category","embeddable":true,"href":"https:\/\/www.europesays.com\/fr\/wp-json\/wp\/v2\/categories?post=379073"},{"taxonomy":"post_tag","embeddable":true,"href":"https:\/\/www.europesays.com\/fr\/wp-json\/wp\/v2\/tags?post=379073"}],"curies":[{"name":"wp","href":"https:\/\/api.w.org\/{rel}","templated":true}]}}