{"id":379075,"date":"2025-09-10T01:13:12","date_gmt":"2025-09-10T01:13:12","guid":{"rendered":"https:\/\/www.europesays.com\/fr\/379075\/"},"modified":"2025-09-10T01:13:12","modified_gmt":"2025-09-10T01:13:12","slug":"dix-hommes-devant-la-cour-dassises-du-rhone-pour-des-braquages-darmureries-en-suisse","status":"publish","type":"post","link":"https:\/\/www.europesays.com\/fr\/379075\/","title":{"rendered":"dix hommes devant la Cour d\u2019assises du Rh\u00f4ne pour des braquages d&rsquo;armureries en Suisse"},"content":{"rendered":"<p>Pour la plupart multir\u00e9cidiviste, les dix individus seront jug\u00e9s \u00e0 Lyon jusqu\u2019au 22 septembre.<\/p>\n<p class=\"fig-paragraph\">Le proc\u00e8s de dix hommes, accus\u00e9s d&rsquo;avoir particip\u00e9 \u00e0 une s\u00e9rie de braquages dans des armureries en\u00a0<a href=\"http:\/\/www.lefigaro.fr\/international\/la-suisse-nid-d-espions-les-agents-secrets-helvetiques-alertent-contre-les-incursions-russes-chinoises-et-islamistes-en-europe-20250905\" data-fig-type=\"Article\" data-gtm-custom-categorie=\"navigation\" data-gtm-custom-action=\"crossclick\" data-gtm-custom-label=\"Contextuel\" data-gtm-event=\"customEventSPE\" data-fig-domain=\"LEFIGARO\" target=\"_blank\" rel=\"noopener\">Suisse<\/a>\u00a0en 2020, a d\u00e9but\u00e9 mardi devant la\u00a0<a href=\"http:\/\/www.lefigaro.fr\/lyon\/l-assassinat-d-un-sulfureux-trafiquant-lyonnais-devant-la-cour-d-assises-du-rhone-20230509\" data-fig-type=\"Article\" data-gtm-custom-categorie=\"navigation\" data-gtm-custom-action=\"crossclick\" data-gtm-custom-label=\"Contextuel\" data-gtm-event=\"customEventSPE\" data-fig-domain=\"LEFIGARO\" target=\"_blank\" rel=\"noopener\">Cour d&rsquo;assises du Rh\u00f4ne<\/a>. \u00abDans nos t\u00eates, c&rsquo;\u00e9tait la mani\u00e8re imm\u00e9diate de faire de l&rsquo;argent, on s&rsquo;est mis en t\u00eate de faire des braquages\u00bb, a reconnu d&#8217;embl\u00e9e l&rsquo;un des accus\u00e9s.<\/p>\n<p class=\"fig-paragraph\">Cinq d&rsquo;entre eux comparaissent d\u00e9tenus, cinq sont libres sous contr\u00f4le judiciaire. Ils sont tous jug\u00e9s pour association de malfaiteurs. Les autres chefs d&rsquo;accusation varient de recel \u00e0 tentative de meurtre selon leur implication dans les \u00e9v\u00e9nements.<\/p>\n<p>                                    <a class=\"fig-a11y-skip a11y-hidden\" href=\"#fig-a11y-skip-main-inarticle\"><br \/>\n        Passer la publicit\u00e9<br \/>\n    <\/a><\/p>\n<p>Un proc\u00e8s qui durera jusqu\u2019au 22 septembre<\/p>\n<p class=\"fig-paragraph\">Il leur est reproch\u00e9 leur participation \u00e0 divers degr\u00e9s \u00e0 des braquages d&rsquo;armureries en Suisse entre septembre 2020 et le 30 octobre 2020. La derni\u00e8re tentative, \u00e0 laquelle ils ne participaient pas tous, avait mal tourn\u00e9, donnant lieu \u00e0 une fusillade qui a fait un bless\u00e9 grave parmi les assaillants.<\/p>\n<p class=\"fig-paragraph\">La premi\u00e8re journ\u00e9e d&rsquo;audience a \u00e9t\u00e9 consacr\u00e9e \u00e0 la pr\u00e9sentation des accus\u00e9s, dont certains ont d\u00e9j\u00e0 un lourd casier judiciaire avec jusqu&rsquo;\u00e0 25 mentions pour vols \u00e0 main arm\u00e9e, recel, usage de faux, enl\u00e8vement, ou encore \u00e9vasion. Plusieurs ont d\u00e9j\u00e0 pass\u00e9 plus de dix ans en prison. \u00abOn a grandi en prison, on a plus les codes de la prison que du monde ext\u00e9rieur\u00bb, a reconnu l&rsquo;un d&rsquo;eux. Le proc\u00e8s doit se tenir jusqu&rsquo;au 22 septembre.<\/p>\n","protected":false},"excerpt":{"rendered":"Pour la plupart multir\u00e9cidiviste, les dix individus seront jug\u00e9s \u00e0 Lyon jusqu\u2019au 22 septembre. Le proc\u00e8s de dix&hellip;\n","protected":false},"author":2,"featured_media":379076,"comment_status":"","ping_status":"","sticky":false,"template":"","format":"standard","meta":{"footnotes":""},"categories":[1889],"tags":[1111,11,2430,6941,20851,1777,674,1011,27,2428,12,25],"class_list":{"0":"post-379075","1":"post","2":"type-post","3":"status-publish","4":"format-standard","5":"has-post-thumbnail","7":"category-lyon","8":"tag-actu","9":"tag-actualites","10":"tag-auvergne-rhone-alpes","11":"tag-braquage","12":"tag-cour-dassises","13":"tag-eu","14":"tag-europe","15":"tag-fr","16":"tag-france","17":"tag-lyon","18":"tag-news","19":"tag-republique-francaise"},"share_on_mastodon":{"url":"https:\/\/pubeurope.com\/@fr\/115177350944657327","error":""},"_links":{"self":[{"href":"https:\/\/www.europesays.com\/fr\/wp-json\/wp\/v2\/posts\/379075","targetHints":{"allow":["GET"]}}],"collection":[{"href":"https:\/\/www.europesays.com\/fr\/wp-json\/wp\/v2\/posts"}],"about":[{"href":"https:\/\/www.europesays.com\/fr\/wp-json\/wp\/v2\/types\/post"}],"author":[{"embeddable":true,"href":"https:\/\/www.europesays.com\/fr\/wp-json\/wp\/v2\/users\/2"}],"replies":[{"embeddable":true,"href":"https:\/\/www.europesays.com\/fr\/wp-json\/wp\/v2\/comments?post=379075"}],"version-history":[{"count":0,"href":"https:\/\/www.europesays.com\/fr\/wp-json\/wp\/v2\/posts\/379075\/revisions"}],"wp:featuredmedia":[{"embeddable":true,"href":"https:\/\/www.europesays.com\/fr\/wp-json\/wp\/v2\/media\/379076"}],"wp:attachment":[{"href":"https:\/\/www.europesays.com\/fr\/wp-json\/wp\/v2\/media?parent=379075"}],"wp:term":[{"taxonomy":"category","embeddable":true,"href":"https:\/\/www.europesays.com\/fr\/wp-json\/wp\/v2\/categories?post=379075"},{"taxonomy":"post_tag","embeddable":true,"href":"https:\/\/www.europesays.com\/fr\/wp-json\/wp\/v2\/tags?post=379075"}],"curies":[{"name":"wp","href":"https:\/\/api.w.org\/{rel}","templated":true}]}}