{"id":379077,"date":"2025-09-10T01:15:27","date_gmt":"2025-09-10T01:15:27","guid":{"rendered":"https:\/\/www.europesays.com\/fr\/379077\/"},"modified":"2025-09-10T01:15:27","modified_gmt":"2025-09-10T01:15:27","slug":"10-septembre-trafic-perturbe-sur-de-nombreuses-lignes-ferroviaires-en-ile-de-france-actualites","status":"publish","type":"post","link":"https:\/\/www.europesays.com\/fr\/379077\/","title":{"rendered":"10 septembre: trafic perturb\u00e9 sur de nombreuses lignes ferroviaires en Ile-de-France : Actualit\u00e9s"},"content":{"rendered":"<p class=\"lead \">Le trafic sera perturb\u00e9 sur de nombreuses lignes ferroviaires en Ile-de-France mercredi, jour du mouvement pour \u00ab\u00a0tout bloquer\u00a0\u00bb, le ministre des Transports promettant un important dispositif de s\u00e9curit\u00e9 \u00e0 Paris \u00e0 la Gare du Nord qui pourrait \u00eatre cibl\u00e9e par des manifestants.<\/p>\n<p class=\"lead \">La SNCF ne pr\u00e9voit aucune circulation sur une partie du RER D, seulement un train sur trois sur les lignes Transilien H, vers le nord-ouest de la r\u00e9gion parisienne, et Transilien R (sud-est) ainsi qu&rsquo;un train sur deux sur le RER B dans sa partie nord, desservant notamment l&rsquo;a\u00e9roport Paris-Charles-de-Gaulle. <\/p>\n<p class=\"lead \">Dans la partie sud du RER B, g\u00e9r\u00e9e par la RATP, deux trains sur trois circuleront, a pr\u00e9cis\u00e9 mardi ce dernier transporteur. <\/p>\n<p class=\"lead \">Le RER A, ligne ferroviaire la plus fr\u00e9quent\u00e9e d&rsquo;Europe, ne sera a priori pas affect\u00e9e par le mouvement, selon la RATP et la SNCF. Cette derni\u00e8re pr\u00e9voit aussi un trafic \u00ab\u00a0normal\u00a0\u00bb sur la ligne V du Transilien (Versailles-Massy) et les deux tramways qu&rsquo;elle exploite, les lignes 12 et 13.<\/p>\n<p class=\"lead \">Le RER C et les lignes K (nord), N (ouest) et U (ouest) du Transilien verront circuler un train sur deux. Cette proportion montera \u00e0 deux trains sur trois sur les lignes J et L (ouest) et le RER E. <\/p>\n<p class=\"lead \">La ligne P, vers l&rsquo;est, sera \u00e9galement touch\u00e9e, mais verra circuler au minimum deux trains sur trois.<\/p>\n<p class=\"lead \">A la RATP, le trafic sera \u00ab\u00a0quasi normal\u00a0\u00bb dans le m\u00e9tro avec \u00ab\u00a0plus de neuf trains sur dix\u00a0\u00bb sur les lignes 5, 8, 9 et 13, les autres n&rsquo;\u00e9tant pas affect\u00e9es. En moyenne, \u00ab\u00a0neuf bus sur dix circuleront sur l\u2019ensemble du r\u00e9seau\u00a0\u00bb, tandis que les tramways fonctionneront \u00e0 100%.<\/p>\n<p class=\"lead \">La SNCF avait d\u00e9j\u00e0 pr\u00e9venu lundi que le trafic ferroviaire serait affect\u00e9 dans l&rsquo;Hexagone par le mouvement social de mercredi, en particulier celui des TER et des Intercit\u00e9s, mais pas le r\u00e9seau \u00e0 grande vitesse.<\/p>\n<p class=\"lead \">\u00ab\u00a0A la RATP, il y a assez peu d&rsquo;annulations puisqu&rsquo;il y a, je crois, 1.400 collaborateurs gr\u00e9vistes sur pr\u00e8s de 46.000\u00a0\u00bb salari\u00e9s, a affirm\u00e9 le ministre d\u00e9missionnaire des Transports, Philippe Tabarot, apr\u00e8s avoir r\u00e9uni mardi apr\u00e8s-midi les principaux acteurs du transport.<\/p>\n<p class=\"lead \">&#8211; \u00ab\u00a0Particuli\u00e8rement vigilants\u00a0\u00bb &#8211;<\/p>\n<p class=\"lead \">M. Tabarot a \u00e9voqu\u00e9, c\u00f4t\u00e9 SNCF en Ile-de-France, \u00ab\u00a0quelques perturbations sur les RER et sur les Transilien, mais qui, majoritairement, vont circuler, environ aux alentours de 60%\u00a0\u00bb.<\/p>\n<p class=\"lead \">Selon le ministre, dans le reste de la France, environ \u00ab\u00a070% des TER\u00a0\u00bb devraient circuler, \u00ab\u00a0avec quelques r\u00e9gions o\u00f9 il n&rsquo;y aurait pratiquement pas de perturbations, et d&rsquo;autres o\u00f9 il y en aurait un petit peu plus\u00a0\u00bb, notamment les Hauts-de-France, l&rsquo;Auvergne-Rh\u00f4ne-Alpes et l&rsquo;Occitanie.<\/p>\n<p class=\"lead \">A la RATP, le syndicat La Base, majoritaire chez les conducteurs de RER, a appel\u00e9 \u00e0 faire gr\u00e8ve mercredi.<\/p>\n<p class=\"lead \">Mais les quatre principaux syndicats de la RATP &#8211; CGT, FO, Unsa Mobilit\u00e9 et CFE-CGC &#8211; ont quant \u00e0 eux appel\u00e9 \u00e0 la gr\u00e8ve le 18 septembre, autre jour de mobilisation.<\/p>\n<p class=\"lead \">C\u00f4t\u00e9 SNCF, la CGT-Cheminots, premier syndicat du groupe, a appel\u00e9 \u00e0 \u00ab\u00a0participer massivement\u00a0\u00bb \u00e0 la gr\u00e8ve de mercredi ainsi qu&rsquo;\u00e0 celle du 18 septembre. <\/p>\n<p class=\"lead \">SUD-Rail, troisi\u00e8me syndicat de cheminots, a \u00e9galement appel\u00e9 \u00e0 faire gr\u00e8ve mercredi, mais ne s&rsquo;est pas joint \u00e0 l&rsquo;appel lanc\u00e9 par les trois autres grands syndicats de la SNCF (CGT, Unsa, CFDT) pour le 18 septembre.<\/p>\n<p class=\"lead \">M. Tabarot a estim\u00e9 que la mobilisation \u00ab\u00a0pourrait \u00eatre plus forte le 18 que le 10\u00a0\u00bb, mais il a pr\u00e9venu que \u00ab\u00a0la radicalit\u00e9 des actions men\u00e9es risque d&rsquo;\u00eatre au rendez-vous\u00a0\u00bb mercredi.<\/p>\n<p class=\"lead \">En particulier, \u00ab\u00a0il semblerait que la Gare du Nord soit cibl\u00e9e par un certain nombre de manifestations\u00a0\u00bb, a-t-il r\u00e9v\u00e9l\u00e9, en promettant un dispositif de s\u00e9curit\u00e9 \u00ab\u00a0tr\u00e8s important sur cette gare comme pratiquement sur l&rsquo;ensemble des plus grandes gares  pays\u00a0\u00bb.<\/p>\n<p class=\"lead \">\u00ab\u00a0On sera particuli\u00e8rement vigilants l\u00e0-dessus, que ce soit sur les voies ferr\u00e9es, que ce soit sur nos routes ou nos autoroutes pour \u00e9viter un certain nombre de blocages\u00a0\u00bb, a promis le ministre.<\/p>\n<p class=\"small font-weight-bold text-gray3 \"> publi\u00e9 le 9 septembre \u00e0 18h02, AFP<\/p>\n<p>                             Partager<\/p>\n","protected":false},"excerpt":{"rendered":"Le trafic sera perturb\u00e9 sur de nombreuses lignes ferroviaires en Ile-de-France mercredi, jour du mouvement pour \u00ab\u00a0tout bloquer\u00a0\u00bb,&hellip;\n","protected":false},"author":2,"featured_media":379078,"comment_status":"","ping_status":"","sticky":false,"template":"","format":"standard","meta":{"footnotes":""},"categories":[1592],"tags":[1111,11,1003,1777,674,590,1011,27,662,2088,12,626,316,6820,25,801,2803,4824],"class_list":{"0":"post-379077","1":"post","2":"type-post","3":"status-publish","4":"format-standard","5":"has-post-thumbnail","7":"category-ile-de-france","8":"tag-actu","9":"tag-actualites","10":"tag-budget","11":"tag-eu","12":"tag-europe","13":"tag-finance","14":"tag-fr","15":"tag-france","16":"tag-ile-de-france","17":"tag-manifestation","18":"tag-news","19":"tag-paris","20":"tag-politique","21":"tag-rail","22":"tag-republique-francaise","23":"tag-social","24":"tag-transport","25":"tag-ville"},"share_on_mastodon":{"url":"https:\/\/pubeurope.com\/@fr\/115177358811325666","error":""},"_links":{"self":[{"href":"https:\/\/www.europesays.com\/fr\/wp-json\/wp\/v2\/posts\/379077","targetHints":{"allow":["GET"]}}],"collection":[{"href":"https:\/\/www.europesays.com\/fr\/wp-json\/wp\/v2\/posts"}],"about":[{"href":"https:\/\/www.europesays.com\/fr\/wp-json\/wp\/v2\/types\/post"}],"author":[{"embeddable":true,"href":"https:\/\/www.europesays.com\/fr\/wp-json\/wp\/v2\/users\/2"}],"replies":[{"embeddable":true,"href":"https:\/\/www.europesays.com\/fr\/wp-json\/wp\/v2\/comments?post=379077"}],"version-history":[{"count":0,"href":"https:\/\/www.europesays.com\/fr\/wp-json\/wp\/v2\/posts\/379077\/revisions"}],"wp:featuredmedia":[{"embeddable":true,"href":"https:\/\/www.europesays.com\/fr\/wp-json\/wp\/v2\/media\/379078"}],"wp:attachment":[{"href":"https:\/\/www.europesays.com\/fr\/wp-json\/wp\/v2\/media?parent=379077"}],"wp:term":[{"taxonomy":"category","embeddable":true,"href":"https:\/\/www.europesays.com\/fr\/wp-json\/wp\/v2\/categories?post=379077"},{"taxonomy":"post_tag","embeddable":true,"href":"https:\/\/www.europesays.com\/fr\/wp-json\/wp\/v2\/tags?post=379077"}],"curies":[{"name":"wp","href":"https:\/\/api.w.org\/{rel}","templated":true}]}}