{"id":379083,"date":"2025-09-10T01:18:12","date_gmt":"2025-09-10T01:18:12","guid":{"rendered":"https:\/\/www.europesays.com\/fr\/379083\/"},"modified":"2025-09-10T01:18:12","modified_gmt":"2025-09-10T01:18:12","slug":"apres-la-polemique-et-le-tsunami-mediatique-barbie-a-enfin-eu-droit-de-cite-a-noisy-le-sec","status":"publish","type":"post","link":"https:\/\/www.europesays.com\/fr\/379083\/","title":{"rendered":"Apr\u00e8s la pol\u00e9mique et le \u00ab\u00a0tsunami m\u00e9diatique\u00a0\u00bb, \u00ab\u00a0Barbie\u00a0\u00bb a enfin eu droit de cit\u00e9 \u00e0 Noisy-le-Sec"},"content":{"rendered":"<p class=\"col subheadline margin_bottom_subheadline widescreen-12 desktop-10\">Le long-m\u00e9trage f\u00e9ministe de Greta Gerwig a \u00e9t\u00e9 diffus\u00e9 ce mardi 9\u00a0septembre dans les locaux d\u2019une \u00e9cole de la ville, apr\u00e8s un d\u00e9bat sur la censure et la culture. L\u2019ambiance, apais\u00e9e, tranche avec les menaces d\u2019un \u00ab\u00a0petit groupe du quartier\u00a0\u00bb qui avait contraint la ville \u00e0 annuler la projection en plein air du film le 8\u00a0ao\u00fbt.<\/p>\n<p>Par <a href=\"https:\/\/www.leparisien.fr\/auteur\/helene-haus\/\" class=\"author_link\" target=\"_blank\" rel=\"noopener\">H\u00e9l\u00e8ne Haus<\/a>\u00a0<\/p>\n<p>Le 9 septembre 2025 \u00e0 21h22<\/p>\n","protected":false},"excerpt":{"rendered":"Le long-m\u00e9trage f\u00e9ministe de Greta Gerwig a \u00e9t\u00e9 diffus\u00e9 ce mardi 9\u00a0septembre dans les locaux d\u2019une \u00e9cole de&hellip;\n","protected":false},"author":2,"featured_media":379084,"comment_status":"","ping_status":"","sticky":false,"template":"","format":"standard","meta":{"footnotes":""},"categories":[1888],"tags":[11,7207,650,1777,674,1011,27,1944,12,51251,626,1062,25,1945],"class_list":{"0":"post-379083","1":"post","2":"type-post","3":"status-publish","4":"format-standard","5":"has-post-thumbnail","7":"category-paris","8":"tag-actualites","9":"tag-barbie","10":"tag-cinema","11":"tag-eu","12":"tag-europe","13":"tag-fr","14":"tag-france","15":"tag-ma-ville","16":"tag-news","17":"tag-olivier-sarrabeyrouse","18":"tag-paris","19":"tag-polemique","20":"tag-republique-francaise","21":"tag-seine-saint-denis"},"share_on_mastodon":{"url":"https:\/\/pubeurope.com\/@fr\/115177370659648767","error":""},"_links":{"self":[{"href":"https:\/\/www.europesays.com\/fr\/wp-json\/wp\/v2\/posts\/379083","targetHints":{"allow":["GET"]}}],"collection":[{"href":"https:\/\/www.europesays.com\/fr\/wp-json\/wp\/v2\/posts"}],"about":[{"href":"https:\/\/www.europesays.com\/fr\/wp-json\/wp\/v2\/types\/post"}],"author":[{"embeddable":true,"href":"https:\/\/www.europesays.com\/fr\/wp-json\/wp\/v2\/users\/2"}],"replies":[{"embeddable":true,"href":"https:\/\/www.europesays.com\/fr\/wp-json\/wp\/v2\/comments?post=379083"}],"version-history":[{"count":0,"href":"https:\/\/www.europesays.com\/fr\/wp-json\/wp\/v2\/posts\/379083\/revisions"}],"wp:featuredmedia":[{"embeddable":true,"href":"https:\/\/www.europesays.com\/fr\/wp-json\/wp\/v2\/media\/379084"}],"wp:attachment":[{"href":"https:\/\/www.europesays.com\/fr\/wp-json\/wp\/v2\/media?parent=379083"}],"wp:term":[{"taxonomy":"category","embeddable":true,"href":"https:\/\/www.europesays.com\/fr\/wp-json\/wp\/v2\/categories?post=379083"},{"taxonomy":"post_tag","embeddable":true,"href":"https:\/\/www.europesays.com\/fr\/wp-json\/wp\/v2\/tags?post=379083"}],"curies":[{"name":"wp","href":"https:\/\/api.w.org\/{rel}","templated":true}]}}