{"id":379085,"date":"2025-09-10T01:19:18","date_gmt":"2025-09-10T01:19:18","guid":{"rendered":"https:\/\/www.europesays.com\/fr\/379085\/"},"modified":"2025-09-10T01:19:18","modified_gmt":"2025-09-10T01:19:18","slug":"paris-info-seniors-prend-un-coup-de-jeune","status":"publish","type":"post","link":"https:\/\/www.europesays.com\/fr\/379085\/","title":{"rendered":"Paris Info Seniors prend un coup de jeune\u00a0!"},"content":{"rendered":"<p>\n  \u00c9dit\u00e9 chaque trimestre, Paris Info Seniors recense l&rsquo;actualit\u00e9 parisienne des seniors en proposant un programme culturel et de loisirs, des dossiers<br \/>\nth\u00e9matiques, ainsi que de multiples informations pratiques \u00e0 destination des a\u00een\u00e9s.\n<\/p>\n<p>\n  Pour f\u00eater son 100e num\u00e9ro, le magazine a fait peau neuve. Nouvelle maquette,<br \/>\nrubriques enrichies, mise en page d\u00e9poussi\u00e9r\u00e9e, impression \u00e9coresponsable\u00a0:<br \/>\nd\u00e9couvrez le dernier num\u00e9ro \u00e0 l\u2019accueil de la Mairie du 10e et de la Maison des solidarit\u00e9s, ou consultez-le en<br \/>\nversion num\u00e9rique via le lien ci-dessous\u00a0!<\/p>\n","protected":false},"excerpt":{"rendered":"\u00c9dit\u00e9 chaque trimestre, Paris Info Seniors recense l&rsquo;actualit\u00e9 parisienne des seniors en proposant un programme culturel et de&hellip;\n","protected":false},"author":2,"featured_media":379086,"comment_status":"","ping_status":"","sticky":false,"template":"","format":"standard","meta":{"footnotes":""},"categories":[1888],"tags":[11,1777,674,1011,27,12,626,25],"class_list":{"0":"post-379085","1":"post","2":"type-post","3":"status-publish","4":"format-standard","5":"has-post-thumbnail","7":"category-paris","8":"tag-actualites","9":"tag-eu","10":"tag-europe","11":"tag-fr","12":"tag-france","13":"tag-news","14":"tag-paris","15":"tag-republique-francaise"},"share_on_mastodon":{"url":"https:\/\/pubeurope.com\/@fr\/115177374549367113","error":""},"_links":{"self":[{"href":"https:\/\/www.europesays.com\/fr\/wp-json\/wp\/v2\/posts\/379085","targetHints":{"allow":["GET"]}}],"collection":[{"href":"https:\/\/www.europesays.com\/fr\/wp-json\/wp\/v2\/posts"}],"about":[{"href":"https:\/\/www.europesays.com\/fr\/wp-json\/wp\/v2\/types\/post"}],"author":[{"embeddable":true,"href":"https:\/\/www.europesays.com\/fr\/wp-json\/wp\/v2\/users\/2"}],"replies":[{"embeddable":true,"href":"https:\/\/www.europesays.com\/fr\/wp-json\/wp\/v2\/comments?post=379085"}],"version-history":[{"count":0,"href":"https:\/\/www.europesays.com\/fr\/wp-json\/wp\/v2\/posts\/379085\/revisions"}],"wp:featuredmedia":[{"embeddable":true,"href":"https:\/\/www.europesays.com\/fr\/wp-json\/wp\/v2\/media\/379086"}],"wp:attachment":[{"href":"https:\/\/www.europesays.com\/fr\/wp-json\/wp\/v2\/media?parent=379085"}],"wp:term":[{"taxonomy":"category","embeddable":true,"href":"https:\/\/www.europesays.com\/fr\/wp-json\/wp\/v2\/categories?post=379085"},{"taxonomy":"post_tag","embeddable":true,"href":"https:\/\/www.europesays.com\/fr\/wp-json\/wp\/v2\/tags?post=379085"}],"curies":[{"name":"wp","href":"https:\/\/api.w.org\/{rel}","templated":true}]}}