{"id":379087,"date":"2025-09-10T01:20:15","date_gmt":"2025-09-10T01:20:15","guid":{"rendered":"https:\/\/www.europesays.com\/fr\/379087\/"},"modified":"2025-09-10T01:20:15","modified_gmt":"2025-09-10T01:20:15","slug":"moscou-ne-reconnait-pas-la-russie-le-mandat-du-lanceur-dalerte-speciale-de-lonu","status":"publish","type":"post","link":"https:\/\/www.europesays.com\/fr\/379087\/","title":{"rendered":"Moscou ne reconna\u00eet pas la Russie le mandat du lanceur d\u2019alerte sp\u00e9ciale de l\u2019ONU"},"content":{"rendered":"<p>ARTA &#8211; Moscou ne reconna\u00eet pas que les activit\u00e9s de la rapporteuse sp\u00e9ciale du Conseil des Droits de l\u2019Homme de l\u2019ONU pour les droits de l\u2019homme en Russie, Mariana Katzarova, sont l\u00e9gitimes et consid\u00e8re toute interaction avec elle comme inacceptable, a d\u00e9clar\u00e9 le minist\u00e8re russe des Affaires \u00e9trang\u00e8res dans son communiqu\u00e9.<\/p>\n<p>el, sur initiative de l&rsquo;UE, le Conseil r\u00e9examinerait le projet de r\u00e9solution \u00ab politique et tr\u00e8s contraste \u00bb appelant \u00e0 une prolongation du mandat de Katzarova d&rsquo;un an.<\/p>\n<p>ronyme : \u00ab La position de la Russie dans ce cas reste impair : Moscou ne reconna\u00eet pas le mandat de cette proc\u00e9dure sp\u00e9ciale ill\u00e9gale et toute forme de coop\u00e9ration avec elle est inacceptable par la F\u00e9d\u00e9ration de Russie \u00bb, a d\u00e9clar\u00e9 le minist\u00e8re, cit\u00e9 par TASS le 9 septembre.<\/p>\n<p>r\u00e9novation du Conseil des Droits de l&rsquo;Homme de l&rsquo;ONU : Le minist\u00e8re russe des Affaires \u00e9trang\u00e8res a not\u00e9 que la 60e session du Conseil des Droits de l&rsquo;Homme de l&rsquo;ONU est en cours \u00e0 Gen\u00e8ve du 8 septembre au 8 octobre.<\/p>\n<p>r\u00e9nal a \u00e9galement soulign\u00e9 que la d\u00e9l\u00e9gation russe, qui a le statut d\u2019observateur lors de la r\u00e9union, pr\u00e9voyait d\u2019utiliser toutes les opportunit\u00e9s disponibles pour r\u00e9duire la confrontation et promouvoir une compr\u00e9hension parmi les partenaires internationaux sur l\u2019importance d\u2019encourager le dialogue sur les droits de l\u2019homme en respectant les caract\u00e9ristiques nationales, culturelles et historiques de chaque pays.<\/p>\n<p>Cit\u00e9 sur le site Web du Haut Commissariat des Droits de l\u2019Homme des Nations Unies ( ohCHR), le mandat du rapporteur sp\u00e9cial pour la situation des droits de l\u2019homme dans la F\u00e9d\u00e9ration de Russie a \u00e9t\u00e9 \u00e9tabli par le Conseil des droits de l\u2019homme lors de sa 51e session en octobre 2022.<\/p>\n<p>r\u00e9nal sur la d\u00e9t\u00e9rioration significative de la situation des droits de l&rsquo;homme en f\u00e9d\u00e9ration de Russie, en particulier les restrictions strictes \u00e0 la libert\u00e9 d&rsquo;expression et d&rsquo;expression, \u00e0 se rassembler et \u00e0 s&rsquo;associer de mani\u00e8re pacifique, en ligne et hors ligne, entra\u00eenant une r\u00e9pression syst\u00e9matique contre les organisations de la soci\u00e9t\u00e9 civile.<\/p>\n<p>anahkatzarova a \u00e9t\u00e9 officiellement nomm\u00e9e le 1er mai 2023. Le 12 octobre 2023, le Conseil des droits de l\u2019homme a d\u00e9cid\u00e9 de renouveler le mandat d\u2019un an (A\/HRC\/RES\/54\/23.<\/p>\n<p>ilien a publi\u00e9 son premier rapport lors de la 54e session du Conseil des Droits de l\u2019Homme du 21 au 22 septembre 2023 \u00e0 Gen\u00e8ve et a prononc\u00e9 un discours lors de la 78e session de l\u2019Assembl\u00e9e g\u00e9n\u00e9rale des Nations Unies le 25 octobre 2023 \u00e0 New York.<\/p>\n<p>The English, Chinese, Japanese, Arabic, and French versions are automatically generated by the AI. So there may still be inaccuracies in translating, please always see Indonesian as our main language.<br \/>\n                                    (system supported by DigitalSiber.id)<\/p>\n","protected":false},"excerpt":{"rendered":"ARTA &#8211; Moscou ne reconna\u00eet pas que les activit\u00e9s de la rapporteuse sp\u00e9ciale du Conseil des Droits de&hellip;\n","protected":false},"author":2,"featured_media":379088,"comment_status":"","ping_status":"","sticky":false,"template":"","format":"standard","meta":{"footnotes":""},"categories":[1591],"tags":[11,1887,14,51253,261,12,51252,2536,1885,1886,132],"class_list":{"0":"post-379087","1":"post","2":"type-post","3":"status-publish","4":"format-standard","5":"has-post-thumbnail","7":"category-russie","8":"tag-actualites","9":"tag-federation-de-russie","10":"tag-international","11":"tag-lanceur-dalerte-speciale-pbb","12":"tag-ministere-des-affaires-etrangeres","13":"tag-news","14":"tag-pbb","15":"tag-russes","16":"tag-russia","17":"tag-russian-federation","18":"tag-russie"},"share_on_mastodon":{"url":"https:\/\/pubeurope.com\/@fr\/115177378552705609","error":""},"_links":{"self":[{"href":"https:\/\/www.europesays.com\/fr\/wp-json\/wp\/v2\/posts\/379087","targetHints":{"allow":["GET"]}}],"collection":[{"href":"https:\/\/www.europesays.com\/fr\/wp-json\/wp\/v2\/posts"}],"about":[{"href":"https:\/\/www.europesays.com\/fr\/wp-json\/wp\/v2\/types\/post"}],"author":[{"embeddable":true,"href":"https:\/\/www.europesays.com\/fr\/wp-json\/wp\/v2\/users\/2"}],"replies":[{"embeddable":true,"href":"https:\/\/www.europesays.com\/fr\/wp-json\/wp\/v2\/comments?post=379087"}],"version-history":[{"count":0,"href":"https:\/\/www.europesays.com\/fr\/wp-json\/wp\/v2\/posts\/379087\/revisions"}],"wp:featuredmedia":[{"embeddable":true,"href":"https:\/\/www.europesays.com\/fr\/wp-json\/wp\/v2\/media\/379088"}],"wp:attachment":[{"href":"https:\/\/www.europesays.com\/fr\/wp-json\/wp\/v2\/media?parent=379087"}],"wp:term":[{"taxonomy":"category","embeddable":true,"href":"https:\/\/www.europesays.com\/fr\/wp-json\/wp\/v2\/categories?post=379087"},{"taxonomy":"post_tag","embeddable":true,"href":"https:\/\/www.europesays.com\/fr\/wp-json\/wp\/v2\/tags?post=379087"}],"curies":[{"name":"wp","href":"https:\/\/api.w.org\/{rel}","templated":true}]}}