{"id":379095,"date":"2025-09-10T01:24:21","date_gmt":"2025-09-10T01:24:21","guid":{"rendered":"https:\/\/www.europesays.com\/fr\/379095\/"},"modified":"2025-09-10T01:24:21","modified_gmt":"2025-09-10T01:24:21","slug":"le-doigt-de-fer-un-sport-insolite-venu-dallemagne","status":"publish","type":"post","link":"https:\/\/www.europesays.com\/fr\/379095\/","title":{"rendered":"le \u00ab\u00a0doigt de fer\u00a0\u00bb, un sport insolite venu d\u2019Allemagne"},"content":{"rendered":"<p>            lire plus tard<\/p>\n<p id=\"dialog__title\" class=\"dialog__title\">Pour sauvegarder cet article, connectez-vous ou cr\u00e9ez un compte franceinfo<\/p>\n<p class=\"dialog__description\">Sans paiement. Sans abonnement.<\/p>\n<p>        Fermer la fen\u00eatre d\u2019activation des notifications France Info<\/p>\n<p>            cr\u00e9er votre compte<\/p>\n<p>            se connecter<\/p>\n<p>        Fermer la fen\u00eatre de pr\u00e9sentation<\/p>\n<p>    Publi\u00e9 le 09\/09\/2025 16:53<\/p>\n<p>        Temps de lecture : 2min &#8211; vid\u00e9o : 2min<\/p>\n<p>    <img decoding=\"async\" class=\"francetv-player-wrapper__image\" alt=\"Curiosit\u00e9 : le &quot;doigt de fer&quot;, un sport insolite venu d\u2019Allemagne\"  width=\"432\" height=\"243\" src=\"https:\/\/www.europesays.com\/fr\/wp-content\/uploads\/2025\/09\/video-2025-09-09t163729-534-68c03e14ae776483493147.jpg\" fetchpriority=\"high\"\/><\/p>\n<p>              Curiosit\u00e9 : le \u00ab\u00a0doigt de fer\u00a0\u00bb, un sport insolite venu d\u2019Allemagne<br \/>\n                    (France 2)<\/p>\n<p>      2min<\/p>\n<p>\n  Le Fingerhakeln, un sport totalement inconnu chez nous et pour le moins surprenant, se pratique essentiellement en Allemagne. Il a \u00e9t\u00e9 invent\u00e9 par des b\u00fbcherons bavarois au XVIIe si\u00e8cle.\n<\/p>\n<p><strong>Ce texte correspond \u00e0 une partie de la retranscription du reportage ci-dessus. Cliquez sur la vid\u00e9o pour la regarder en int\u00e9gralit\u00e9.<\/strong><\/p>\n<p>Ne surtout rien l\u00e2cher. Il faut tenir une sangle dure jusqu&rsquo;au bout \u00e0 la seule force de ses doigts, un peu comme un bras de fer, le but \u00e9tant de faire basculer son adversaire par-dessus la table pour l&#8217;emporter. \u00ab\u00a0C&rsquo;est un sport de comp\u00e9tition. \u00c7a a l&rsquo;air facile comme \u00e7a, mais il faut beaucoup d&rsquo;atouts comme la force et la rapidit\u00e9, et bien s\u00fbr, une tr\u00e8s bonne technique. On n&rsquo;est pas l\u00e0 pour rigoler, c&rsquo;est s\u00e9rieux\u00a0\u00bb, assure Thomas Post du club r\u00e9gional de Fingerhakeln.<\/p>\n<p>Le Fingerhakeln est un sport de force alpin invent\u00e9 par des b\u00fbcherons bavarois au XVIIe si\u00e8cle. Depuis 70 ans, se tiennent de v\u00e9ritables comp\u00e9titions dans le sud de l&rsquo;<a href=\"https:\/\/www.franceinfo.fr\/monde\/europe\/allemagne\/\" target=\"_blank\" rel=\"noopener nofollow\">Allemagne<\/a>, mais aussi en Autriche. Trois cat\u00e9gories s&rsquo;affrontent : poids l\u00e9ger, moyen et lourd.<\/p>\n<p>Aujourd&rsquo;hui, les plus jeunes participants ont 16 ans et doivent chauffer leur peau talqu\u00e9e au s\u00e8che-cheveux avant de rentrer en piste. \u00ab\u00a0Au d\u00e9but, quand tu commences \u00e0 faire les doigts de fer, tu as de la corne aux mains qui se forme. Ensuite, le doigt s&rsquo;\u00e9largit et la peau devient plus r\u00e9sistante. Et apr\u00e8s, \u00e7a va mieux\u00a0\u00bb, indique Stefan Schwaiger, comp\u00e9titeur.<\/p>\n<p>Pour tenir la sangle, tous les doigts sont autoris\u00e9s, sauf le pouce. \u00c9videmment, il y a des ampoules et des coupures. Mais pour les Allemands, l&rsquo;important, c&rsquo;est de perp\u00e9tuer la coutume. \u00ab\u00a0C&rsquo;est mon p\u00e8re qui m&rsquo;a initi\u00e9 \u00e0 ce sport. \u00c0 l&rsquo;\u00e9poque, cela m&rsquo;a fait plaisir. Et depuis, avec mon fr\u00e8re et mes copains, c&rsquo;est devenu une grande passion\u00a0\u00bb, confie Luis K\u00f6gel, comp\u00e9titeur. Dans la salle, les spectateurs, dont certains ne sont pas de Bavi\u00e8re, sont fascin\u00e9s. \u00ab\u00a0Je trouve \u00e7a bizarre, mais tr\u00e8s int\u00e9ressant. C&rsquo;est une belle tradition. \u00c7a ressemble beaucoup \u00e0 l&rsquo;ambiance des f\u00eates foraines du Nord-Ouest\u00a0\u00bb, assure un spectateur.<\/p>\n<p>Seul petit b\u00e9mol, les femmes en Bavi\u00e8re ne sont pas encore autoris\u00e9es \u00e0 participer. Mais ailleurs, dans le pays ou en Autriche, elles peuvent tout \u00e0 fait renverser la table, tout comme les hommes.<\/p>\n","protected":false},"excerpt":{"rendered":"lire plus tard Pour sauvegarder cet article, connectez-vous ou cr\u00e9ez un compte franceinfo Sans paiement. Sans abonnement. Fermer&hellip;\n","protected":false},"author":2,"featured_media":379096,"comment_status":"","ping_status":"","sticky":false,"template":"","format":"standard","meta":{"footnotes":""},"categories":[1587],"tags":[11,672,1804,1805,1803,1777,674,1801,12,1802],"class_list":{"0":"post-379095","1":"post","2":"type-post","3":"status-publish","4":"format-standard","5":"has-post-thumbnail","7":"category-allemagne","8":"tag-actualites","9":"tag-allemagne","10":"tag-bundesrepublik-deutschland","11":"tag-de","12":"tag-deutschland","13":"tag-eu","14":"tag-europe","15":"tag-germany","16":"tag-news","17":"tag-republique-federale-dallemagne"},"share_on_mastodon":{"url":"https:\/\/pubeurope.com\/@fr\/115177394335778939","error":""},"_links":{"self":[{"href":"https:\/\/www.europesays.com\/fr\/wp-json\/wp\/v2\/posts\/379095","targetHints":{"allow":["GET"]}}],"collection":[{"href":"https:\/\/www.europesays.com\/fr\/wp-json\/wp\/v2\/posts"}],"about":[{"href":"https:\/\/www.europesays.com\/fr\/wp-json\/wp\/v2\/types\/post"}],"author":[{"embeddable":true,"href":"https:\/\/www.europesays.com\/fr\/wp-json\/wp\/v2\/users\/2"}],"replies":[{"embeddable":true,"href":"https:\/\/www.europesays.com\/fr\/wp-json\/wp\/v2\/comments?post=379095"}],"version-history":[{"count":0,"href":"https:\/\/www.europesays.com\/fr\/wp-json\/wp\/v2\/posts\/379095\/revisions"}],"wp:featuredmedia":[{"embeddable":true,"href":"https:\/\/www.europesays.com\/fr\/wp-json\/wp\/v2\/media\/379096"}],"wp:attachment":[{"href":"https:\/\/www.europesays.com\/fr\/wp-json\/wp\/v2\/media?parent=379095"}],"wp:term":[{"taxonomy":"category","embeddable":true,"href":"https:\/\/www.europesays.com\/fr\/wp-json\/wp\/v2\/categories?post=379095"},{"taxonomy":"post_tag","embeddable":true,"href":"https:\/\/www.europesays.com\/fr\/wp-json\/wp\/v2\/tags?post=379095"}],"curies":[{"name":"wp","href":"https:\/\/api.w.org\/{rel}","templated":true}]}}