{"id":379104,"date":"2025-09-10T01:29:13","date_gmt":"2025-09-10T01:29:13","guid":{"rendered":"https:\/\/www.europesays.com\/fr\/379104\/"},"modified":"2025-09-10T01:29:13","modified_gmt":"2025-09-10T01:29:13","slug":"france-islande-2-1-didier-deschamps-sagace-des-sifflets-du-public-contre-adrien-rabiot","status":"publish","type":"post","link":"https:\/\/www.europesays.com\/fr\/379104\/","title":{"rendered":"France-Islande (2-1)\u00a0: Didier Deschamps s\u2019agace des sifflets du public contre Adrien Rabiot"},"content":{"rendered":"<p class=\"paragraph text_align_left lp-f-body-02\">Le public du Parc des Princes a d\u00e9cid\u00e9ment la dent dure contre Adrien Rabiot. Six mois apr\u00e8s un clasico durant lequel il avait \u00e9t\u00e9 la cible des supporters du PSG,<a href=\"https:\/\/www.leparisien.fr\/sports\/football\/equipe-de-france\/au-fond-de-lui-il-reste-encore-un-peu-interloque-adrien-rabiot-litalie-pour-oublier-lom-01-09-2025-ZBNZQAV54RF5BFDMMLTY5KT4BI.php\" target=\"_blank\" rel=\"noreferrer nofollow noopener\"> l\u2019ex-Marseillais<\/a> a encore \u00e9t\u00e9<a href=\"https:\/\/www.leparisien.fr\/sports\/football\/equipe-de-france\/france-islande-quelques-sifflets-pour-deschamps-des-huees-pour-rabiot-09-09-2025-QUP7HE3XTZFURK37NTPZXVCUZQ.php\" target=\"_blank\" rel=\"noreferrer nofollow noopener\"> copieusement hu\u00e9 <\/a>ce mardi soir lors de <a href=\"https:\/\/www.leparisien.fr\/sports\/football\/coupe-du-monde\/france-islande-2-1-les-bleus-souffrent-mais-assurent-lessentiel-09-09-2025-4WM3AQE3XVGQXHLKXRZ42LBPV4.php\" target=\"_blank\" rel=\"noreferrer nofollow noopener\">la victoire des Bleus face \u00e0 l\u2019Islande<\/a> (2-1).<\/p>\n<p class=\"paragraph text_align_left lp-f-body-02\">Conspu\u00e9 avant le match, il a \u00e9t\u00e9 siffl\u00e9 \u00e0 chacune de ses interventions une fois qu\u2019il est entr\u00e9 en jeu \u00e0 la 70e minute.<\/p>\n<p class=\"paragraph text_align_left lp-f-body-02\">\u00ab C\u2019est inacceptable, c\u2019est tout, c\u2019est un joueur de l\u2019\u00e9quipe de France, il porte ce maillot (bleu), s\u2019est offusqu\u00e9 Didier Deschamps apr\u00e8s match au micro de TF1. Quand il vient en club, \u00e7a ne me regarde pas mais l\u00e0\u2026. M\u00eame si Adrien est suffisamment solide, \u00e7a n\u2019a pas lieu d\u2019\u00eatre, m\u00eame si c\u2019est une minorit\u00e9\u2026 \u00bb<\/p>\n<p class=\"paragraph text_align_left lp-f-body-02\">Puis Deschamps s\u2019est amus\u00e9 des applaudissements re\u00e7us par le joueur sur un dernier geste d\u00e9fensif de grande classe pour pr\u00e9server la victoire des Bleus. \u00ab Il les a un peu tous retourn\u00e9s gr\u00e2ce \u00e0 son intervention dans les derniers instants. Mais aucun joueur ne devrait avoir \u00e0 subir \u00e7a, il est Fran\u00e7ais comme tous les joueurs. \u00bb<\/p>\n","protected":false},"excerpt":{"rendered":"Le public du Parc des Princes a d\u00e9cid\u00e9ment la dent dure contre Adrien Rabiot. Six mois apr\u00e8s un&hellip;\n","protected":false},"author":2,"featured_media":379105,"comment_status":"","ping_status":"","sticky":false,"template":"","format":"standard","meta":{"footnotes":""},"categories":[4],"tags":[11,451,63,1011,27,12,25,60],"class_list":{"0":"post-379104","1":"post","2":"type-post","3":"status-publish","4":"format-standard","5":"has-post-thumbnail","7":"category-france","8":"tag-actualites","9":"tag-coupe-du-monde","10":"tag-football","11":"tag-fr","12":"tag-france","13":"tag-news","14":"tag-republique-francaise","15":"tag-sports"},"share_on_mastodon":{"url":"https:\/\/pubeurope.com\/@fr\/115177413859835092","error":""},"_links":{"self":[{"href":"https:\/\/www.europesays.com\/fr\/wp-json\/wp\/v2\/posts\/379104","targetHints":{"allow":["GET"]}}],"collection":[{"href":"https:\/\/www.europesays.com\/fr\/wp-json\/wp\/v2\/posts"}],"about":[{"href":"https:\/\/www.europesays.com\/fr\/wp-json\/wp\/v2\/types\/post"}],"author":[{"embeddable":true,"href":"https:\/\/www.europesays.com\/fr\/wp-json\/wp\/v2\/users\/2"}],"replies":[{"embeddable":true,"href":"https:\/\/www.europesays.com\/fr\/wp-json\/wp\/v2\/comments?post=379104"}],"version-history":[{"count":0,"href":"https:\/\/www.europesays.com\/fr\/wp-json\/wp\/v2\/posts\/379104\/revisions"}],"wp:featuredmedia":[{"embeddable":true,"href":"https:\/\/www.europesays.com\/fr\/wp-json\/wp\/v2\/media\/379105"}],"wp:attachment":[{"href":"https:\/\/www.europesays.com\/fr\/wp-json\/wp\/v2\/media?parent=379104"}],"wp:term":[{"taxonomy":"category","embeddable":true,"href":"https:\/\/www.europesays.com\/fr\/wp-json\/wp\/v2\/categories?post=379104"},{"taxonomy":"post_tag","embeddable":true,"href":"https:\/\/www.europesays.com\/fr\/wp-json\/wp\/v2\/tags?post=379104"}],"curies":[{"name":"wp","href":"https:\/\/api.w.org\/{rel}","templated":true}]}}